{"id":538376,"date":"2024-06-16T18:00:43","date_gmt":"2024-06-16T22:00:43","guid":{"rendered":"https:\/\/diariodominicano.com\/?p=538376"},"modified":"2024-06-16T18:00:47","modified_gmt":"2024-06-16T22:00:47","slug":"rinden-homenaje-a-cespedes-el-padre-de-la-patria-cubana-fotos","status":"publish","type":"post","link":"https:\/\/diariodominicano.com\/?p=538376","title":{"rendered":"Rinden homenaje a C\u00e9spedes, el padre de la Patria cubana (+Fotos)"},"content":{"rendered":"\n<p>Santiago de Cuba, 16 jun (Prensa Latina) Con la colocaci\u00f3n de una ofrenda floral al pie del monumento funerario del pr\u00f3cer Carlos Manuel de C\u00e9spedes, una representaci\u00f3n de los santiagueros rindi\u00f3 homenaje hoy en esta ciudad al considerado Padre de la Patria cubana.<\/p>\n\n\n\n<ul class=\"wp-block-list\">\n<li><a href=\"https:\/\/www.prensa-latina.cu\/2024\/06\/16\/\"><time>junio 16, 2024 | 13:30<\/time><\/a><\/li>\n<\/ul>\n\n\n\n<ul class=\"wp-block-list\">\n<li>Fotos: Esquina 500 (Corresponsal\u00eda Canal Cubano de Noticias en Santiago de Cuba)<\/li>\n<\/ul>\n\n\n\n<ul class=\"wp-block-list\">\n<li><a href=\"https:\/\/www.prensa-latina.cu\/2024\/06\/16\/rinden-homenaje-a-cespedes-el-padre-de-la-patria-cubana\/#\"><\/a><\/li>\n\n\n\n<li><a href=\"https:\/\/www.prensa-latina.cu\/2024\/06\/16\/rinden-homenaje-a-cespedes-el-padre-de-la-patria-cubana\/#\"><\/a><\/li>\n\n\n\n<li><a href=\"https:\/\/www.prensa-latina.cu\/2024\/06\/16\/rinden-homenaje-a-cespedes-el-padre-de-la-patria-cubana\/#\"><\/a><\/li>\n\n\n\n<li><a href=\"https:\/\/www.prensa-latina.cu\/2024\/06\/16\/rinden-homenaje-a-cespedes-el-padre-de-la-patria-cubana\/#\"><\/a><\/li>\n<\/ul>\n\n\n\n<p>Tambi\u00e9n se colocaron obsequios florales en la cripta que resguarda los restos del H\u00e9roe Nacional de Cuba, Jos\u00e9 Mart\u00ed, y el monolito que atesora las cenizas del Comandante en Jefe, Fidel Castro, l\u00edder Hist\u00f3rico de la Revoluci\u00f3n cubana.<\/p>\n\n\n\n<figure class=\"wp-block-image\"><img decoding=\"async\" src=\"https:\/\/www.prensa-latina.cu\/wp-content\/uploads\/2024\/06\/Padre-Patria1.jpg\" alt=\"\" class=\"wp-image-991222\"\/><\/figure>\n\n\n\n<p>Hasta el cementerio patrimonial de Santa Ifigenia acudieron Beatriz Jonhson, primera secretaria del Comit\u00e9 Provincial del Partido Comunista de Cuba aqu\u00ed y el Gobernador Manuel Falc\u00f3n, seguidos de decenas de santiagueros, entre estos dirigentes pol\u00edticos, estudiantiles y de organizaciones sociales.<\/p>\n\n\n\n<figure class=\"wp-block-image\"><img decoding=\"async\" src=\"https:\/\/www.prensa-latina.cu\/wp-content\/uploads\/2024\/06\/Padre-Patria2.jpg\" alt=\"\" class=\"wp-image-991221\"\/><\/figure>\n\n\n\n<p>Como es tradici\u00f3n en Santiago de Cuba, el D\u00eda de los Padres se le rinde tributo a los fundadores de la naci\u00f3n, como s\u00edmbolo de admiraci\u00f3n y respeto a quienes pusieron a la Patria a la altura del amor paternal.<\/p>\n\n\n\n<p>jha\/yvg<\/p>\n","protected":false},"excerpt":{"rendered":"<p>Santiago de Cuba, 16 jun (Prensa Latina) Con la colocaci\u00f3n de una ofrenda floral al pie del monumento funerario del pr\u00f3cer Carlos Manuel de C\u00e9spedes, una representaci\u00f3n de los santiagueros rindi\u00f3 homenaje hoy en esta ciudad al considerado Padre de la Patria cubana. Tambi\u00e9n se colocaron obsequios florales en la cripta que resguarda los restos [&hellip;]<\/p>\n","protected":false},"author":2,"featured_media":538377,"comment_status":"closed","ping_status":"closed","sticky":false,"template":"","format":"standard","meta":{"footnotes":""},"categories":[26,23],"tags":[],"class_list":["post-538376","post","type-post","status-publish","format-standard","has-post-thumbnail","hentry","category-efemerides","category-internacional"],"_links":{"self":[{"href":"https:\/\/diariodominicano.com\/index.php?rest_route=\/wp\/v2\/posts\/538376","targetHints":{"allow":["GET"]}}],"collection":[{"href":"https:\/\/diariodominicano.com\/index.php?rest_route=\/wp\/v2\/posts"}],"about":[{"href":"https:\/\/diariodominicano.com\/index.php?rest_route=\/wp\/v2\/types\/post"}],"author":[{"embeddable":true,"href":"https:\/\/diariodominicano.com\/index.php?rest_route=\/wp\/v2\/users\/2"}],"replies":[{"embeddable":true,"href":"https:\/\/diariodominicano.com\/index.php?rest_route=%2Fwp%2Fv2%2Fcomments&post=538376"}],"version-history":[{"count":1,"href":"https:\/\/diariodominicano.com\/index.php?rest_route=\/wp\/v2\/posts\/538376\/revisions"}],"predecessor-version":[{"id":538378,"href":"https:\/\/diariodominicano.com\/index.php?rest_route=\/wp\/v2\/posts\/538376\/revisions\/538378"}],"wp:featuredmedia":[{"embeddable":true,"href":"https:\/\/diariodominicano.com\/index.php?rest_route=\/wp\/v2\/media\/538377"}],"wp:attachment":[{"href":"https:\/\/diariodominicano.com\/index.php?rest_route=%2Fwp%2Fv2%2Fmedia&parent=538376"}],"wp:term":[{"taxonomy":"category","embeddable":true,"href":"https:\/\/diariodominicano.com\/index.php?rest_route=%2Fwp%2Fv2%2Fcategories&post=538376"},{"taxonomy":"post_tag","embeddable":true,"href":"https:\/\/diariodominicano.com\/index.php?rest_route=%2Fwp%2Fv2%2Ftags&post=538376"}],"curies":[{"name":"wp","href":"https:\/\/api.w.org\/{rel}","templated":true}]}}