{"id":53829,"date":"2020-05-16T00:49:52","date_gmt":"2020-05-16T00:49:52","guid":{"rendered":"http:\/\/diariodominicano.ddns.net\/?p=53829"},"modified":"2020-05-16T00:49:52","modified_gmt":"2020-05-16T00:49:52","slug":"segunda-guerra-mundial-75-anos-de-su-fin-i","status":"publish","type":"post","link":"https:\/\/diariodominicano.com\/?p=53829","title":{"rendered":"SEGUNDA GUERRA MUNDIAL: 75 A\u00d1OS DE SU FIN (I)"},"content":{"rendered":"<p><body><\/p>\n<p><img decoding=\"async\" src=\"img3\/churchil0001.jpg\" \/><br \/><img decoding=\"async\" src=\"img3\/Segunda Guerra Mundia 75 Anos De Su Fin I.jpg\" \/><br \/><img decoding=\"async\" src=\"img3\/Segunda Guerra Mundia 75 Anos De Su Fin I 2.jpg\" \/>  <\/p>\n<p><strong>Diariodominicano.com<\/strong><\/p>\n<p><strong>SEGUNDA GUERRA MUNDIAL: 75 A\u00d1OS DE SU FIN (I)<\/strong><\/p>\n<p><strong>POR TE\u00d3FILO LAPPOT ROBLES<\/strong><\/p>\n<\/p>\n<p>El d\u00eda 8 de mayo del a\u00f1o 1945, es decir hace 75 a\u00f1os, se le puso t\u00e9rmino a la Segunda Guerra Mundial, el conflicto b\u00e9lico m\u00e1s sangriento conocido hasta ahora por la humanidad.<\/p>\n<p>En realidad el primer tramo de la rendici\u00f3n alemana se hab\u00eda hecho un d\u00eda antes, en Reims, Francia, ante brit\u00e1nicos y estadounidenses. All\u00ed el general Alfred Jodl firm\u00f3 la capitulaci\u00f3n de \u00abtodas las fuerzas alemanas ante los aliados\u00bb. Luego fue juzgado y ahorcado en Baviera, acusado de cr\u00edmenes contra la humanidad, cr\u00edmenes de guerra y cr\u00edmenes contra la paz. Se rechaz\u00f3 su alegato de que actu\u00f3 bajo el principio de obediencia debida a sus superiores. <\/p>\n<p> Esa entrega no satisfizo a los sovi\u00e9ticos y los derrotados tuvieron que firmar de nuevo, con el Ej\u00e9rcito Rojo en dominio de la ceremonia.<\/p>\n<p>La rendici\u00f3n definitiva alemana fue firmada en la ciudad de Berl\u00edn por el mariscal de campo Wilhelm Keitel, un incondicional de Hitler, a quien por su ciego servilismo en el c\u00edrculo m\u00e1s cercano del F\u00fchrer apodaban \u00abS\u00ed Se\u00f1or\u00bb. Fue juzgado por cr\u00edmenes de guerra en la famosa Sala 600 del Tribunal de N\u00faremberg y ejecutado por ahorcamiento.<\/p>\n<p>Con rostro adusto y la mirada perdida Keitel le entreg\u00f3 el hist\u00f3rico documento al brillante estratega militar Gueorgui Zh\u00fakov, un general sovi\u00e9tico nacido a orillas del r\u00edo Ok\u00e1, a un paso del puerto fluvial de la ciudad de Kaluga, a quien todos los especialistas en temas de la Segunda Guerra Mundial destacan como uno de los oficiales dotados de condiciones excepcionales en los campos de batalla. <\/p>\n<p>El reconocimiento de que Zh\u00fakov era el m\u00e1s sobresaliente de los jefes militares sovi\u00e9ticos  en la Segunda Guerra Mundial qued\u00f3 demostrado cuando montando en un enorme caballo blanco presidi\u00f3 el desfile de la victoria en la Plaza Roja moscovita. Despu\u00e9s, por las intrigas de Lavrenti Beria y otros, pas\u00f3 el \u00faltimo tramo de la etapa de Stalin en franca desgracia. <\/p>\n<p>Para tener una mejor perspectiva de los mencionados personajes, de gran incidencia en ese devastador conflicto armado, me valgo del poeta Pablo Neruda, quien hasta poemas escribi\u00f3 en elogios panfletarios al implacable jefe sovi\u00e9tico.<\/p>\n<p>As\u00ed narra el bardo chileno ganador del Premio Stalin por la Paz y la Amistad entre los Pueblos: \u00ab&#8230;Decididamente, Stalin cultivaba el misterio como sistema; o era un gran t\u00edmido, un hombre prisionero de s\u00ed mismo. Es posible que esta caracter\u00edstica haya contribuido a la influencia preponderante que tuvo Beria sobre \u00e9l. Beria era el \u00fanico que entraba y sal\u00eda sin avisar de las c\u00e1maras de Stalin.\u00bb1<\/p>\n<p>Al morir Stalin, y ascender al poder Nikita Jrushchov, el general Zh\u00fakov fue reivindicado hasta que pas\u00f3 a retiro con 62 a\u00f1os de edad. Tal vez fue el jefe militar m\u00e1s condecorado en la historia moderna.<\/p>\n<\/p>\n<p><strong>Importantes hechos de la Segunda Guerra Mundial<\/strong><\/p>\n<\/p>\n<p>Es importante hacer un recuento hist\u00f3rico, aunque parcial, sobre ese hecho de violencia infinita en el cual perdieron la vida entre 50 y 60 millones de personas y se produjo la casi destrucci\u00f3n de muchos pa\u00edses de Europa y varias ciudades asi\u00e1ticas.<\/p>\n<p>La arquitectura inicial de la Segunda Guerra Mundial fue obra de Alemania. En el 1939 sus fuerzas a\u00e9rea y terrestre llevaron a cabo operaciones r\u00e1pidas, denominadas guerra rel\u00e1mpago. As\u00ed conquist\u00f3 varios pa\u00edses cercanos, a los cuales apabull\u00f3 por su gran superioridad b\u00e9lica.<\/p>\n<p>El primero de septiembre de 1939 los blindados, la potente artiller\u00eda a\u00e9rea y terrestre alemana y su  infanter\u00eda perforaron la soberan\u00eda de Polonia, logrando su rendici\u00f3n 26 d\u00edas despu\u00e9s. <\/p>\n<p>Winston Churchill en su obra Memorias, La Segunda Guerra Mundial aborda con lujos de detalles, entre otras muchas cosas, c\u00f3mo se produjo la invasi\u00f3n alemana a Polonia, centr\u00e1ndose en el tipo de guerra implementada all\u00ed por Hitler y que hasta entonces no figuraba en los manuales de la historia de guerras anteriores. <\/p>\n<p>Lo resumo as\u00ed: Bombardeo de los centros de comunicaciones de poblaciones que discrecionalmente para los alemanes se considerara un objetivo enemigo;  sincronizaci\u00f3n en los ataques y avances de la aviaci\u00f3n y las tropas de infanter\u00eda, el uso simult\u00e1neo de decenas de columnas de carros de combate, que eran los llamados Panzer, y el  despliegue incesante de esp\u00edas, paracaidistas y saboteadores.2 <\/p>\n<p>Es de rigor decir, para estar en consonancia con la verdad hist\u00f3rica, que 16 d\u00edas despu\u00e9s del inicio de la ofensiva hitleriana en Polonia las tropas sovi\u00e9ticas ocuparon la parte oriental de ese pa\u00eds eslavo, al cual en otras ocasiones hab\u00edan atacado, ocupado y anexionado.  <\/p>\n<p>La m\u00e1s reciente, para entonces, penetraci\u00f3n de  los rusos en Polonia hab\u00eda sido el 24 de mayo de 1920, cuando el Primer Ej\u00e9rcito de Caballer\u00eda Ruso, dirigido entre otros por el c\u00e9lebre general Semi\u00f3n Budionni, entabl\u00f3 combate con los polacos, a pesar de que hac\u00eda menos de un a\u00f1o que se le hab\u00eda devuelto la soberan\u00eda a Polonia mediante el Tratado de Versalles, firmado el 28 de junio de 1919, luego de finalizar la Primera Guerra Mundial. <\/p>\n<p>En esa ocasi\u00f3n, despu\u00e9s de 3 meses de dura lucha,  contra todo pron\u00f3stico, vencieron los cuadros militares polacos, dotados de gran reciedumbre moral al momento de los combates, en lo que luego se llam\u00f3 Milagro en el V\u00edstula, que es el nombre de uno de los grandes r\u00edos que cruzan por Polonia hasta desembocar en el mar B\u00e1ltico.<\/p>\n<p>A los dos d\u00edas de comenzar el ataque alem\u00e1n a Polonia Francia y Gran Breta\u00f1a, cuya inteligencia militar ten\u00eda algunos detalles de los objetivos finales de Hitler, le declararon la guerra a Alemania. <\/p>\n<p>En la ocasi\u00f3n los Estados Unidos de Norteam\u00e9rica se mantuvieron  en actitud de espectadores de los acontecimientos en desarrollo. Posteriormente se sabr\u00edan, con la desclasificaci\u00f3n de documentos, los motivos que ten\u00edan Franklin Delano Roosevelt y su equipo de asesores para no lanzar entonces de manera abierta y directa al poderoso imperio de Norteam\u00e9rica a esa guerra casi en ciernes.<\/p>\n<p>El 28 de septiembre de 1939 Alemania y la Uni\u00f3n de Rep\u00fablicas Socialistas Sovi\u00e9ticas decidieron repartirse como un bot\u00edn de guerra el territorio polaco.<\/p>\n<p>Entre septiembre y octubre de 1939 Francia ocupa El Sarre, que entonces era de nuevo un territorio alem\u00e1n. Lo hab\u00eda sido antes tambi\u00e9n. <\/p>\n<p>Poco despu\u00e9s los franceses se retiraron fuera del l\u00edmite fronterizo, manteniendo las tropas nazis el control militar del Sarre hasta que en marzo de 1945 batallones del ej\u00e9rcito estadounidense penetraron all\u00ed como parte de la ofensiva final de las fuerzas aliadas para aniquilar el r\u00e9gimen de Hitler.<\/p>\n<p>Es pertinente decir que en el 1919 el Sarre hab\u00eda sido excluido como parte de Alemania, mediante el Tratado de Versalles. Durante los 15 siguientes a\u00f1os estuvo bajo control franc\u00e9s, aunque la mayor\u00eda de los habitantes eran alemanes. <\/p>\n<p>En 1935 ese territorio volvi\u00f3 a ser parte de Alemania. Lo perdi\u00f3 de nuevo en 1945, por su derrota en la Segunda Guerra Mundial, recuper\u00e1ndolo 12 a\u00f1os despu\u00e9s, el primero de enero de 1957.  <\/p>\n<p>Los jerarcas militares sovi\u00e9ticos bombardearon a conciencia de lo que hac\u00edan un pueblo ruso de nombre Mainila y alegaron que fueron tropas finlandesas. Era una recurrencia de los demonios del pasado para justificar el rompiendo del tratado de no agresi\u00f3n que hab\u00edan firmado con Finlandia. <\/p>\n<p>Inmediatamente despu\u00e9s de esa a\u00f1agaza, el 30 de noviembre de 1939, la Uni\u00f3n Sovi\u00e9tica invadi\u00f3 Finlandia, para lo cual se vali\u00f3 de la t\u00e1ctica conocida en la literatura militar como izar colores falsos, distribuyendo insignias, pertrechos militares y banderines finlandeses en la zona perif\u00e9rica a Mainila. <\/p>\n<p>Varias d\u00e9cadas despu\u00e9s, cuando ya hab\u00eda sido disuelta la Uni\u00f3n Sovi\u00e9tica, el presidente ruso Boris Yeltsin reconoci\u00f3 que aquella ocupaci\u00f3n fue una agresi\u00f3n pura y simple contra el pa\u00eds escandinavo.<\/p>\n<p> Muy atr\u00e1s en la memoria hab\u00eda quedado la historia de la locomotora que Finlandia regal\u00f3 a Lenin, y dem\u00e1s l\u00edderes rusos, para que en el famoso \u00abtren sellado\u00bb partieran el 9 de abril de 1917 desde S\u00farich, en el norte de Suiza,  hasta la entonces Rusia zarista.<\/p>\n<p>Desde el 7 de julio de 1937 China y Jap\u00f3n se encontraban enfrascados en su segunda guerra. Ese d\u00eda Jap\u00f3n invadi\u00f3 el norte y el este de China.<\/p>\n<p> Desde el 19 de septiembre de 1931 la Tierra del Sol Naciente, como tambi\u00e9n se conoce Jap\u00f3n, ten\u00eda bajo su control el noroeste del gigante asi\u00e1tico, territorio que se conoce como Manchurria.<\/p>\n<p>Ese conflicto chino-japon\u00e9s se extendi\u00f3 durante todo el tiempo que dur\u00f3 la Segunda Guerra Mundial, y form\u00f3 parte de la misma, por el apoyo que recibieron ambos pa\u00edses de sus aliados coyunturales. Concluy\u00f3 cuando Jap\u00f3n se rindi\u00f3 a los Aliados. el 9 de septiembre de 1945. <\/p>\n<p>El 18 de junio de 1940 el general Charles de Gaulle, refugiado en Inglaterra, pronunci\u00f3 un vibrante discurso desde los micr\u00f3fonos radiales de la BBC de Londres, dirigido al pueblo franc\u00e9s, y que pas\u00f3 a la historia como El Llamado.<\/p>\n<p>En la ocasi\u00f3n el contestatario y controversial De Gaulle dijo: \u00ab\u00a1Francia ha perdido una batalla, no ha perdido la guerra!&#8230;\u00a1Porque Francia no est\u00e1 sola! \u00a1No est\u00e1 sola! \u00a1No est\u00e1 sola!&#8230;Esta guerra no est\u00e1 limitada al desdichado territorio de nuestro pa\u00eds. Esta guerra no ha quedado decidida por la batalla de Francia. Esta guerra es una guerra mundial&#8230;\u00bb3  <\/p>\n<p>El 24 de junio de 1940 los que ten\u00edan el control de Francia firmaron un armisticio con Alemania e Italia. Varios d\u00edas despu\u00e9s (10 de julio) el mariscal P\u00e9tain se instala con su gobierno t\u00edtere en la ciudad de Vichy.<\/p>\n<p>El 27 de septiembre de 1940 fue clave en la Segunda Guerra Mundial. Ese d\u00eda Alemania, Italia y Jap\u00f3n firmaron un pacto que luego fue conocido como el Eje: (Berl\u00edn, Roma, Tokio). Unieron sus fuerzas militares para unir sus fuerzas militares y unificaron los criterios de sus planes de guerra, frente a los llamados pa\u00edses aliados.<\/p>\n<p>A partir del 10 de noviembre de 1940 la Italia controlada por el fascismo dirigido por Benito Mussolini entr\u00f3 en guerra contra Francia y Gran Breta\u00f1a.<\/p>\n<p> El llamado Duce fue un aliado de Hitler desde el Pacto de Acero, y con mayor involucramiento cuando se integr\u00f3 el referido tr\u00edo denominado el Eje. <\/p>\n<p>En el oto\u00f1o de 1940 Churchill no desaprovechaba oportunidad para calificar a trav\u00e9s de la radio brit\u00e1nica al \u00abhombre maligno\u00bb, como sol\u00eda calificar a Hitler, \u00abese monstruoso aborto lleno de odio y de esp\u00edritu de destrucci\u00f3n\u00bb. Sosten\u00eda que el F\u00fchrer \u00abmediante un proceso de indiscriminadas carnicer\u00edas y arrasamiento\u00bb lo que lograba era \u00abavivar el fuego en los corazones brit\u00e1nicos&#8230;un fuego que seguir\u00e1 ardiendo mucho despu\u00e9s de que ya no quede ni rastro de los incendios que ha provocado en Londres.\u00bb4 <\/p>\n<p>En la cascada de pactos y contra pactos que surgieron en el fragor de la Segunda Guerra Mundial se produjo el 13 de abril de 1941 el que firmaron la Uni\u00f3n Sovi\u00e9tica y Jap\u00f3n a fin de no agredirse mutuamente. En la pr\u00e1ctica ser\u00eda algo natimuerto por los acontecimientos que surgieron poco despu\u00e9s. <\/p>\n<p>El 24 de septiembre de 1941 la resistencia francesa, que ten\u00eda su centro de operaciones en Gran Breta\u00f1a, cre\u00f3 en Londres un comit\u00e9 nacional para luchar por la libertad de Francia. <\/p>\n<p>Las acciones de ese comit\u00e9 fueron de mucha importancia para mantener viva la llama de la esperanza de los franceses que sufr\u00edan los rigores de los invasores alemanes y las iniquidades de las quintas columnas encabezadas por el mariscal P\u00e9tain y el cuerpo de oficiales que  apoyaban a este tr\u00e1gico personaje.<\/p>\n<p>El 7 de diciembre de 1941 los Estados Unidos de Norteam\u00e9rica formalizaron su estado de guerra contra Alemania, Jap\u00f3n e Italia, con motivo del ataque sorpresivo hecho por la Armada Imperial Japonesa a la base militar de aquel pa\u00eds en Pearl Harbor, en la isla Oahu, perteneciente al volc\u00e1nico archipi\u00e9lago de Haw\u00e1i, en el oc\u00e9ano Pac\u00edfico.<\/p>\n<p>El 11 de noviembre de 1942 Alemania invadi\u00f3 la parte de Francia que hasta ese momento no ten\u00eda bajo su control.  Ya antes se hab\u00eda apoderado de la regi\u00f3n de Auvernia-R\u00f3dano-Alpes y zonas aleda\u00f1as (equivalente a  casi una tercera parte del territorio franc\u00e9s) a trav\u00e9s del r\u00e9gimen t\u00edtere del  referido mariscal Henri Philippe P\u00e9tain, instalado en las orillas del r\u00edo Allier a su paso por la ciudad de Vichy. <\/p>\n<p>La subordinaci\u00f3n de P\u00e9tain a las fuerzas del Partido Nacionalsocialista Obrero Alem\u00e1n fue en los hechos, y tambi\u00e9n a trav\u00e9s de un discurso radiof\u00f3nico que pronunci\u00f3  el 30 de octubre de 1940, es decir a los 6 d\u00edas de haberse reunido con Hitler en la ciudad de Montoire, en el departamento Loir y Cher.<\/p>\n<p>Con su comportamiento traidor el controversial mariscal P\u00e9tain ech\u00f3 por la borda las glorias militares que hab\u00eda obtenido, especialmente en la batalla librada en las colinas de Verd\u00fan, en el noreste franc\u00e9s; la m\u00e1s larga y estruendosa de la Primera Guerra Mundial, la cual se extendi\u00f3 durante 9 meses y  27 d\u00edas. Si las matem\u00e1ticas no fallan: Desde el 21 de febrero (bisiesto) de 1916 hasta el 19 de diciembre del mismo a\u00f1o.<\/p>\n<p>Por m\u00e1s que se haya querido dorar la p\u00edldora (se autotitul\u00f3 \u00abjefe moral de Francia\u00bb) con relaci\u00f3n a la actuaci\u00f3n de P\u00e9tain en la Segunda Guerra Mundial, particularmente por su entusiasta colaboraci\u00f3n para el holocausto de jud\u00edos, masones, gitanos y otros grupos en extrema vulneraci\u00f3n en ese terrible conflicto, lo cierto es que su figura qued\u00f3 sepultada por el cieno de la ignominia y est\u00e1 colocado en el zafac\u00f3n de la historia.<\/p>\n<p>Ni siquiera el escritor y periodista estadounidense Herbert R. Lottman, en su biograf\u00eda que trata de ser un paralelo entre santo y demonio, ha librado a P\u00e9tain del fuego cr\u00edtico de la verdad de los hechos.5  <\/p>\n<\/p>\n<p>Desde el 13 de enero de 1943, en el confortable hotel Alfa de la ciudad portuaria de Casablanca, en el Oeste de Marruecos que se frota con el Oc\u00e9ano Atl\u00e1ntico, se reunieron durante 4 d\u00edas el presidente estadounidense Roosevelt y el primer ministro de Gran Breta\u00f1a Churchill. <\/p>\n<p>No llegaron a una idea com\u00fan sobre la manera de continuar la guerra, pues mientras el norteamericano quer\u00eda un desembarco por la costa francesa el brit\u00e1nico quer\u00eda que fuera por Grecia. Eso fue rechazado desde Mosc\u00fa por Stalin. Churchill, para tranquilizar a Stalin propuso luego que se desembarcara por Sicilia, tal y como se hizo 6 meses despu\u00e9s, el 9 de julio de 1943, lo cual dio al traste varios d\u00edas despu\u00e9s con la hegemon\u00eda de Mussolini. <\/p>\n<p>El pol\u00edtico, militar y diplom\u00e1tico Harold Macmillan, quien lleg\u00f3 a ser Primer Ministro del Reino Unido, escribi\u00f3 con picard\u00eda y mucho gracejo sobre la referida conferencia en Casablanca, en el tomo 2 de sus memorias, lo siguiente: \u00abera una mezcla entre un crucero de placer, una escuela de verano y una conferencia.\u00bb6   <\/p>\n<p>El 19 de marzo de 1943 Hungr\u00eda cay\u00f3 ante la invasi\u00f3n alemana. Era otra artera agresi\u00f3n a los peque\u00f1os pa\u00edses de Europa Central.<\/p>\n<p>El 25 de julio de 1943 Mussolini fue destituido por el Gran Consejo Fascista, lo cual permiti\u00f3 al rey V\u00edctor Manuel III designar en su lugar al  piamont\u00e9s mariscal del ej\u00e9rcito Pietro Badoglio, quien con el apoyo de la casa real inici\u00f3 negociaciones con los Aliados, en Lisboa, Portugal. Fue un mazazo para Hitler.7<\/p>\n<p> A finales de noviembre y el 2 de diciembre de 1943 se reunieron en Teher\u00e1n capital de Ir\u00e1n, Roosevelt, Stalin y Churchill. Fue un antecedente de lo que luego ser\u00eda la reuni\u00f3n de Yalta.<\/p>\n<p>Algunos historiadores de la Segunda Guerra Mundial sostienen que en esa reuni\u00f3n qued\u00f3 evidenciado que por los respectivos poderes que representaban cada uno de los llamados tres grandes Churchill era un borriquillo ingl\u00e9s en medio del poderoso oso ruso y del potente b\u00fafalo norteamericano. <\/p>\n<p>El 20 de julio 1944 se produjo un fracasado atentado contra Hitler, cuyo objetivo era eliminarlo y tomar el control del gobierno para negociar el cese de la guerra que ya llevaba 5 a\u00f1os desangrando a una parte considerable del mundo.<\/p>\n<p>Aunque hubo muertos, el F\u00fchrer s\u00f3lo result\u00f3 levemente herido, a pesar de que el malet\u00edn-bomba  colocado por el coronel Claus von Staufferberg explot\u00f3 cerca de \u00e9l. <\/p>\n<p>Fue el m\u00e1s fuerte intento por ponerle t\u00e9rmino a la diab\u00f3lica existencia del hombre que  dio inicio al m\u00e1s grande ba\u00f1o de sangre que haya sufrido el mundo. <\/p>\n<p>Como parte de la cronolog\u00eda de los hechos concernientes a la Segunda Guerra Mundial  es oportuno  indicar  que del 4 al 11 de febrero de 1945 se realiz\u00f3 la importante Conferencia de Yalta, en la pen\u00ednsula de Crimea, a orillas del mar Negro. Sus protagonistas fueron Churchill, Stalin y Roosevelt. Luego explicar\u00e9 sus objetivos y consecuencias.<\/p>\n<p>Ya sintiendo la derrota inminente, con la incontenible ofensiva sovi\u00e9tica, Adolf Hitler se suicid\u00f3 dentro de la sede del gobierno que presid\u00eda. Su \u00faltimo d\u00eda fue el 30 de abril de 1945. Hac\u00eda 10 d\u00edas que hab\u00eda cumplido 56 a\u00f1os de edad.<\/p>\n<p>Del 17 de julio al 2 de agosto de 1945 se efectu\u00f3 la Conferencia de Potsdam, pr\u00f3ximo a Berl\u00edn. Los principales participantes de ese encuentro fueron Stalin, Churchill, Harry S. Truman y Clement Attlee. <\/p>\n<p>El objetivo  de esa cumbre era el reparto de Alemania entre los principales pa\u00edses vencedoras de la guerra y m\u00e1s a\u00fan establecer las coordenadas que guiar\u00edan la etapa de posguerra. <\/p>\n<p>Pero como la contienda todav\u00eda no hab\u00eda concluido por completo, el d\u00eda 8 de agosto de 1945 los sovi\u00e9ticos iniciaron un ataque masivo contra Jap\u00f3n.<\/p>\n<p>El 14 de agosto de 1945 China y la URSS firmaron una alianza, la cual en los hechos no funcion\u00f3 por razones esencialmente ideol\u00f3gicas, lo cual dio motivo a que el primero de febrero de 1952 la Asamblea General de las Naciones Unidas emitiera la Resoluci\u00f3n 505, en la cual se reconoce que la Uni\u00f3n de Rep\u00fablicas Socialistas Sovi\u00e9ticas incumpli\u00f3 lo pactado con China.<\/p>\n<p>Como secuela de su derrota militar Jap\u00f3n, en la voz del emperador Hirohito, se rindi\u00f3 a las Fuerzas Aliadas el 15 de agosto de 1945. El 2 de septiembre de 1945, 18 d\u00edas despu\u00e9s, se produjo la firma de dicha rendici\u00f3n a bordo del acorazado estadounidense  Missouri.<\/p>\n<p>En la segunda parte de esta peque\u00f1a serie abordar\u00e9 la declaraci\u00f3n de guerra que hizo el r\u00e9gimen de fuerza que gobernaba para entonces en la Rep\u00fablica Dominicana y las consecuencias que eso provoc\u00f3.<\/p>\n<p>Bibliograf\u00eda:<\/p>\n<p>1-Confieso que he vivido. Impresora Industria Gr\u00e1fica, Barcelona, Espa\u00f1a, 2000.P344.Pablo Neruda.<\/p>\n<p>2-Memorias, la Segunda Guerra Mundial. Ediciones Orbis, Barcelona, 1985.  Winston Churchill.<\/p>\n<p>3-Discurso, 18 de junio de 1940, Londres, Gran Breta\u00f1a. Charles de Gaulle.<\/p>\n<p>4-Winston Churchill. Biograf\u00eda. Editora Planeta-de Agostini, 1995.P 174.Piers Brendon.<\/p>\n<p>5-P\u00e9tain. Biograf\u00eda. Editora Espasa-Calpe, Madrid, 1998. Herbert. R. Lottman.<\/p>\n<p>6-Memorias, tomo II. Editorial Luis de Caralt, Barcelona, Espa\u00f1a,1974. Harold Macmillan.<\/p>\n<p>7-Italia en la Segunda Guerra Mundial: Memorias y documentos. Editorial Lucknow books,2015. Pietro Badoglio.<\/p>\n<\/p>\n<h6> 2020-05-16 00:49:52 <\/h6>\n<p><!--\n<link rel=\"stylesheet\" href=\"css\/bootstrap.min.css\">\n\n\n<ul class=\"pagination\">\n\t    \n\t\n\n<li >\n\t<a href='?page_no=602'>Previous<\/a>\n\t<\/li>\n\n\n       \n    \n\n<li><a href='?page_no=1'>1<\/a><\/li>\n\n\n\n<li><a href='?page_no=2'>2<\/a><\/li>\n\n\n\n<li><a>...<\/a><\/li>\n\n\n\n<li><a href='?page_no=601'>601<\/a><\/li>\n\n\n\n<li><a href='?page_no=602'>602<\/a><\/li>\n\n\n\n<li class='active'><a>603<\/a><\/li>\n\n\n\n<li><a href='?page_no=604'>604<\/a><\/li>\n\n\n\n<li><a href='?page_no=605'>605<\/a><\/li>\n\n\n\n<li><a>...<\/a><\/li>\n\n\n\n<li><a href='?page_no=22911'>22911<\/a><\/li>\n\n\n\n<li><a href='?page_no=22912'>22912<\/a><\/li>\n\n    \n\t\n\n<li >\n\t<a href='?page_no=604'>Next<\/a>\n\t<\/li>\n\n\n    \n\n<li><a href='?page_no=22912'>Last &rsaquo;&rsaquo;<\/a><\/li>\n\n<\/ul>\n\n\n--><br \/>\n<\/body><\/p>\n","protected":false},"excerpt":{"rendered":"<p>Diariodominicano.com SEGUNDA GUERRA MUNDIAL: 75 A\u00d1OS DE SU FIN (I) POR TE\u00d3FILO LAPPOT ROBLES El d\u00eda 8 de mayo del a\u00f1o 1945, es decir hace 75 a\u00f1os, se le puso t\u00e9rmino a la Segunda Guerra Mundial, el conflicto b\u00e9lico m\u00e1s sangriento conocido hasta ahora por la humanidad. En realidad el primer tramo de la rendici\u00f3n [&hellip;]<\/p>\n","protected":false},"author":3,"featured_media":0,"comment_status":"open","ping_status":"open","sticky":false,"template":"","format":"standard","meta":{"footnotes":""},"categories":[21],"tags":[],"class_list":["post-53829","post","type-post","status-publish","format-standard","hentry","category-cultura"],"_links":{"self":[{"href":"https:\/\/diariodominicano.com\/index.php?rest_route=\/wp\/v2\/posts\/53829","targetHints":{"allow":["GET"]}}],"collection":[{"href":"https:\/\/diariodominicano.com\/index.php?rest_route=\/wp\/v2\/posts"}],"about":[{"href":"https:\/\/diariodominicano.com\/index.php?rest_route=\/wp\/v2\/types\/post"}],"author":[{"embeddable":true,"href":"https:\/\/diariodominicano.com\/index.php?rest_route=\/wp\/v2\/users\/3"}],"replies":[{"embeddable":true,"href":"https:\/\/diariodominicano.com\/index.php?rest_route=%2Fwp%2Fv2%2Fcomments&post=53829"}],"version-history":[{"count":0,"href":"https:\/\/diariodominicano.com\/index.php?rest_route=\/wp\/v2\/posts\/53829\/revisions"}],"wp:attachment":[{"href":"https:\/\/diariodominicano.com\/index.php?rest_route=%2Fwp%2Fv2%2Fmedia&parent=53829"}],"wp:term":[{"taxonomy":"category","embeddable":true,"href":"https:\/\/diariodominicano.com\/index.php?rest_route=%2Fwp%2Fv2%2Fcategories&post=53829"},{"taxonomy":"post_tag","embeddable":true,"href":"https:\/\/diariodominicano.com\/index.php?rest_route=%2Fwp%2Fv2%2Ftags&post=53829"}],"curies":[{"name":"wp","href":"https:\/\/api.w.org\/{rel}","templated":true}]}}