{"id":538259,"date":"2024-06-16T10:20:02","date_gmt":"2024-06-16T14:20:02","guid":{"rendered":"https:\/\/diariodominicano.com\/?p=538259"},"modified":"2024-06-16T10:28:32","modified_gmt":"2024-06-16T14:28:32","slug":"dr-pablo-mateo-realizo-una-semana-de-jornada-junto-al-dr-juan-fulla-a-favor-de-pacientes-masculinos-de-escasos-recursos-economicos","status":"publish","type":"post","link":"https:\/\/diariodominicano.com\/?p=538259","title":{"rendered":"Dr. Pablo Mateo realiz\u00f3 una semana \u00a0de jornada junto al Dr. Juan Fulla a favor de pacientes masculinos de escasos recursos econ\u00f3micos"},"content":{"rendered":"\n<p>Doctores Pablo Gonz\u00e1lez, Yanibel Montero, Joan Imbert, Nicol\u00e1s Rodr\u00edguez, Arlin Rodr\u00edguez, Pablo Mateo, Juan Fulla, Federico Suero, Am\u00edn Rosario y Fausto Hern\u00e1ndez , al finalizar la Jornada M\u00e9dica en Santiago&nbsp;<\/p>\n\n\n\n<p>Fernando Ortiz, Pablo Gonz\u00e1lez, Pablo Mateo, Juan Fulla y C\u00e9sar Lluberes.<\/p>\n\n\n\n<p>Incluy\u00f3 conferencias, jornadas m\u00e9dicas en varias instituciones del pa\u00eds<\/p>\n\n\n\n<p><strong>&nbsp; &nbsp; &nbsp; Rafael Reyes Bison\u00f3<\/strong><\/p>\n\n\n\n<p>Santo Domingo, D.N lunes 10 de junio del 2024 &nbsp;Doctor ur\u00f3logo Pablo Mateo en aras de seguir su responsabilidad social&nbsp; realiz\u00f3 una semana de jornada &nbsp;sin costo econ\u00f3micos a pacientes masculinos&nbsp; de escasos recursos econ\u00f3micos, acompa\u00f1ado de &nbsp;la \u00faltima tecnolog\u00eda de punta&nbsp;<strong>\u201cL\u00e1ser Thulio de Dormier de 100 Watts real pulso\u201d<\/strong><\/p>\n\n\n\n<p>El calendarios de actividades comenzaron &nbsp;con una conferencia de la Uni\u00f3n M\u00e9dica del Norte, en&nbsp; Santiago De Los Caballeros, al d\u00eda siguiente realizar\u00edan con una jornada m\u00e9dica urol\u00f3gica titulada&nbsp;<strong>\u201cEnucleaci\u00f3n&nbsp; de pr\u00f3stata con l\u00e1ser<\/strong>\u201d&nbsp; &nbsp;con el uso de la \u00faltima tecnolog\u00eda de punta L\u00e1serThulio de Dormier de 100 Watts real pulso. Siendo pioneros en esta tecnolog\u00eda en Rep\u00fablica Dominicana.<\/p>\n\n\n\n<p>En Santo Domingo, en el auspicio de la empresa Sued &amp; Fargesa, S.R.L, se realiz\u00f3 una conferencia m\u00e9dica en el sal\u00f3n de actividades de dicha empresa, dirigidas a profesionales de la urolog\u00eda.<\/p>\n\n\n\n<p>Finalizando jornadas cirug\u00edas en&nbsp; el Hospital Docente Dr. Francisco E. Moscoso Puello, Hospital Salvador de Gautier&nbsp; y Centro M\u00e9dico Real.<\/p>\n\n\n\n<p>El Dr. Mateo puntualiz\u00f3 que dichas jornadas y conferencias fueron auspiciadas por las instituciones y empresas: PGM medical y la Sociedad Dominicana de Urolog\u00eda; y al finalizar&nbsp;&nbsp; se\u00f1al\u00f3 que desde sus inicios como profesional prevalece su&nbsp; satisfacci\u00f3n y pasi\u00f3n por seguir avanzando en aras de la clase urol\u00f3gica y de pacientes masculinos de escasos recursos econ\u00f3micos.<\/p>\n\n\n\n<p>Ante la duda visite su Ur\u00f3logo<\/p>\n\n\n\n<p>@urologodrmateo<\/p>\n\n\n\n<p>MedicalNET WhatsApp (849) 456-3692 \/Tel (829) 247-0195<br>.Coordinador Departamento Uro-Oncolog\u00eda Instituto Nacional del C\u00e1ncer (INCART)<br>.Presidente Congreso Confederaci\u00f3n Americana de Urolog\u00eda (CAU) 2018<br>.Presidente Comit\u00e9 de \u00c9tica Sociedad Dominicana de Urolog\u00eda (SDU)<br>.Presidente Fundaci\u00f3n Dominicana de Urolog\u00eda (FUNDOURO)<\/p>\n\n\n\n<p><strong>Rafael Reyes Bison\u00f3<\/strong><\/p>\n\n\n\n<p><strong> E-mail:&nbsp;<a href=\"mailto:rafaelreyesbisono@hotmail.com\" target=\"_blank\" rel=\"noreferrer noopener\">rafaelreyesbisono@hotmail.com<\/a><\/strong><\/p>\n\n\n\n<p><a href=\"http:\/\/www.drpablomateo.com\/\" target=\"_blank\" rel=\"noreferrer noopener\">www.drpablomateo.com<\/a><\/p>\n\n\n\n<p>Fotografia Principal &nbsp;Fernando Ortiz, Pablo Gonz\u00e1lez, Pablo Mateo, Juan Fulla y C\u00e9sar Lluberes<\/p>\n\n\n\n<p>Foto 1 Doctores Pablo Gonz\u00e1lez, Yanibel Montero, Joan Imbert, Nicol\u00e1s Rodr\u00edguez, Arlin Rodr\u00edguez, Pablo Mateo, Juan Fulla, Federico Suero, Am\u00edn Rosario y Fausto Hern\u00e1ndez , al finalizar la Jornada M\u00e9dica en Santiago&nbsp;<\/p>\n\n\n\n<p>&#8230;<\/p>\n","protected":false},"excerpt":{"rendered":"<p>Doctores Pablo Gonz\u00e1lez, Yanibel Montero, Joan Imbert, Nicol\u00e1s Rodr\u00edguez, Arlin Rodr\u00edguez, Pablo Mateo, Juan Fulla, Federico Suero, Am\u00edn Rosario y Fausto Hern\u00e1ndez , al finalizar la Jornada M\u00e9dica en Santiago&nbsp; Fernando Ortiz, Pablo Gonz\u00e1lez, Pablo Mateo, Juan Fulla y C\u00e9sar Lluberes. Incluy\u00f3 conferencias, jornadas m\u00e9dicas en varias instituciones del pa\u00eds &nbsp; &nbsp; &nbsp; Rafael Reyes [&hellip;]<\/p>\n","protected":false},"author":2,"featured_media":538260,"comment_status":"closed","ping_status":"closed","sticky":true,"template":"","format":"standard","meta":{"footnotes":""},"categories":[36,25,27],"tags":[],"class_list":["post-538259","post","type-post","status-publish","format-standard","has-post-thumbnail","hentry","category-hombresmujeresycosas","category-gente","category-portada"],"_links":{"self":[{"href":"https:\/\/diariodominicano.com\/index.php?rest_route=\/wp\/v2\/posts\/538259","targetHints":{"allow":["GET"]}}],"collection":[{"href":"https:\/\/diariodominicano.com\/index.php?rest_route=\/wp\/v2\/posts"}],"about":[{"href":"https:\/\/diariodominicano.com\/index.php?rest_route=\/wp\/v2\/types\/post"}],"author":[{"embeddable":true,"href":"https:\/\/diariodominicano.com\/index.php?rest_route=\/wp\/v2\/users\/2"}],"replies":[{"embeddable":true,"href":"https:\/\/diariodominicano.com\/index.php?rest_route=%2Fwp%2Fv2%2Fcomments&post=538259"}],"version-history":[{"count":3,"href":"https:\/\/diariodominicano.com\/index.php?rest_route=\/wp\/v2\/posts\/538259\/revisions"}],"predecessor-version":[{"id":538266,"href":"https:\/\/diariodominicano.com\/index.php?rest_route=\/wp\/v2\/posts\/538259\/revisions\/538266"}],"wp:featuredmedia":[{"embeddable":true,"href":"https:\/\/diariodominicano.com\/index.php?rest_route=\/wp\/v2\/media\/538260"}],"wp:attachment":[{"href":"https:\/\/diariodominicano.com\/index.php?rest_route=%2Fwp%2Fv2%2Fmedia&parent=538259"}],"wp:term":[{"taxonomy":"category","embeddable":true,"href":"https:\/\/diariodominicano.com\/index.php?rest_route=%2Fwp%2Fv2%2Fcategories&post=538259"},{"taxonomy":"post_tag","embeddable":true,"href":"https:\/\/diariodominicano.com\/index.php?rest_route=%2Fwp%2Fv2%2Ftags&post=538259"}],"curies":[{"name":"wp","href":"https:\/\/api.w.org\/{rel}","templated":true}]}}