{"id":53818,"date":"2020-05-16T02:25:34","date_gmt":"2020-05-16T02:25:34","guid":{"rendered":"http:\/\/diariodominicano.ddns.net\/?p=53818"},"modified":"2020-05-16T02:25:34","modified_gmt":"2020-05-16T02:25:34","slug":"trujillo-ganador-de-las-elecciones-del-16-de-mayo-de-1930","status":"publish","type":"post","link":"https:\/\/diariodominicano.com\/?p=53818","title":{"rendered":"Trujillo ganador de \u00ablas elecciones\u00bb del 16 de Mayo de 1930"},"content":{"rendered":"<p><body><\/p>\n<p><img decoding=\"async\" src=\"img3\/Tujillo1502.jpg\" \/>  <\/p>\n<p><strong>Diariodominicano.com<\/strong><\/p>\n<p><strong> Trujillo ganador de \u00ablas elecciones\u00bb del 16 de Mayo de 1930<\/strong><\/p>\n<\/p>\n<p><strong>SANTO DOMINGO, RD,  16 de Mayo de 1930<\/strong>, en un proceso electoral viciado, el general retirado Rafael Le\u00f3nidas Trujillo Molina, \u00abfue electo Presidente de la Rep\u00fablica\u00bb.  Durante el mes de Abril y los primeros d\u00edas de Mayo de 1930, miembros del Ej\u00e9rcito Nacional  participaron en actos de represi\u00f3n contra los adversarios de  su ex Jefe.<\/p>\n<\/p>\n<p>   Ante la situaci\u00f3n de represi\u00f3n,  La Alianza Nacional Progresista, que llevaba como candidato a la Presidencia  a Federico Vel\u00e1squez y a vicepresidente, al l\u00edder horacista  Angel  Morales, se retir\u00f3 del proceso electoral, pues los militares no les permit\u00edan realizar actividades proselitistas.<\/p>\n<\/p>\n<p>    Por la  situaci\u00f3n de violencia desatada en las \u00faltimas semanas de la campa\u00f1a electoral de 1930, los miembros de la Junta Central Electoral renunciaron a sus funciones el 7 de Mayo de 1930 y fueron sustituidos por personas que simpatizaban con la candidatura de Trujillo.<\/p>\n<\/p>\n<p>   La Alianza Nacional Progresista hab\u00eda formalizado  su retiro del proceso electoral el d\u00eda anterior,  el 15 de Mayo de 1930, por considerar que en  Rep\u00fablica Dominicana no hab\u00eda garant\u00edas para ejercer el voto libremente.<\/p>\n<\/p>\n<p>   El 16 de Mayo de 1930 se celebraron las elecciones con la sola participaci\u00f3n del binomio Rafael Le\u00f3nidas Trujillo Molina-Rafael Estrella Ure\u00f1a, candidatos  de una coalici\u00f3n  denominada  Confederaci\u00f3n de Partidos, formada por  los Partidos  Republicano, Liberal, Coalici\u00f3n Patri\u00f3tica de Ciudadanos, Obrero Independiente,  Nacionalista, y Uni\u00f3n Nacional.<\/p>\n<\/p>\n<p>Trujillo hab\u00eda aceptado la candidatura presidencial en un \u00abManifiesto\u00bb  que dirigi\u00f3 al pa\u00eds el 24 de abril, en el cual expres\u00f3: \u00abNo hay peligro en seguirme, porque en ning\u00fan momento la investidura con que pueda favorecerme el resultado de los comicios  de Mayo, servir\u00e1 para tiranizar la voluntad popular a la cual sirvo en este momento y a la que servir\u00e9  lealmente en el porvenir\u00bb.<\/p>\n<\/p>\n<p>Fueron declarados ganadores de los comicios el 24 de Mayo de 1930. El historiador Julio Genaro Campillo P\u00e9rez, en su obra  \u00abEl Grillo Y El Ruise\u00f1or\u00bb:  Historia  Electoral  Dominicana 1848-1986, afirma que  en los c\u00f3mputos \u00abama\u00f1ados\u00bb  que se dieron a conocer finalmente, de 412 mil 931 sufragantes inscritos ,  225 mil 796 \u00abvotaron\u00bb  y 187 mil 135 se abstuvieron; la candidatura Trujillo-Estrella  logr\u00f3 223 mil 926 votos a su favor  y mil 870 en contra. <\/p>\n<\/p>\n<p>Campillo P\u00e9rez destaca  que \u00abCon esta \u00abespl\u00e9ndida evoluci\u00f3n\u00bb el pa\u00eds retornaba por la fuerza, a los  viejos tiempos de las votaciones unilaterales, etapa que la mayor\u00eda del pueblo cre\u00eda haber superado con las elecciones libres efectuadas en 1914 y 1924&#8243;.<\/p>\n<p><strong>     La abstenci\u00f3n  fue de un 45.32  por ciento de los inscritos.<\/strong><\/p>\n<\/p>\n<p>    En el pa\u00eds se produjeron m\u00faltiples protestas y la Alianza Nacional Progresista calific\u00f3 de fraudulento el proceso, pero la Junta Central Electoral declar\u00f3 ganadores a Trujillo y a Rafael Estrella Ure\u00f1a, en virtud de una resoluci\u00f3n dada a conocer el  24 de Mayo de 1930.<\/p>\n<\/p>\n<p>    Trujillo y el licenciado Rafael Estrella Ure\u00f1a eran aliados desde que se unieron en una conspiraci\u00f3n que termin\u00f3 con el derrocamiento del Presidente Horacio V\u00e1squez, quien los consideraba como hombres de confianza.<\/p>\n<\/p>\n<p>  El 23 de Febrero de 1930, Rafael Estrella Ure\u00f1a y sus partidarios, secundados por Desiderio Arias  y El\u00edas Brache, antiguos dirigentes del jimenismo, dieron inicio al plan para acabar con el Gobierno de Horacio V\u00e1squez.<\/p>\n<\/p>\n<p>   El general Jos\u00e9 Estrella, t\u00edo de Rafael Estrella Ure\u00f1a, atac\u00f3 la Fortaleza San Luis, en Santiago,  y las tropas no hicieron resistencia y de inmediato cientos de hombres armados con rifles que suministr\u00f3 de manera subrepticia  el general Trujillo, marcharon a la Capital.<\/p>\n<\/p>\n<p>   Entraron a la ciudad de Santo Domingo  a los tres d\u00edas. En esa circunstancia  el Presidente Horacio V\u00e1squez busc\u00f3 asilo en la Legaci\u00f3n  de Estados Unidos. <\/p>\n<\/p>\n<p>Cuando el golpe estaba consumado  fue que V\u00e1squez   se convenci\u00f3 de que hab\u00eda sido traicionado por Trujillo, a quien hab\u00eda ascendido a general de brigada  y designado Jefe del Ej\u00e9rcito Nacional.<\/p>\n<\/p>\n<p>    Rafael Estrella Ure\u00f1a tambi\u00e9n hab\u00eda sido uno de los  secretarios de Estado de mayor confianza del  Presidente Horacio V\u00e1squez, pero se separ\u00f3 de su Gobierno cuando en 1929, el  Presidente de la Rep\u00fablica apoy\u00f3 un movimiento que propugnaba  por su reelecci\u00f3n.<\/p>\n<h6> 2020-05-16 02:25:34 <\/h6>\n<p><!--\n<link rel=\"stylesheet\" href=\"css\/bootstrap.min.css\">\n\n\n<ul class=\"pagination\">\n\t    \n\t\n\n<li >\n\t<a href='?page_no=601'>Previous<\/a>\n\t<\/li>\n\n\n       \n    \n\n<li><a href='?page_no=1'>1<\/a><\/li>\n\n\n\n<li><a href='?page_no=2'>2<\/a><\/li>\n\n\n\n<li><a>...<\/a><\/li>\n\n\n\n<li><a href='?page_no=600'>600<\/a><\/li>\n\n\n\n<li><a href='?page_no=601'>601<\/a><\/li>\n\n\n\n<li class='active'><a>602<\/a><\/li>\n\n\n\n<li><a href='?page_no=603'>603<\/a><\/li>\n\n\n\n<li><a href='?page_no=604'>604<\/a><\/li>\n\n\n\n<li><a>...<\/a><\/li>\n\n\n\n<li><a href='?page_no=22911'>22911<\/a><\/li>\n\n\n\n<li><a href='?page_no=22912'>22912<\/a><\/li>\n\n    \n\t\n\n<li >\n\t<a href='?page_no=603'>Next<\/a>\n\t<\/li>\n\n\n    \n\n<li><a href='?page_no=22912'>Last &rsaquo;&rsaquo;<\/a><\/li>\n\n<\/ul>\n\n\n--><br \/>\n<\/body><\/p>\n","protected":false},"excerpt":{"rendered":"<p>Diariodominicano.com Trujillo ganador de \u00ablas elecciones\u00bb del 16 de Mayo de 1930 SANTO DOMINGO, RD, 16 de Mayo de 1930, en un proceso electoral viciado, el general retirado Rafael Le\u00f3nidas Trujillo Molina, \u00abfue electo Presidente de la Rep\u00fablica\u00bb. Durante el mes de Abril y los primeros d\u00edas de Mayo de 1930, miembros del Ej\u00e9rcito Nacional [&hellip;]<\/p>\n","protected":false},"author":3,"featured_media":0,"comment_status":"open","ping_status":"open","sticky":false,"template":"","format":"standard","meta":{"footnotes":""},"categories":[21],"tags":[],"class_list":["post-53818","post","type-post","status-publish","format-standard","hentry","category-cultura"],"_links":{"self":[{"href":"https:\/\/diariodominicano.com\/index.php?rest_route=\/wp\/v2\/posts\/53818","targetHints":{"allow":["GET"]}}],"collection":[{"href":"https:\/\/diariodominicano.com\/index.php?rest_route=\/wp\/v2\/posts"}],"about":[{"href":"https:\/\/diariodominicano.com\/index.php?rest_route=\/wp\/v2\/types\/post"}],"author":[{"embeddable":true,"href":"https:\/\/diariodominicano.com\/index.php?rest_route=\/wp\/v2\/users\/3"}],"replies":[{"embeddable":true,"href":"https:\/\/diariodominicano.com\/index.php?rest_route=%2Fwp%2Fv2%2Fcomments&post=53818"}],"version-history":[{"count":0,"href":"https:\/\/diariodominicano.com\/index.php?rest_route=\/wp\/v2\/posts\/53818\/revisions"}],"wp:attachment":[{"href":"https:\/\/diariodominicano.com\/index.php?rest_route=%2Fwp%2Fv2%2Fmedia&parent=53818"}],"wp:term":[{"taxonomy":"category","embeddable":true,"href":"https:\/\/diariodominicano.com\/index.php?rest_route=%2Fwp%2Fv2%2Fcategories&post=53818"},{"taxonomy":"post_tag","embeddable":true,"href":"https:\/\/diariodominicano.com\/index.php?rest_route=%2Fwp%2Fv2%2Ftags&post=53818"}],"curies":[{"name":"wp","href":"https:\/\/api.w.org\/{rel}","templated":true}]}}