{"id":53807,"date":"2020-05-17T00:38:17","date_gmt":"2020-05-17T00:38:17","guid":{"rendered":"http:\/\/diariodominicano.ddns.net\/?p=53807"},"modified":"2020-05-17T00:38:17","modified_gmt":"2020-05-17T00:38:17","slug":"la-policia-nacional-es-convertida-en-ejercito-nacional","status":"publish","type":"post","link":"https:\/\/diariodominicano.com\/?p=53807","title":{"rendered":"La Polic\u00eda Nacional es convertida en Ej\u00e9rcito Nacional"},"content":{"rendered":"<p><body><\/p>\n<p><img decoding=\"async\" src=\"img3\/Trujillo0614.jpg\" \/>  <\/p>\n<p><strong>Diariodominicano.com<\/strong><\/p>\n<p><strong>Al promulgar la ley, el Presidente Horacio V\u00e1squez nombr\u00f3 jefe del Ej\u00e9rcito Nacional, al general Rafael Le\u00f3nidas Trujillo Molina, que era el oficial superior que disfrutaba de su mayor confianza.<\/strong><\/p>\n<p><strong> <\/strong><\/p>\n<p><strong>La Polic\u00eda Nacional es convertida en Ej\u00e9rcito Nacional<\/strong><\/p>\n<p><strong>Por H\u00e9ctor Tineo Nolasco<\/strong><\/p>\n<p><strong>Diariodominicano.com<\/strong><\/p>\n<\/p>\n<p><strong>SANTO DOMINGO, el  17 de Mayo de 1928,<\/strong> el Congreso Nacional convirti\u00f3 en ley el proyecto de Ley  del Poder Ejecutivo, en virtud del cual la Polic\u00eda Nacional fue convertida en Ej\u00e9rcito Nacional.<\/p>\n<p>   Al promulgar la ley, el Presidente Horacio V\u00e1squez nombr\u00f3 jefe del Ej\u00e9rcito Nacional, al general Rafael  Le\u00f3nidas Trujillo Molina, que era el oficial superior  que disfrutaba de su mayor confianza.<\/p>\n<p>   No obstante,  menos de dos a\u00f1os  despu\u00e9s,  en  1930, Trujillo particip\u00f3 en la conspiraci\u00f3n que culmin\u00f3 con el derrocamiento del Presidente Horacio V\u00e1squez, el 23 de febrero de 1930.  Ese d\u00eda se conoci\u00f3  el movimiento conspirativo que derroc\u00f3 al  Presidente V\u00e1squez, lo que permitir\u00eda tomar el poder al Jefe del Ej\u00e9rcito Nacional, general  Trujillo Molina.<\/p>\n<\/p>\n<p><strong>La conspiraci\u00f3n<\/strong><\/p>\n<\/p>\n<p>     \tEl manifiesto del 23 de febrero fue redactado por el doctor Joaqu\u00edn Balaguer, quien formaba parte del plan conspirativo contra el Presidente Horacio V\u00e1squez.<\/p>\n<\/p>\n<p>       En su obra  \u00abMemorias de un Cortesano de la Era de Trujillo\u00bb, Balaguer  afirma que \u00e9l fue el redactor del Manifiesto del Movimiento del 23 de febrero de 1930,  que puso fin al Gobierno de Horacio V\u00e1squez, con lo que comenz\u00f3 el proyecto para el general Rafael Le\u00f3nidas Trujillo, tomara el poder, lo que ocurrir\u00eda el 16 de agosto de 1930.<\/p>\n<\/p>\n<p>    \tLa principal cara visible de los conspiradores fue el licenciado Rafael Estrella Ure\u00f1a, quien hab\u00eda sido uno de los ministros influyentes  en el Gobierno de Horacio V\u00e1squez, pero rompi\u00f3 con su l\u00edder cuando decidi\u00f3 repostularse.<\/p>\n<\/p>\n<p>    \tRafael Estrella Ure\u00f1a, fue usado por el general Trujillo. Cuando estall\u00f3 el golpe, la Legaci\u00f3n de Estados Unidos advirti\u00f3 que no tolerar\u00eda que tomara el poder el Jefe del Ej\u00e9rcito Nacional, pero luego no puso obst\u00e1culos.<\/p>\n<\/p>\n<p>   \tAl ser derrocado el presidente V\u00e1squez, asumi\u00f3 la Presidencia Provisional el licenciado Rafael Estrella Ure\u00f1a, quien luego lleg\u00f3 a un acuerdo con Trujillo para apoyarlo como candidato presidencial con el binomio Trujillo-Estrella Ure\u00f1a. <\/p>\n<\/p>\n<p>    \tDurante su Gobierno Provisional,  Estrella Ure\u00f1a no logr\u00f3 desarrollar liderazgo, ya que estaba en manos del general Trujillo, quien luego pas\u00f3 a \u00abretiro\u00bb y se present\u00f3 como candidato presidencial.<\/p>\n<\/p>\n<p>    \tEn una campa\u00f1a electoral caracterizada por la represi\u00f3n en contra de los adversarios de Trujillo, de la Alianza Nacional-Progresista, que llevaba como candidato a la Presidencia al licenciado Federico Vel\u00e1squez y a vicepresidente al licenciado Angel Morales, el candidato oficialista logr\u00f3 imponerse.<\/p>\n<\/p>\n<p>    \tEl Ej\u00e9rcito Nacional reprimi\u00f3 a los opositores y el 15 de mayo de 1930 fueron retiradas las candidaturas de Vel\u00e1squez y Morales, lo que dej\u00f3 el camino a Trujillo libre de obst\u00e1culos para ser declarado ganador de las elecciones celebradas el d\u00eda siguiente, el 16 de mayo de 1930.<\/p>\n<\/p>\n<p>    \tA pesar de la represi\u00f3n, la Junta Central Electoral declar\u00f3 el 24 de mayo de 1930, al binomio Trujillo-Estrella Ure\u00f1a ganador de las elecciones.<\/p>\n<\/p>\n<p>    \tTrujillo y Estrella Ure\u00f1a tomaron posesi\u00f3n el 16 de agosto de 1930, pero rompieron al poco tiempo y comenz\u00f3 en el pa\u00eds un r\u00e9gimen dictatorial que se prolong\u00f3 hasta el 30 de mayo de 1961, cuando Trujillo fue asesinado.<\/p>\n<\/p>\n<h6> 2020-05-17 00:38:17 <\/h6>\n<p><!--\n<link rel=\"stylesheet\" href=\"css\/bootstrap.min.css\">\n\n\n<ul class=\"pagination\">\n\t    \n\t\n\n<li >\n\t<a href='?page_no=600'>Previous<\/a>\n\t<\/li>\n\n\n       \n    \n\n<li><a href='?page_no=1'>1<\/a><\/li>\n\n\n\n<li><a href='?page_no=2'>2<\/a><\/li>\n\n\n\n<li><a>...<\/a><\/li>\n\n\n\n<li><a href='?page_no=599'>599<\/a><\/li>\n\n\n\n<li><a href='?page_no=600'>600<\/a><\/li>\n\n\n\n<li class='active'><a>601<\/a><\/li>\n\n\n\n<li><a href='?page_no=602'>602<\/a><\/li>\n\n\n\n<li><a href='?page_no=603'>603<\/a><\/li>\n\n\n\n<li><a>...<\/a><\/li>\n\n\n\n<li><a href='?page_no=22911'>22911<\/a><\/li>\n\n\n\n<li><a href='?page_no=22912'>22912<\/a><\/li>\n\n    \n\t\n\n<li >\n\t<a href='?page_no=602'>Next<\/a>\n\t<\/li>\n\n\n    \n\n<li><a href='?page_no=22912'>Last &rsaquo;&rsaquo;<\/a><\/li>\n\n<\/ul>\n\n\n--><br \/>\n<\/body><\/p>\n","protected":false},"excerpt":{"rendered":"<p>Diariodominicano.com Al promulgar la ley, el Presidente Horacio V\u00e1squez nombr\u00f3 jefe del Ej\u00e9rcito Nacional, al general Rafael Le\u00f3nidas Trujillo Molina, que era el oficial superior que disfrutaba de su mayor confianza. La Polic\u00eda Nacional es convertida en Ej\u00e9rcito Nacional Por H\u00e9ctor Tineo Nolasco Diariodominicano.com SANTO DOMINGO, el 17 de Mayo de 1928, el Congreso Nacional [&hellip;]<\/p>\n","protected":false},"author":3,"featured_media":0,"comment_status":"open","ping_status":"open","sticky":false,"template":"","format":"standard","meta":{"footnotes":""},"categories":[21],"tags":[],"class_list":["post-53807","post","type-post","status-publish","format-standard","hentry","category-cultura"],"_links":{"self":[{"href":"https:\/\/diariodominicano.com\/index.php?rest_route=\/wp\/v2\/posts\/53807","targetHints":{"allow":["GET"]}}],"collection":[{"href":"https:\/\/diariodominicano.com\/index.php?rest_route=\/wp\/v2\/posts"}],"about":[{"href":"https:\/\/diariodominicano.com\/index.php?rest_route=\/wp\/v2\/types\/post"}],"author":[{"embeddable":true,"href":"https:\/\/diariodominicano.com\/index.php?rest_route=\/wp\/v2\/users\/3"}],"replies":[{"embeddable":true,"href":"https:\/\/diariodominicano.com\/index.php?rest_route=%2Fwp%2Fv2%2Fcomments&post=53807"}],"version-history":[{"count":0,"href":"https:\/\/diariodominicano.com\/index.php?rest_route=\/wp\/v2\/posts\/53807\/revisions"}],"wp:attachment":[{"href":"https:\/\/diariodominicano.com\/index.php?rest_route=%2Fwp%2Fv2%2Fmedia&parent=53807"}],"wp:term":[{"taxonomy":"category","embeddable":true,"href":"https:\/\/diariodominicano.com\/index.php?rest_route=%2Fwp%2Fv2%2Fcategories&post=53807"},{"taxonomy":"post_tag","embeddable":true,"href":"https:\/\/diariodominicano.com\/index.php?rest_route=%2Fwp%2Fv2%2Ftags&post=53807"}],"curies":[{"name":"wp","href":"https:\/\/api.w.org\/{rel}","templated":true}]}}