{"id":53796,"date":"2020-05-17T01:03:20","date_gmt":"2020-05-17T01:03:20","guid":{"rendered":"http:\/\/diariodominicano.ddns.net\/?p=53796"},"modified":"2020-05-17T01:03:20","modified_gmt":"2020-05-17T01:03:20","slug":"el-presidente-jimenes-decreta-estado-de-sitio","status":"publish","type":"post","link":"https:\/\/diariodominicano.com\/?p=53796","title":{"rendered":"El Presidente Jimenes decreta estado de sitio"},"content":{"rendered":"<p><body><\/p>\n<p><strong>Diariodominicano.com<\/strong><\/p>\n<p><strong>El Presidente Jimenes decreta estado de sitio<\/strong><\/p>\n<p>La crisis que dio origen al decreto que declar\u00f3 el estado de sitio se inici\u00f3  cuando el Presidente Manuel Jimenes,  destituy\u00f3 al general Santana del mando del Ej\u00e9rcito, y el oficial se declar\u00f3 en rebeld\u00eda  al recibir el apoyo del Congreso Nacional.<\/p>\n<p><strong>Por HTN<\/strong><\/p>\n<p><strong>Diariodominicano.com<\/strong><\/p>\n<p><strong>SANTO DOMINGO,  e<\/strong>l   17 de Mayo del a\u00f1o 1849, el Presidente Manuel Jimenes,  declar\u00f3 un estado de sitio en Rep\u00fablica Dominicana. En ese  momento el mandatario enfrentaba  una insubordinaci\u00f3n  del general  Pedro Santana.<\/p>\n<p>    La crisis que dio origen al decreto que declar\u00f3 el estado de sitio se inici\u00f3  cuando el Presidente Manuel Jimenes,  destituy\u00f3 al general Santana del mando del Ej\u00e9rcito, y el oficial se declar\u00f3 en rebeld\u00eda  al recibir el apoyo del Congreso Nacional.<\/p>\n<p>   \tIncluso, el Congreso apoy\u00f3 que el general Pedro Santana siguiera su marcha desde el Sur hasta Santo Domingo para derrocar al Gobierno de Jimenes.<\/p>\n<p>   \tUn informe de la \u00e9poca indica que  el 17 de Mayo de 1849, la ciudad de Santo Domingo fue declarada en estado de sitio. Los bandos que lideraban  el Presidente Manuel Jimenes, y el General Pedro Santana se fueron a una guerra civil que tuvo como consecuencia el incendio del poblado de San Carlos.<\/p>\n<p>    La guerra civil  acab\u00f3 con el Gobierno del Presidente Manuel Jimenes, quien luego renunci\u00f3 a su posici\u00f3n de Jefe de Estado.<\/p>\n<p>Una versi\u00f3n de la \u00e9poca  indica que el descr\u00e9dito pol\u00edtico oblig\u00f3 al Presidente de la Rep\u00fablica a  aceptar la mediaci\u00f3n  propuesta por los c\u00f3nsules de Francia, Inglaterra y Estados Unidos. En esa circunstancia Manuel Jimenes, asumi\u00f3 el compromiso de dejar el poder el 29 de Mayo de 1849.<\/p>\n<p>    El renunciante Presidente Manuel Jimenes se fue al exilio. Y el general  Pedro Santana entr\u00f3 con sus tropas a la ciudad de Santo Domingo, el 30 de Mayo de 1849, y de inmediato tom\u00f3 el control del Poder Ejecutivo.<\/p>\n<p>    El General Pedro Santana proclam\u00f3 que tomaba el Gobierno por mandato de los pueblos y el Ej\u00e9rcito.<\/p>\n<p>   De inmediato desat\u00f3 en el pa\u00eds una persecuci\u00f3n contra sus adversarios y los que eran detenidos procedi\u00f3 a desterrarlos.<\/p>\n<\/p>\n<h6> 2020-05-17 01:03:20 <\/h6>\n<p><!--\n<link rel=\"stylesheet\" href=\"css\/bootstrap.min.css\">\n\n\n<ul class=\"pagination\">\n\t    \n\t\n\n<li >\n\t<a href='?page_no=599'>Previous<\/a>\n\t<\/li>\n\n\n       \n    \n\n<li><a href='?page_no=1'>1<\/a><\/li>\n\n\n\n<li><a href='?page_no=2'>2<\/a><\/li>\n\n\n\n<li><a>...<\/a><\/li>\n\n\n\n<li><a href='?page_no=598'>598<\/a><\/li>\n\n\n\n<li><a href='?page_no=599'>599<\/a><\/li>\n\n\n\n<li class='active'><a>600<\/a><\/li>\n\n\n\n<li><a href='?page_no=601'>601<\/a><\/li>\n\n\n\n<li><a href='?page_no=602'>602<\/a><\/li>\n\n\n\n<li><a>...<\/a><\/li>\n\n\n\n<li><a href='?page_no=22911'>22911<\/a><\/li>\n\n\n\n<li><a href='?page_no=22912'>22912<\/a><\/li>\n\n    \n\t\n\n<li >\n\t<a href='?page_no=601'>Next<\/a>\n\t<\/li>\n\n\n    \n\n<li><a href='?page_no=22912'>Last &rsaquo;&rsaquo;<\/a><\/li>\n\n<\/ul>\n\n\n--><br \/>\n<\/body><\/p>\n","protected":false},"excerpt":{"rendered":"<p>Diariodominicano.com El Presidente Jimenes decreta estado de sitio La crisis que dio origen al decreto que declar\u00f3 el estado de sitio se inici\u00f3 cuando el Presidente Manuel Jimenes, destituy\u00f3 al general Santana del mando del Ej\u00e9rcito, y el oficial se declar\u00f3 en rebeld\u00eda al recibir el apoyo del Congreso Nacional. Por HTN Diariodominicano.com SANTO DOMINGO, [&hellip;]<\/p>\n","protected":false},"author":3,"featured_media":0,"comment_status":"open","ping_status":"open","sticky":false,"template":"","format":"standard","meta":{"footnotes":""},"categories":[21],"tags":[],"class_list":["post-53796","post","type-post","status-publish","format-standard","hentry","category-cultura"],"_links":{"self":[{"href":"https:\/\/diariodominicano.com\/index.php?rest_route=\/wp\/v2\/posts\/53796","targetHints":{"allow":["GET"]}}],"collection":[{"href":"https:\/\/diariodominicano.com\/index.php?rest_route=\/wp\/v2\/posts"}],"about":[{"href":"https:\/\/diariodominicano.com\/index.php?rest_route=\/wp\/v2\/types\/post"}],"author":[{"embeddable":true,"href":"https:\/\/diariodominicano.com\/index.php?rest_route=\/wp\/v2\/users\/3"}],"replies":[{"embeddable":true,"href":"https:\/\/diariodominicano.com\/index.php?rest_route=%2Fwp%2Fv2%2Fcomments&post=53796"}],"version-history":[{"count":0,"href":"https:\/\/diariodominicano.com\/index.php?rest_route=\/wp\/v2\/posts\/53796\/revisions"}],"wp:attachment":[{"href":"https:\/\/diariodominicano.com\/index.php?rest_route=%2Fwp%2Fv2%2Fmedia&parent=53796"}],"wp:term":[{"taxonomy":"category","embeddable":true,"href":"https:\/\/diariodominicano.com\/index.php?rest_route=%2Fwp%2Fv2%2Fcategories&post=53796"},{"taxonomy":"post_tag","embeddable":true,"href":"https:\/\/diariodominicano.com\/index.php?rest_route=%2Fwp%2Fv2%2Ftags&post=53796"}],"curies":[{"name":"wp","href":"https:\/\/api.w.org\/{rel}","templated":true}]}}