{"id":53795,"date":"2020-11-13T07:53:54","date_gmt":"2020-11-13T07:53:54","guid":{"rendered":"http:\/\/diariodominicano.ddns.net\/?p=53795"},"modified":"2020-11-13T07:53:54","modified_gmt":"2020-11-13T07:53:54","slug":"francia-declara-santo-domingo-en-estado-de-emergencia","status":"publish","type":"post","link":"https:\/\/diariodominicano.com\/?p=53795","title":{"rendered":"Francia declara Santo Domingo en estado de emergencia"},"content":{"rendered":"<p><body><\/p>\n<p><strong>Diariodominicano.com<\/strong><\/p>\n<p> Dubarquier hab\u00eda sustituido al general Eugenio Ferrand, quien se suicid\u00f3 tras perder  la batalla  de  Palo Hincado en combate con las fuerzas del brigadier Juan S\u00e1nchez Ram\u00edrez.<\/p>\n<p><strong>Francia declara Santo Domingo en estado de emergencia<\/strong><\/p>\n<p><strong>SANTO DOMINGO, el  12 de noviembre de 1808,<\/strong> el comandante franc\u00e9s general Dubarquier  declar\u00f3 a la ciudad de Santo Domingo en estado de emergencia.<\/p>\n<\/p>\n<p>      Dubarquier hab\u00eda sustituido al general Eugenio Ferrand, quien se suicid\u00f3 tras perder  la batalla  de  Palo Hincado en combate con las fuerzas del brigadier Juan S\u00e1nchez Ram\u00edrez.<\/p>\n<\/p>\n<p>     En el momento que el comandante franc\u00e9s declar\u00f3 a la ciudad de Santo Domingo en estado de emergencia, el brigadier Juan S\u00e1nchez Ram\u00edrez avanzaba con sus tropas con el objetivo de tomar la plaza.<\/p>\n<\/p>\n<p>     En la Batalla de Palo Hincado las tropas comandadas por el general Juan S\u00e1nchez Ram\u00edrez aniquilaron a las fuerzas militares del General franc\u00e9s Eugenio Ferrand.<\/p>\n<\/p>\n<p>      Juan S\u00e1nchez Ram\u00edrez comandaba un ej\u00e9rcito de dos mil hombres, incluidos 300 hombres que fueron enviados a Santo Domingo, por la Gobernaci\u00f3n Espa\u00f1ola de Puerto Rico. Desembarcaron en los primeros d\u00edas por Boca de Yuma, en Hig\u00fcey.<\/p>\n<\/p>\n<p>     De inmediato se unieron a las tropas que Juan S\u00e1nchez Ram\u00edrez hab\u00eda reunido en El Seibo, para marchar a la ciudad de Santo Domingo para enfrentar a los franceses.<\/p>\n<\/p>\n<p>     Asimismo, se hab\u00edan producido enfrentamientos de los franceses en la regi\u00f3n sur, pero la batalla que permiti\u00f3 la reconquista del territorio espa\u00f1ol de la parte oriental de la Isla de Santo Domingo, fue la batalla de Palo Hincado, el 7 de noviembre de 1808.<\/p>\n<\/p>\n<p>    Se le da el nombre de  Batalla de Palo Hincado, porque los combates se desarrollaron en la Sabana de Palo Hincado.<\/p>\n<h6> 2020-11-13 07:53:54 <\/h6>\n<p><!--\n<link rel=\"stylesheet\" href=\"css\/bootstrap.min.css\">\n\n\n<ul class=\"pagination\">\n\t    \n\t\n\n<li >\n\t<a href='?page_no=59'>Previous<\/a>\n\t<\/li>\n\n\n       \n    \n\n<li><a href='?page_no=1'>1<\/a><\/li>\n\n\n\n<li><a href='?page_no=2'>2<\/a><\/li>\n\n\n\n<li><a>...<\/a><\/li>\n\n\n\n<li><a href='?page_no=58'>58<\/a><\/li>\n\n\n\n<li><a href='?page_no=59'>59<\/a><\/li>\n\n\n\n<li class='active'><a>60<\/a><\/li>\n\n\n\n<li><a href='?page_no=61'>61<\/a><\/li>\n\n\n\n<li><a href='?page_no=62'>62<\/a><\/li>\n\n\n\n<li><a>...<\/a><\/li>\n\n\n\n<li><a href='?page_no=22911'>22911<\/a><\/li>\n\n\n\n<li><a href='?page_no=22912'>22912<\/a><\/li>\n\n    \n\t\n\n<li >\n\t<a href='?page_no=61'>Next<\/a>\n\t<\/li>\n\n\n    \n\n<li><a href='?page_no=22912'>Last &rsaquo;&rsaquo;<\/a><\/li>\n\n<\/ul>\n\n\n--><br \/>\n<\/body><\/p>\n","protected":false},"excerpt":{"rendered":"<p>Diariodominicano.com Dubarquier hab\u00eda sustituido al general Eugenio Ferrand, quien se suicid\u00f3 tras perder la batalla de Palo Hincado en combate con las fuerzas del brigadier Juan S\u00e1nchez Ram\u00edrez. Francia declara Santo Domingo en estado de emergencia SANTO DOMINGO, el 12 de noviembre de 1808, el comandante franc\u00e9s general Dubarquier declar\u00f3 a la ciudad de Santo [&hellip;]<\/p>\n","protected":false},"author":3,"featured_media":0,"comment_status":"open","ping_status":"open","sticky":false,"template":"","format":"standard","meta":{"footnotes":""},"categories":[21],"tags":[],"class_list":["post-53795","post","type-post","status-publish","format-standard","hentry","category-cultura"],"_links":{"self":[{"href":"https:\/\/diariodominicano.com\/index.php?rest_route=\/wp\/v2\/posts\/53795","targetHints":{"allow":["GET"]}}],"collection":[{"href":"https:\/\/diariodominicano.com\/index.php?rest_route=\/wp\/v2\/posts"}],"about":[{"href":"https:\/\/diariodominicano.com\/index.php?rest_route=\/wp\/v2\/types\/post"}],"author":[{"embeddable":true,"href":"https:\/\/diariodominicano.com\/index.php?rest_route=\/wp\/v2\/users\/3"}],"replies":[{"embeddable":true,"href":"https:\/\/diariodominicano.com\/index.php?rest_route=%2Fwp%2Fv2%2Fcomments&post=53795"}],"version-history":[{"count":0,"href":"https:\/\/diariodominicano.com\/index.php?rest_route=\/wp\/v2\/posts\/53795\/revisions"}],"wp:attachment":[{"href":"https:\/\/diariodominicano.com\/index.php?rest_route=%2Fwp%2Fv2%2Fmedia&parent=53795"}],"wp:term":[{"taxonomy":"category","embeddable":true,"href":"https:\/\/diariodominicano.com\/index.php?rest_route=%2Fwp%2Fv2%2Fcategories&post=53795"},{"taxonomy":"post_tag","embeddable":true,"href":"https:\/\/diariodominicano.com\/index.php?rest_route=%2Fwp%2Fv2%2Ftags&post=53795"}],"curies":[{"name":"wp","href":"https:\/\/api.w.org\/{rel}","templated":true}]}}