{"id":53794,"date":"2020-11-27T23:43:27","date_gmt":"2020-11-27T23:43:27","guid":{"rendered":"http:\/\/diariodominicano.ddns.net\/?p=53794"},"modified":"2020-11-27T23:43:27","modified_gmt":"2020-11-27T23:43:27","slug":"el-dia-que-murio-francisco-gregorio-billini","status":"publish","type":"post","link":"https:\/\/diariodominicano.com\/?p=53794","title":{"rendered":"El d\u00eda que muri\u00f3 Francisco Gregorio Billini"},"content":{"rendered":"<p><body><\/p>\n<p><img decoding=\"async\" src=\"img3\/Francisco Gregorio Billini.jpg\" \/>  <\/p>\n<p><strong>Diariodominicano.com<\/strong><\/p>\n<p><strong>Se destac\u00f3 como educador, pol\u00edtico y escritor. Su principal aporte bibliogr\u00e1fico  es la obra Engracia y Anto\u00f1ita (Ban\u00ed), la primera narraci\u00f3n costumbrista de la Rep\u00fablica Dominicana.<\/strong><\/p>\n<p><strong>H\u00e9ctor Tineo Nolasco<\/strong><\/p>\n<p><strong>Diariodominicano.com<\/strong><\/p>\n<\/p>\n<p><strong>El d\u00eda que muri\u00f3 Francisco Gregorio Billini<\/strong><\/p>\n<p><strong>SANTO DOMINGO, el  28 de noviembre de 1898,<\/strong> falleci\u00f3 en la ciudad Santo Domingo, el ex Presidente de la Rep\u00fablica, Francisco Gregorio Billini. Hab\u00eda nacido en Santo Domingo el 25 de Mayo de 1844.<\/p>\n<p> Se destac\u00f3 como educador, pol\u00edtico y escritor. Su principal aporte bibliogr\u00e1fico  es la obra Engracia y Anto\u00f1ita (Ban\u00ed), la primera narraci\u00f3n costumbrista de la Rep\u00fablica Dominicana.<\/p>\n<p>   Su entorno es el paisaje de Ban\u00ed.<\/p>\n<p>    De joven Francisco Gregorio Billini, se distingui\u00f3  como exponente del pensamiento liberal.<\/p>\n<p>     El 1 de  septiembre de 1884, Francisco Gregorio Billini, fue juramentado  como presidente de la Rep\u00fablica, tras ser declarado ganador de unas elecciones que el pr\u00f3cer Gregorio Luper\u00f3n calific\u00f3 de fraudulentas.<\/p>\n<p>     Billini  lleg\u00f3 al poder con su compa\u00f1ero de boleta Alejandro Woss y G\u00edl. Los dos contaron en el proceso con del  general Ulises  (Lil\u00eds) Heureaux.<\/p>\n<p>   El pr\u00f3cer Gregorio Luper\u00f3n, al tratar el tema, sostuvo  que las elecciones de 1884, fueron ganadas por el binomio Segundo Imbert-Casimiro de Moya, pero Lil\u00eds Heureaux, que conoc\u00eda como se hac\u00edan los fraudes, \u00abviol\u00f3 groseramente la ley, metiendo 15 mil votos en las urnas, y el Congreso poco avisado, proclam\u00f3 la candidatura  de Billini y Woss G\u00edl\u00bb.<\/p>\n<p>    A Francisco Gregorio Billini le toc\u00f3 un per\u00edodo de Gobierno  con m\u00faltiples dificultades, ya que los miembros del Partido Azul, considerados m\u00e1s liberales, le hicieron la vida dif\u00edcil, porque persegu\u00edan evitar que siguiera creciendo el poder pol\u00edtico y militar del general Ulises (Lil\u00eds) Heureaux.<\/p>\n<p>   El  general Gregorio Luper\u00f3n, l\u00edder del Partido Azul, amenaz\u00f3 al Presidente Billini  con llevar a cabo  una revoluci\u00f3n para derrocarlo. <\/p>\n<p>   Ulises Heureaux, quer\u00eda dirigir el Gobierno desde su Ministerio de Guerra y Marina. Ante esa situaci\u00f3n,  el Presidente Francisco Gregorio Billini renunci\u00f3 a la jefatura del Estado y entreg\u00f3 el Gobierno al Vicepresidente Alejandro Woss y G\u00edl, el 16 de Mayo de 1885.<\/p>\n<p>     Cuando se produjo la muerte del ex Presidente y escritor, Francisco Gregorio Billini, el 28 de noviembre de 1898, se encontraba en el poder el Presidente Ulises Heureaux, quien dispuso que fuera despedido con los honores de un ex jefe del Estado.<\/p>\n<\/p>\n<h6> 2020-11-27 23:43:27 <\/h6>\n<p><!--\n<link rel=\"stylesheet\" href=\"css\/bootstrap.min.css\">\n\n\n<ul class=\"pagination\">\n\t    \n\t\n\n<li >\n\t<a href='?page_no=5'>Previous<\/a>\n\t<\/li>\n\n\n       \n    \n\n<li><a href='?page_no=1'>1<\/a><\/li>\n\n\n\n<li><a href='?page_no=2'>2<\/a><\/li>\n\n\n\n<li><a>...<\/a><\/li>\n\n\n\n<li><a href='?page_no=4'>4<\/a><\/li>\n\n\n\n<li><a href='?page_no=5'>5<\/a><\/li>\n\n\n\n<li class='active'><a>6<\/a><\/li>\n\n\n\n<li><a href='?page_no=7'>7<\/a><\/li>\n\n\n\n<li><a href='?page_no=8'>8<\/a><\/li>\n\n\n\n<li><a>...<\/a><\/li>\n\n\n\n<li><a href='?page_no=22911'>22911<\/a><\/li>\n\n\n\n<li><a href='?page_no=22912'>22912<\/a><\/li>\n\n    \n\t\n\n<li >\n\t<a href='?page_no=7'>Next<\/a>\n\t<\/li>\n\n\n    \n\n<li><a href='?page_no=22912'>Last &rsaquo;&rsaquo;<\/a><\/li>\n\n<\/ul>\n\n\n--><br \/>\n<\/body><\/p>\n","protected":false},"excerpt":{"rendered":"<p>Diariodominicano.com Se destac\u00f3 como educador, pol\u00edtico y escritor. Su principal aporte bibliogr\u00e1fico es la obra Engracia y Anto\u00f1ita (Ban\u00ed), la primera narraci\u00f3n costumbrista de la Rep\u00fablica Dominicana. H\u00e9ctor Tineo Nolasco Diariodominicano.com El d\u00eda que muri\u00f3 Francisco Gregorio Billini SANTO DOMINGO, el 28 de noviembre de 1898, falleci\u00f3 en la ciudad Santo Domingo, el ex Presidente [&hellip;]<\/p>\n","protected":false},"author":3,"featured_media":0,"comment_status":"open","ping_status":"open","sticky":false,"template":"","format":"standard","meta":{"footnotes":""},"categories":[21],"tags":[],"class_list":["post-53794","post","type-post","status-publish","format-standard","hentry","category-cultura"],"_links":{"self":[{"href":"https:\/\/diariodominicano.com\/index.php?rest_route=\/wp\/v2\/posts\/53794","targetHints":{"allow":["GET"]}}],"collection":[{"href":"https:\/\/diariodominicano.com\/index.php?rest_route=\/wp\/v2\/posts"}],"about":[{"href":"https:\/\/diariodominicano.com\/index.php?rest_route=\/wp\/v2\/types\/post"}],"author":[{"embeddable":true,"href":"https:\/\/diariodominicano.com\/index.php?rest_route=\/wp\/v2\/users\/3"}],"replies":[{"embeddable":true,"href":"https:\/\/diariodominicano.com\/index.php?rest_route=%2Fwp%2Fv2%2Fcomments&post=53794"}],"version-history":[{"count":0,"href":"https:\/\/diariodominicano.com\/index.php?rest_route=\/wp\/v2\/posts\/53794\/revisions"}],"wp:attachment":[{"href":"https:\/\/diariodominicano.com\/index.php?rest_route=%2Fwp%2Fv2%2Fmedia&parent=53794"}],"wp:term":[{"taxonomy":"category","embeddable":true,"href":"https:\/\/diariodominicano.com\/index.php?rest_route=%2Fwp%2Fv2%2Fcategories&post=53794"},{"taxonomy":"post_tag","embeddable":true,"href":"https:\/\/diariodominicano.com\/index.php?rest_route=%2Fwp%2Fv2%2Ftags&post=53794"}],"curies":[{"name":"wp","href":"https:\/\/api.w.org\/{rel}","templated":true}]}}