{"id":537854,"date":"2024-06-14T15:28:10","date_gmt":"2024-06-14T19:28:10","guid":{"rendered":"https:\/\/diariodominicano.com\/?p=537854"},"modified":"2024-06-14T16:09:43","modified_gmt":"2024-06-14T20:09:43","slug":"durante-un-emotivo-acto-ponen-en-circulacion-el-libro-antonio-imbert-barrera-su-vida-y-epoca-de-la-autoria-de-jose-baez-guerrero","status":"publish","type":"post","link":"https:\/\/diariodominicano.com\/?p=537854","title":{"rendered":"Durante un emotivo acto ponen en circulaci\u00f3n el libro \u201cAntonio Imbert Barrera, su vida y \u00e9poca\u201d, de la autor\u00eda de Jos\u00e9 B\u00e1ez Guerrero"},"content":{"rendered":"\n<p>Milton Ray Guerava, Frank Moya Pons, Giralda Busto Vda. Imbert, Frank Rainieri y Huchi Lora.<\/p>\n\n\n\n<figure class=\"wp-block-image size-large\"><img loading=\"lazy\" decoding=\"async\" width=\"1024\" height=\"682\" src=\"https:\/\/diariodominicano.com\/wp-content\/uploads\/2024\/06\/2384-Principal-II-Familia-Imbert--1024x682.jpg\" alt=\"\" class=\"wp-image-537857\" srcset=\"https:\/\/diariodominicano.com\/wp-content\/uploads\/2024\/06\/2384-Principal-II-Familia-Imbert--1024x682.jpg 1024w, https:\/\/diariodominicano.com\/wp-content\/uploads\/2024\/06\/2384-Principal-II-Familia-Imbert--300x200.jpg 300w, https:\/\/diariodominicano.com\/wp-content\/uploads\/2024\/06\/2384-Principal-II-Familia-Imbert--768x512.jpg 768w, https:\/\/diariodominicano.com\/wp-content\/uploads\/2024\/06\/2384-Principal-II-Familia-Imbert--1536x1024.jpg 1536w, https:\/\/diariodominicano.com\/wp-content\/uploads\/2024\/06\/2384-Principal-II-Familia-Imbert--2048x1365.jpg 2048w, https:\/\/diariodominicano.com\/wp-content\/uploads\/2024\/06\/2384-Principal-II-Familia-Imbert--816x544.jpg 816w\" sizes=\"auto, (max-width: 1024px) 100vw, 1024px\" \/><\/figure>\n\n\n\n<p><strong>Familia Imbert\u00a0<\/strong><\/p>\n\n\n\n<figure class=\"wp-block-image size-large\"><img loading=\"lazy\" decoding=\"async\" width=\"683\" height=\"1024\" src=\"https:\/\/diariodominicano.com\/wp-content\/uploads\/2024\/06\/DSC_2024-683x1024.jpg\" alt=\"\" class=\"wp-image-537885\" srcset=\"https:\/\/diariodominicano.com\/wp-content\/uploads\/2024\/06\/DSC_2024-683x1024.jpg 683w, https:\/\/diariodominicano.com\/wp-content\/uploads\/2024\/06\/DSC_2024-200x300.jpg 200w, https:\/\/diariodominicano.com\/wp-content\/uploads\/2024\/06\/DSC_2024-768x1152.jpg 768w, https:\/\/diariodominicano.com\/wp-content\/uploads\/2024\/06\/DSC_2024-1024x1536.jpg 1024w, https:\/\/diariodominicano.com\/wp-content\/uploads\/2024\/06\/DSC_2024-1365x2048.jpg 1365w, https:\/\/diariodominicano.com\/wp-content\/uploads\/2024\/06\/DSC_2024-816x1224.jpg 816w, https:\/\/diariodominicano.com\/wp-content\/uploads\/2024\/06\/DSC_2024.jpg 1392w\" sizes=\"auto, (max-width: 683px) 100vw, 683px\" \/><\/figure>\n\n\n\n<p><em>Este libro estar\u00e1 a la venta en Librer\u00eda Cuesta.<\/em><\/p>\n\n\n\n<p>SANTO DOMINGO, RD.\u00a0\u00a0La se\u00f1ora Giralda Busto Vda. Imbert present\u00f3 el libro \u201cAntonio Imbert Barrera: Su vida y \u00e9poca\u201d de la autor\u00eda del escritor, periodista e historiador, Jos\u00e9 B\u00e1ez Guerrero, durante un emotivo acto que se llev\u00f3 a cabo en el audit\u00f3rium Profesor Juan Bosch de la Biblioteca Nacional Pedro Henr\u00edquez Ure\u00f1a.<\/p>\n\n\n\n<figure class=\"wp-block-image size-large\"><img loading=\"lazy\" decoding=\"async\" width=\"1024\" height=\"683\" src=\"https:\/\/diariodominicano.com\/wp-content\/uploads\/2024\/06\/DSC_22811-1024x683.jpg\" alt=\"\" class=\"wp-image-537886\" srcset=\"https:\/\/diariodominicano.com\/wp-content\/uploads\/2024\/06\/DSC_22811-1024x683.jpg 1024w, https:\/\/diariodominicano.com\/wp-content\/uploads\/2024\/06\/DSC_22811-300x200.jpg 300w, https:\/\/diariodominicano.com\/wp-content\/uploads\/2024\/06\/DSC_22811-768x512.jpg 768w, https:\/\/diariodominicano.com\/wp-content\/uploads\/2024\/06\/DSC_22811-1536x1024.jpg 1536w, https:\/\/diariodominicano.com\/wp-content\/uploads\/2024\/06\/DSC_22811-2048x1365.jpg 2048w, https:\/\/diariodominicano.com\/wp-content\/uploads\/2024\/06\/DSC_22811-816x544.jpg 816w\" sizes=\"auto, (max-width: 1024px) 100vw, 1024px\" \/><\/figure>\n\n\n\n<p>Las palabras centrales del evento estuvieron a cargo de la viuda de Antonio Imbert Barrera, Giralda Busto, quien expres\u00f3 que el objetivo de esta obra es que la nueva generaci\u00f3n conozca a profundidad su vida y legado patri\u00f3tico. \u201cDeseo que conozcan al hombre que yo conoc\u00ed y muchas de las personas aqu\u00ed presentes tambi\u00e9n conocieron. Fue un hombre comprometido con la Patria, la cual am\u00f3 m\u00e1s all\u00e1 de sus consecuencias\u201d.&nbsp;<\/p>\n\n\n\n<figure class=\"wp-block-image size-large\"><img loading=\"lazy\" decoding=\"async\" width=\"1024\" height=\"683\" src=\"https:\/\/diariodominicano.com\/wp-content\/uploads\/2024\/06\/1933-Enrique-Valdez-Chabela-Estrella-de-Bisono-y-Miguel-Gutierrez--1024x683.jpg\" alt=\"\" class=\"wp-image-537859\" srcset=\"https:\/\/diariodominicano.com\/wp-content\/uploads\/2024\/06\/1933-Enrique-Valdez-Chabela-Estrella-de-Bisono-y-Miguel-Gutierrez--1024x683.jpg 1024w, https:\/\/diariodominicano.com\/wp-content\/uploads\/2024\/06\/1933-Enrique-Valdez-Chabela-Estrella-de-Bisono-y-Miguel-Gutierrez--300x200.jpg 300w, https:\/\/diariodominicano.com\/wp-content\/uploads\/2024\/06\/1933-Enrique-Valdez-Chabela-Estrella-de-Bisono-y-Miguel-Gutierrez--768x512.jpg 768w, https:\/\/diariodominicano.com\/wp-content\/uploads\/2024\/06\/1933-Enrique-Valdez-Chabela-Estrella-de-Bisono-y-Miguel-Gutierrez--1536x1024.jpg 1536w, https:\/\/diariodominicano.com\/wp-content\/uploads\/2024\/06\/1933-Enrique-Valdez-Chabela-Estrella-de-Bisono-y-Miguel-Gutierrez--2048x1366.jpg 2048w, https:\/\/diariodominicano.com\/wp-content\/uploads\/2024\/06\/1933-Enrique-Valdez-Chabela-Estrella-de-Bisono-y-Miguel-Gutierrez--816x544.jpg 816w\" sizes=\"auto, (max-width: 1024px) 100vw, 1024px\" \/><\/figure>\n\n\n\n<p><strong>Enrique Valdez, Chabela Estrella de Bison\u00f3 y Miguel Guti\u00e9rrez\u00a0<\/strong><\/p>\n\n\n\n<p>A su entender, esta biograf\u00eda plasma la verdad de su vida, para que las futuras generaciones puedan aquilatar su condici\u00f3n humana, sus valores y principios. \u201cMi objetivo es esclarecer tantas mentiras que en el transcurso de los a\u00f1os se han dicho de \u00e9l, solo porque era un hombre de pocas palabras, y nunca quiso aclarar nada\u201d.<\/p>\n\n\n\n<figure class=\"wp-block-image size-large\"><img loading=\"lazy\" decoding=\"async\" width=\"1024\" height=\"683\" src=\"https:\/\/diariodominicano.com\/wp-content\/uploads\/2024\/06\/1969-Daniel-Antonio-Imbert-Rafael-Imbert-Camila-Dominguez-Imbert-Vinicio-Dominguez-Imbert-y-Eduardo-Dominguez-Imbert--1024x683.jpg\" alt=\"\" class=\"wp-image-537860\" srcset=\"https:\/\/diariodominicano.com\/wp-content\/uploads\/2024\/06\/1969-Daniel-Antonio-Imbert-Rafael-Imbert-Camila-Dominguez-Imbert-Vinicio-Dominguez-Imbert-y-Eduardo-Dominguez-Imbert--1024x683.jpg 1024w, https:\/\/diariodominicano.com\/wp-content\/uploads\/2024\/06\/1969-Daniel-Antonio-Imbert-Rafael-Imbert-Camila-Dominguez-Imbert-Vinicio-Dominguez-Imbert-y-Eduardo-Dominguez-Imbert--300x200.jpg 300w, https:\/\/diariodominicano.com\/wp-content\/uploads\/2024\/06\/1969-Daniel-Antonio-Imbert-Rafael-Imbert-Camila-Dominguez-Imbert-Vinicio-Dominguez-Imbert-y-Eduardo-Dominguez-Imbert--768x512.jpg 768w, https:\/\/diariodominicano.com\/wp-content\/uploads\/2024\/06\/1969-Daniel-Antonio-Imbert-Rafael-Imbert-Camila-Dominguez-Imbert-Vinicio-Dominguez-Imbert-y-Eduardo-Dominguez-Imbert--1536x1024.jpg 1536w, https:\/\/diariodominicano.com\/wp-content\/uploads\/2024\/06\/1969-Daniel-Antonio-Imbert-Rafael-Imbert-Camila-Dominguez-Imbert-Vinicio-Dominguez-Imbert-y-Eduardo-Dominguez-Imbert--2048x1365.jpg 2048w, https:\/\/diariodominicano.com\/wp-content\/uploads\/2024\/06\/1969-Daniel-Antonio-Imbert-Rafael-Imbert-Camila-Dominguez-Imbert-Vinicio-Dominguez-Imbert-y-Eduardo-Dominguez-Imbert--816x544.jpg 816w\" sizes=\"auto, (max-width: 1024px) 100vw, 1024px\" \/><\/figure>\n\n\n\n<p><strong>Daniel Antonio Imbert, Rafael Imbert, Camila Dom\u00ednguez Imbert, Vinicio Dom\u00ednguez Imbert\u00a0\u00a0y Eduardo Dom\u00ednguez Imbert.<\/strong><\/p>\n\n\n\n<p>La se\u00f1ora viuda de Imbert fue reiterativa al afirmar que la libertad y la democracia que hoy ostentamos se debe a hombres que como Antonio sacrificaron sus vidas y familias.<\/p>\n\n\n\n<figure class=\"wp-block-image size-large\"><img loading=\"lazy\" decoding=\"async\" width=\"683\" height=\"1024\" src=\"https:\/\/diariodominicano.com\/wp-content\/uploads\/2024\/06\/1944-Cecilia-Garcia-y-Segundo-Imbert--683x1024.jpg\" alt=\"\" class=\"wp-image-537861\" srcset=\"https:\/\/diariodominicano.com\/wp-content\/uploads\/2024\/06\/1944-Cecilia-Garcia-y-Segundo-Imbert--683x1024.jpg 683w, https:\/\/diariodominicano.com\/wp-content\/uploads\/2024\/06\/1944-Cecilia-Garcia-y-Segundo-Imbert--200x300.jpg 200w, https:\/\/diariodominicano.com\/wp-content\/uploads\/2024\/06\/1944-Cecilia-Garcia-y-Segundo-Imbert--768x1152.jpg 768w, https:\/\/diariodominicano.com\/wp-content\/uploads\/2024\/06\/1944-Cecilia-Garcia-y-Segundo-Imbert--1024x1536.jpg 1024w, https:\/\/diariodominicano.com\/wp-content\/uploads\/2024\/06\/1944-Cecilia-Garcia-y-Segundo-Imbert--1366x2048.jpg 1366w, https:\/\/diariodominicano.com\/wp-content\/uploads\/2024\/06\/1944-Cecilia-Garcia-y-Segundo-Imbert--816x1223.jpg 816w, https:\/\/diariodominicano.com\/wp-content\/uploads\/2024\/06\/1944-Cecilia-Garcia-y-Segundo-Imbert-.jpg 1578w\" sizes=\"auto, (max-width: 683px) 100vw, 683px\" \/><\/figure>\n\n\n\n<p><strong>Cecilia Garc\u00eda y Segundo Imbert\u00a0<\/strong><\/p>\n\n\n\n<p>En el pr\u00f3logo del libro, escrito por el historiador Frank Moya Pons, se pone de manifiesto que hac\u00eda mucho tiempo que faltaba una obra como esta, que retratara fielmente la personalidad, vida y obra de Antonio Imbert Barrera, aquel hombre singular a quien el destino coloc\u00f3 muchas veces en peligrosas coyunturas de las cuales siempre sali\u00f3 airoso gracias, seg\u00fan \u00e9l mismo lo cre\u00eda y confesaba, a los designios de Dios.<\/p>\n\n\n\n<figure class=\"wp-block-image size-large\"><img loading=\"lazy\" decoding=\"async\" width=\"1024\" height=\"821\" src=\"https:\/\/diariodominicano.com\/wp-content\/uploads\/2024\/06\/1961-Wendy-Perez-de-Marchena-y-Enrique-de-Marchena-1-1024x821.jpg\" alt=\"\" class=\"wp-image-537862\" srcset=\"https:\/\/diariodominicano.com\/wp-content\/uploads\/2024\/06\/1961-Wendy-Perez-de-Marchena-y-Enrique-de-Marchena-1-1024x821.jpg 1024w, https:\/\/diariodominicano.com\/wp-content\/uploads\/2024\/06\/1961-Wendy-Perez-de-Marchena-y-Enrique-de-Marchena-1-300x241.jpg 300w, https:\/\/diariodominicano.com\/wp-content\/uploads\/2024\/06\/1961-Wendy-Perez-de-Marchena-y-Enrique-de-Marchena-1-768x616.jpg 768w, https:\/\/diariodominicano.com\/wp-content\/uploads\/2024\/06\/1961-Wendy-Perez-de-Marchena-y-Enrique-de-Marchena-1-1536x1231.jpg 1536w, https:\/\/diariodominicano.com\/wp-content\/uploads\/2024\/06\/1961-Wendy-Perez-de-Marchena-y-Enrique-de-Marchena-1-2048x1642.jpg 2048w, https:\/\/diariodominicano.com\/wp-content\/uploads\/2024\/06\/1961-Wendy-Perez-de-Marchena-y-Enrique-de-Marchena-1-816x654.jpg 816w\" sizes=\"auto, (max-width: 1024px) 100vw, 1024px\" \/><\/figure>\n\n\n\n<p><strong>Wendy P\u00e9rez de Marchena y Enrique de Marchena\u00a0<\/strong><\/p>\n\n\n\n<p>\u201cEsta obra es primeramente una biograf\u00eda, narrada cronol\u00f3gicamente desde el nacimiento del ni\u00f1o Antonio, cuya infancia estuvo salpicada de enfermedades y fue marcada por la muerte de varios parientes mayores, entre ellos su padre, quien parti\u00f3 de este mundo, cuando apenas ten\u00eda un a\u00f1o de nacido. Pero este libro es tambi\u00e9n una historia pol\u00edtica en la cual el lector podr\u00e1 seguir fielmente la trayectoria del pa\u00eds hacia la democracia, desde la dictadura de Trujillo hasta el presente. Esa marcha fue interrumpida por una guerra civil y por numerosas crisis pol\u00edticas, algunas de car\u00e1cter electoral, otras de tipo econ\u00f3mico y otras de violencia pol\u00edtica que detonaron dentro del escenario mayor de la llamada entonces Guerra Fr\u00eda\u201d, explic\u00f3 Moya Pons.\u00a0<\/p>\n\n\n\n<figure class=\"wp-block-image size-large\"><img loading=\"lazy\" decoding=\"async\" width=\"625\" height=\"1024\" src=\"https:\/\/diariodominicano.com\/wp-content\/uploads\/2024\/06\/1976-Carolina-Marmolejos-y-Sarah-Villanueva--625x1024.jpg\" alt=\"\" class=\"wp-image-537868\" srcset=\"https:\/\/diariodominicano.com\/wp-content\/uploads\/2024\/06\/1976-Carolina-Marmolejos-y-Sarah-Villanueva--625x1024.jpg 625w, https:\/\/diariodominicano.com\/wp-content\/uploads\/2024\/06\/1976-Carolina-Marmolejos-y-Sarah-Villanueva--183x300.jpg 183w, https:\/\/diariodominicano.com\/wp-content\/uploads\/2024\/06\/1976-Carolina-Marmolejos-y-Sarah-Villanueva--768x1258.jpg 768w, https:\/\/diariodominicano.com\/wp-content\/uploads\/2024\/06\/1976-Carolina-Marmolejos-y-Sarah-Villanueva--937x1536.jpg 937w, https:\/\/diariodominicano.com\/wp-content\/uploads\/2024\/06\/1976-Carolina-Marmolejos-y-Sarah-Villanueva--1250x2048.jpg 1250w, https:\/\/diariodominicano.com\/wp-content\/uploads\/2024\/06\/1976-Carolina-Marmolejos-y-Sarah-Villanueva--816x1337.jpg 816w, https:\/\/diariodominicano.com\/wp-content\/uploads\/2024\/06\/1976-Carolina-Marmolejos-y-Sarah-Villanueva--scaled.jpg 1562w\" sizes=\"auto, (max-width: 625px) 100vw, 625px\" \/><\/figure>\n\n\n\n<p><strong>Carolina Marmolejos y Sarah Villanueva\u00a0<\/strong><\/p>\n\n\n\n<p>De igual manera puntualiz\u00f3 que siguiendo el modelo de la biograf\u00eda cl\u00e1sica, B\u00e1ez Guerrero enmarca geneal\u00f3gicamente la temprana vida de Antonio Imbert Barrera dentro de su numerosa familia de origen franc\u00e9s, de la cual recibi\u00f3 los valores morales que adornaron su personalidad hasta el fin de sus d\u00edas.<\/p>\n\n\n\n<figure class=\"wp-block-image size-large\"><img loading=\"lazy\" decoding=\"async\" width=\"1024\" height=\"682\" src=\"https:\/\/diariodominicano.com\/wp-content\/uploads\/2024\/06\/1982-Kirsis-de-Dominguez-y-Eduardo-Dominguez--1024x682.jpg\" alt=\"\" class=\"wp-image-537869\" srcset=\"https:\/\/diariodominicano.com\/wp-content\/uploads\/2024\/06\/1982-Kirsis-de-Dominguez-y-Eduardo-Dominguez--1024x682.jpg 1024w, https:\/\/diariodominicano.com\/wp-content\/uploads\/2024\/06\/1982-Kirsis-de-Dominguez-y-Eduardo-Dominguez--300x200.jpg 300w, https:\/\/diariodominicano.com\/wp-content\/uploads\/2024\/06\/1982-Kirsis-de-Dominguez-y-Eduardo-Dominguez--768x512.jpg 768w, https:\/\/diariodominicano.com\/wp-content\/uploads\/2024\/06\/1982-Kirsis-de-Dominguez-y-Eduardo-Dominguez--1536x1024.jpg 1536w, https:\/\/diariodominicano.com\/wp-content\/uploads\/2024\/06\/1982-Kirsis-de-Dominguez-y-Eduardo-Dominguez--2048x1365.jpg 2048w, https:\/\/diariodominicano.com\/wp-content\/uploads\/2024\/06\/1982-Kirsis-de-Dominguez-y-Eduardo-Dominguez--816x544.jpg 816w\" sizes=\"auto, (max-width: 1024px) 100vw, 1024px\" \/><\/figure>\n\n\n\n<p><strong>Kirsis de Dom\u00ednguez y Eduardo Dom\u00ednguez\u00a0<\/strong><\/p>\n\n\n\n<p>Moya Pons contin\u00faa describiendo que B\u00e1ez Guerrero dedica m\u00e1s de ochenta p\u00e1ginas, esto es una parte central de su obra a la narraci\u00f3n del complot para matar a Trujillo, al evento mismo del ajusticiamiento y a los episodios acaecidos en los d\u00edas y semanas posteriores. \u201cCierra esta secci\u00f3n describiendo el asesinato de los h\u00e9roes del 30 de mayo, por Ramfis Trujillo en la Hacienda Mar\u00eda el 18 de noviembre de 1961\u201d.<\/p>\n\n\n\n<figure class=\"wp-block-image size-large\"><img loading=\"lazy\" decoding=\"async\" width=\"683\" height=\"1024\" src=\"https:\/\/diariodominicano.com\/wp-content\/uploads\/2024\/06\/1997-Cesarina-Kunhardt-y-Jose-Caceres--683x1024.jpg\" alt=\"\" class=\"wp-image-537870\" srcset=\"https:\/\/diariodominicano.com\/wp-content\/uploads\/2024\/06\/1997-Cesarina-Kunhardt-y-Jose-Caceres--683x1024.jpg 683w, https:\/\/diariodominicano.com\/wp-content\/uploads\/2024\/06\/1997-Cesarina-Kunhardt-y-Jose-Caceres--200x300.jpg 200w, https:\/\/diariodominicano.com\/wp-content\/uploads\/2024\/06\/1997-Cesarina-Kunhardt-y-Jose-Caceres--768x1152.jpg 768w, https:\/\/diariodominicano.com\/wp-content\/uploads\/2024\/06\/1997-Cesarina-Kunhardt-y-Jose-Caceres--1024x1536.jpg 1024w, https:\/\/diariodominicano.com\/wp-content\/uploads\/2024\/06\/1997-Cesarina-Kunhardt-y-Jose-Caceres--1366x2048.jpg 1366w, https:\/\/diariodominicano.com\/wp-content\/uploads\/2024\/06\/1997-Cesarina-Kunhardt-y-Jose-Caceres--816x1224.jpg 816w, https:\/\/diariodominicano.com\/wp-content\/uploads\/2024\/06\/1997-Cesarina-Kunhardt-y-Jose-Caceres-.jpg 1485w\" sizes=\"auto, (max-width: 683px) 100vw, 683px\" \/><\/figure>\n\n\n\n<p><strong>Cesarina Kunhardt y Jos\u00e9 C\u00e1ceres\u00a0<\/strong><\/p>\n\n\n\n<p>En el pr\u00f3logo Moya Pons refiere adem\u00e1s que uno de los grandes m\u00e9ritos del autor de esta obra es haber reconstruido lo esencial de la vida p\u00fablica, pol\u00edtica y militar, de Antonio Imbert Barrera a partir de 1961, mientras la sociedad dominicana se esforzaba por construir una democracia, una vida llena de peligros personales que, a pesar de ellos, fue convirtiendo a Imbert Barrera en un personaje central de la pol\u00edtica dominicana.\u00a0<\/p>\n\n\n\n<figure class=\"wp-block-image size-large\"><img loading=\"lazy\" decoding=\"async\" width=\"682\" height=\"1024\" src=\"https:\/\/diariodominicano.com\/wp-content\/uploads\/2024\/06\/2005-Frank-Rainieri-y-Haydee-Kuret-de-Rainieri--682x1024.jpg\" alt=\"\" class=\"wp-image-537871\" srcset=\"https:\/\/diariodominicano.com\/wp-content\/uploads\/2024\/06\/2005-Frank-Rainieri-y-Haydee-Kuret-de-Rainieri--682x1024.jpg 682w, https:\/\/diariodominicano.com\/wp-content\/uploads\/2024\/06\/2005-Frank-Rainieri-y-Haydee-Kuret-de-Rainieri--200x300.jpg 200w, https:\/\/diariodominicano.com\/wp-content\/uploads\/2024\/06\/2005-Frank-Rainieri-y-Haydee-Kuret-de-Rainieri--768x1152.jpg 768w, https:\/\/diariodominicano.com\/wp-content\/uploads\/2024\/06\/2005-Frank-Rainieri-y-Haydee-Kuret-de-Rainieri--1024x1536.jpg 1024w, https:\/\/diariodominicano.com\/wp-content\/uploads\/2024\/06\/2005-Frank-Rainieri-y-Haydee-Kuret-de-Rainieri--1365x2048.jpg 1365w, https:\/\/diariodominicano.com\/wp-content\/uploads\/2024\/06\/2005-Frank-Rainieri-y-Haydee-Kuret-de-Rainieri--816x1224.jpg 816w, https:\/\/diariodominicano.com\/wp-content\/uploads\/2024\/06\/2005-Frank-Rainieri-y-Haydee-Kuret-de-Rainieri-.jpg 1670w\" sizes=\"auto, (max-width: 682px) 100vw, 682px\" \/><\/figure>\n\n\n\n<p><strong>Frank Rainieri y Hayd\u00e9e Kuret de Rainieri\u00a0<\/strong><\/p>\n\n\n\n<p>Finalmente, concluye afirmando que esta obra es much\u00edsimo m\u00e1s rica en detalles hist\u00f3ricos que lo que ha mencionado hasta ahora. Es tan rica que duda mucho que alguien pueda superarla, aunque ser\u00eda deseable que algunos de los episodios aqu\u00ed narrados estimulen a otros investigadores a realizar pesquisas m\u00e1s profundas para ampliar las informaciones con nuevos datos.\u00a0<\/p>\n\n\n\n<figure class=\"wp-block-image size-large\"><img loading=\"lazy\" decoding=\"async\" width=\"682\" height=\"1024\" src=\"https:\/\/diariodominicano.com\/wp-content\/uploads\/2024\/06\/2007-Mari-Lulo-y-Octavio-Franco--682x1024.jpg\" alt=\"\" class=\"wp-image-537872\" srcset=\"https:\/\/diariodominicano.com\/wp-content\/uploads\/2024\/06\/2007-Mari-Lulo-y-Octavio-Franco--682x1024.jpg 682w, https:\/\/diariodominicano.com\/wp-content\/uploads\/2024\/06\/2007-Mari-Lulo-y-Octavio-Franco--200x300.jpg 200w, https:\/\/diariodominicano.com\/wp-content\/uploads\/2024\/06\/2007-Mari-Lulo-y-Octavio-Franco--768x1152.jpg 768w, https:\/\/diariodominicano.com\/wp-content\/uploads\/2024\/06\/2007-Mari-Lulo-y-Octavio-Franco--1024x1536.jpg 1024w, https:\/\/diariodominicano.com\/wp-content\/uploads\/2024\/06\/2007-Mari-Lulo-y-Octavio-Franco--1365x2048.jpg 1365w, https:\/\/diariodominicano.com\/wp-content\/uploads\/2024\/06\/2007-Mari-Lulo-y-Octavio-Franco--816x1224.jpg 816w, https:\/\/diariodominicano.com\/wp-content\/uploads\/2024\/06\/2007-Mari-Lulo-y-Octavio-Franco-.jpg 1670w\" sizes=\"auto, (max-width: 682px) 100vw, 682px\" \/><\/figure>\n\n\n\n<p>Mari Lulo y Octavio Franco\u00a0<\/p>\n\n\n\n<p>\u201cDicho lo anterior, y antes de terminar, deseo felicitar a do\u00f1a Giralda Busto de Imbert por haber tomado la iniciativa de rescatar la memoria de su esposo Antonio, quien vive en nuestra memoria como aquel buen amigo, valiente, discreto, generoso, y, sobre todo, verdadero patriota que lo arriesg\u00f3 todo para darle al pueblo dominicano su muy merecida libertad, anhelada por m\u00e1s de treinta a\u00f1os. Estoy seguro de que esta extraordinaria biograf\u00eda recibir\u00e1 un amplio y positivo reconocimiento de toda la sociedad dominicana cuando nuestros conciudadanos conozcan la fascinante historia personal, pol\u00edtica y patri\u00f3tica de nuestro querido e inolvidable Antonio Imbert Barrera, indiscutible h\u00e9roe del 30 de Mayo\u201d, se\u00f1al\u00f3 el destacado historiador Moya Pons.<\/p>\n\n\n\n<figure class=\"wp-block-image size-large\"><img loading=\"lazy\" decoding=\"async\" width=\"683\" height=\"1024\" src=\"https:\/\/diariodominicano.com\/wp-content\/uploads\/2024\/06\/2067-Fiordaliza-Martinez-de-Valdez-y-Hector-Valdez-Albizu-683x1024.jpg\" alt=\"\" class=\"wp-image-537877\" srcset=\"https:\/\/diariodominicano.com\/wp-content\/uploads\/2024\/06\/2067-Fiordaliza-Martinez-de-Valdez-y-Hector-Valdez-Albizu-683x1024.jpg 683w, https:\/\/diariodominicano.com\/wp-content\/uploads\/2024\/06\/2067-Fiordaliza-Martinez-de-Valdez-y-Hector-Valdez-Albizu-200x300.jpg 200w, https:\/\/diariodominicano.com\/wp-content\/uploads\/2024\/06\/2067-Fiordaliza-Martinez-de-Valdez-y-Hector-Valdez-Albizu-768x1152.jpg 768w, https:\/\/diariodominicano.com\/wp-content\/uploads\/2024\/06\/2067-Fiordaliza-Martinez-de-Valdez-y-Hector-Valdez-Albizu-1024x1536.jpg 1024w, https:\/\/diariodominicano.com\/wp-content\/uploads\/2024\/06\/2067-Fiordaliza-Martinez-de-Valdez-y-Hector-Valdez-Albizu-1365x2048.jpg 1365w, https:\/\/diariodominicano.com\/wp-content\/uploads\/2024\/06\/2067-Fiordaliza-Martinez-de-Valdez-y-Hector-Valdez-Albizu-816x1224.jpg 816w, https:\/\/diariodominicano.com\/wp-content\/uploads\/2024\/06\/2067-Fiordaliza-Martinez-de-Valdez-y-Hector-Valdez-Albizu-scaled.jpg 1707w\" sizes=\"auto, (max-width: 683px) 100vw, 683px\" \/><\/figure>\n\n\n\n<p><strong>Fiordaliza Mart\u00ednez de Valdez y H\u00e9ctor Valdez<\/strong> <strong>Albizu<\/strong><\/p>\n\n\n\n<figure class=\"wp-block-image size-large\"><img loading=\"lazy\" decoding=\"async\" width=\"683\" height=\"1024\" src=\"https:\/\/diariodominicano.com\/wp-content\/uploads\/2024\/06\/2073-Yadira-Lama-y-Maireni-Bournigal--683x1024.jpg\" alt=\"\" class=\"wp-image-537882\" srcset=\"https:\/\/diariodominicano.com\/wp-content\/uploads\/2024\/06\/2073-Yadira-Lama-y-Maireni-Bournigal--683x1024.jpg 683w, https:\/\/diariodominicano.com\/wp-content\/uploads\/2024\/06\/2073-Yadira-Lama-y-Maireni-Bournigal--200x300.jpg 200w, https:\/\/diariodominicano.com\/wp-content\/uploads\/2024\/06\/2073-Yadira-Lama-y-Maireni-Bournigal--768x1152.jpg 768w, https:\/\/diariodominicano.com\/wp-content\/uploads\/2024\/06\/2073-Yadira-Lama-y-Maireni-Bournigal--1024x1536.jpg 1024w, https:\/\/diariodominicano.com\/wp-content\/uploads\/2024\/06\/2073-Yadira-Lama-y-Maireni-Bournigal--1365x2048.jpg 1365w, https:\/\/diariodominicano.com\/wp-content\/uploads\/2024\/06\/2073-Yadira-Lama-y-Maireni-Bournigal--816x1224.jpg 816w, https:\/\/diariodominicano.com\/wp-content\/uploads\/2024\/06\/2073-Yadira-Lama-y-Maireni-Bournigal--scaled.jpg 1707w\" sizes=\"auto, (max-width: 683px) 100vw, 683px\" \/><\/figure>\n\n\n\n<p><strong>Yadira Lama y Mairen\u00ed Bournigal\u00a0<\/strong><\/p>\n\n\n\n<p>El evento cont\u00f3 con la moderaci\u00f3n del periodista y escritor, Huchi Lora, quien dirigi\u00f3 magistralmente la exposici\u00f3n de los panelistas Magistrado Milton Ray Guevara, el empresario Frank Rainieri y los historiadores Frank Moya Pons.<\/p>\n\n\n\n<figure class=\"wp-block-image size-large\"><img loading=\"lazy\" decoding=\"async\" width=\"629\" height=\"1024\" src=\"https:\/\/diariodominicano.com\/wp-content\/uploads\/2024\/06\/2094-Manuel-Esquea-Guerrero-y-Jacqueline-Viteri-1-629x1024.jpg\" alt=\"\" class=\"wp-image-537883\" srcset=\"https:\/\/diariodominicano.com\/wp-content\/uploads\/2024\/06\/2094-Manuel-Esquea-Guerrero-y-Jacqueline-Viteri-1-629x1024.jpg 629w, https:\/\/diariodominicano.com\/wp-content\/uploads\/2024\/06\/2094-Manuel-Esquea-Guerrero-y-Jacqueline-Viteri-1-184x300.jpg 184w, https:\/\/diariodominicano.com\/wp-content\/uploads\/2024\/06\/2094-Manuel-Esquea-Guerrero-y-Jacqueline-Viteri-1-768x1250.jpg 768w, https:\/\/diariodominicano.com\/wp-content\/uploads\/2024\/06\/2094-Manuel-Esquea-Guerrero-y-Jacqueline-Viteri-1-943x1536.jpg 943w, https:\/\/diariodominicano.com\/wp-content\/uploads\/2024\/06\/2094-Manuel-Esquea-Guerrero-y-Jacqueline-Viteri-1-1258x2048.jpg 1258w, https:\/\/diariodominicano.com\/wp-content\/uploads\/2024\/06\/2094-Manuel-Esquea-Guerrero-y-Jacqueline-Viteri-1-816x1329.jpg 816w, https:\/\/diariodominicano.com\/wp-content\/uploads\/2024\/06\/2094-Manuel-Esquea-Guerrero-y-Jacqueline-Viteri-1-scaled.jpg 1572w\" sizes=\"auto, (max-width: 629px) 100vw, 629px\" \/><\/figure>\n\n\n\n<p>Emmanuel Esquea Guerrero y Jacqueline Viteri\u00a0&#8211;Henry Coradin<\/p>\n\n\n\n<p><a target=\"_blank\" href=\"mailto:henrycoradinrelacionespublicas@gmail.com\" rel=\"noreferrer noopener\">henrycoradinrelacionespublicas@<\/a><\/p>\n\n\n\n<p><\/p>\n","protected":false},"excerpt":{"rendered":"<p>Milton Ray Guerava, Frank Moya Pons, Giralda Busto Vda. Imbert, Frank Rainieri y Huchi Lora. Familia Imbert\u00a0 Este libro estar\u00e1 a la venta en Librer\u00eda Cuesta. SANTO DOMINGO, RD.\u00a0\u00a0La se\u00f1ora Giralda Busto Vda. Imbert present\u00f3 el libro \u201cAntonio Imbert Barrera: Su vida y \u00e9poca\u201d de la autor\u00eda del escritor, periodista e historiador, Jos\u00e9 B\u00e1ez Guerrero, [&hellip;]<\/p>\n","protected":false},"author":28,"featured_media":537855,"comment_status":"closed","ping_status":"closed","sticky":true,"template":"","format":"standard","meta":{"footnotes":""},"categories":[21,36,26,27],"tags":[],"class_list":["post-537854","post","type-post","status-publish","format-standard","has-post-thumbnail","hentry","category-cultura","category-hombresmujeresycosas","category-efemerides","category-portada"],"_links":{"self":[{"href":"https:\/\/diariodominicano.com\/index.php?rest_route=\/wp\/v2\/posts\/537854","targetHints":{"allow":["GET"]}}],"collection":[{"href":"https:\/\/diariodominicano.com\/index.php?rest_route=\/wp\/v2\/posts"}],"about":[{"href":"https:\/\/diariodominicano.com\/index.php?rest_route=\/wp\/v2\/types\/post"}],"author":[{"embeddable":true,"href":"https:\/\/diariodominicano.com\/index.php?rest_route=\/wp\/v2\/users\/28"}],"replies":[{"embeddable":true,"href":"https:\/\/diariodominicano.com\/index.php?rest_route=%2Fwp%2Fv2%2Fcomments&post=537854"}],"version-history":[{"count":6,"href":"https:\/\/diariodominicano.com\/index.php?rest_route=\/wp\/v2\/posts\/537854\/revisions"}],"predecessor-version":[{"id":537888,"href":"https:\/\/diariodominicano.com\/index.php?rest_route=\/wp\/v2\/posts\/537854\/revisions\/537888"}],"wp:featuredmedia":[{"embeddable":true,"href":"https:\/\/diariodominicano.com\/index.php?rest_route=\/wp\/v2\/media\/537855"}],"wp:attachment":[{"href":"https:\/\/diariodominicano.com\/index.php?rest_route=%2Fwp%2Fv2%2Fmedia&parent=537854"}],"wp:term":[{"taxonomy":"category","embeddable":true,"href":"https:\/\/diariodominicano.com\/index.php?rest_route=%2Fwp%2Fv2%2Fcategories&post=537854"},{"taxonomy":"post_tag","embeddable":true,"href":"https:\/\/diariodominicano.com\/index.php?rest_route=%2Fwp%2Fv2%2Ftags&post=537854"}],"curies":[{"name":"wp","href":"https:\/\/api.w.org\/{rel}","templated":true}]}}