{"id":537807,"date":"2024-06-14T17:11:03","date_gmt":"2024-06-14T21:11:03","guid":{"rendered":"https:\/\/diariodominicano.com\/?p=537807"},"modified":"2024-06-14T17:11:09","modified_gmt":"2024-06-14T21:11:09","slug":"fiscalia-de-la-vega-obtiene-10-anos-de-prision-contra-hombre-que-agredio-sexualmente-a-una-nina-de-9-anos","status":"publish","type":"post","link":"https:\/\/diariodominicano.com\/?p=537807","title":{"rendered":"Fiscal\u00eda de La Vega obtiene 10 a\u00f1os de prisi\u00f3n contra hombre que agredi\u00f3 sexualmente a una ni\u00f1a de 9 a\u00f1os"},"content":{"rendered":"\n<p>LA VEGA (Rep\u00fablica Dominicana).- El&nbsp; Ministerio P\u00fablico de este distrito judicial obtuvo una sentencia condenatoria de 10 a\u00f1os de prisi\u00f3n en contra de un hombre acusado de agredir sexualmente a una ni\u00f1a de 9 a\u00f1os de edad, en un hecho ocurrido en esta provincia, en el a\u00f1o 2022.<\/p>\n\n\n\n<p>El Segundo Tribunal Colegiado de La Vega dict\u00f3 la sentencia condenatoria en contra de Fernando N\u00fa\u00f1ez C\u00e1ceres (el Jefe) por el hecho delictivo perpetrado contra la menor de edad, cuyo nombre se omite para proteger su identidad.<\/p>\n\n\n\n<p>El \u00f3rgano acusador demostr\u00f3 en el proceso que N\u00fa\u00f1ez C\u00e1ceres agredi\u00f3 sexualmente a la ni\u00f1a en la vivienda de \u00e9l, en un hecho registrado el 17 de agosto de 2022, alrededor de las 6:00 de la tarde.<\/p>\n\n\n\n<p>El expediente relata que el hombre logr\u00f3 convencer a la v\u00edctima de que fuera a su vivienda, y una vez en el lugar, le pidi\u00f3 que se quitara la ropa y toc\u00f3 sus partes \u00edntimas, acci\u00f3n que cometi\u00f3 en presencia de otro ni\u00f1o, de 8 a\u00f1os de edad, primo de la menor&nbsp; de edad. Luego de cometer el hecho el procesado le dio a la v\u00edctima 50 pesos.<\/p>\n\n\n\n<p>El Ministerio P\u00fablico, representado por las fiscales litigantes Yurisan Ceballos y Mar\u00eda Matilde de la Rosa, demostr\u00f3 la culpabilidad del procesado ante los jueces Mart\u00edn de la Mota Cont\u00edn, Fernando Abreu Valencia y Kathia N\u00fa\u00f1ez Ventura, quienes emitieron la sentencia condenatoria y ordenaron su cumplimiento en el Centro de Correcci\u00f3n y Rehabilitaci\u00f3n (CCR) El Pinito, de La Vega.<\/p>\n\n\n\n<p>La fiscal titular de La Vega, Aura Luz Garc\u00eda Mart\u00ednez, destac\u00f3 que la acusaci\u00f3n estuvo sustentada con suficientes elementos de prueba documentales, testimoniales y periciales, que permitieron demostrar la responsabilidad penal del procesado y lograr sanci\u00f3n.<\/p>\n\n\n\n<p>N\u00fa\u00f1ez C\u00e1ceres fue acusado de violar disposiciones del C\u00f3digo Penal Dominicano y del C\u00f3digo para la Protecci\u00f3n y los Derechos Fundamentales de los Ni\u00f1os, Ni\u00f1as y Adolescentes (Ley 136-03), que sancionan ese delito.<\/p>\n\n\n\n<p><strong>Direcci\u00f3n General de Comunicaci\u00f3n, Prensa, y RRPP<\/strong><strong><\/strong><\/p>\n\n\n\n<p>Ministerio P\u00fablico. R.D.<\/p>\n","protected":false},"excerpt":{"rendered":"<p>LA VEGA (Rep\u00fablica Dominicana).- El&nbsp; Ministerio P\u00fablico de este distrito judicial obtuvo una sentencia condenatoria de 10 a\u00f1os de prisi\u00f3n en contra de un hombre acusado de agredir sexualmente a una ni\u00f1a de 9 a\u00f1os de edad, en un hecho ocurrido en esta provincia, en el a\u00f1o 2022. El Segundo Tribunal Colegiado de La Vega [&hellip;]<\/p>\n","protected":false},"author":7,"featured_media":294464,"comment_status":"closed","ping_status":"closed","sticky":true,"template":"","format":"standard","meta":{"footnotes":""},"categories":[24,27],"tags":[],"class_list":["post-537807","post","type-post","status-publish","format-standard","has-post-thumbnail","hentry","category-justicia-y-derecho","category-portada"],"_links":{"self":[{"href":"https:\/\/diariodominicano.com\/index.php?rest_route=\/wp\/v2\/posts\/537807","targetHints":{"allow":["GET"]}}],"collection":[{"href":"https:\/\/diariodominicano.com\/index.php?rest_route=\/wp\/v2\/posts"}],"about":[{"href":"https:\/\/diariodominicano.com\/index.php?rest_route=\/wp\/v2\/types\/post"}],"author":[{"embeddable":true,"href":"https:\/\/diariodominicano.com\/index.php?rest_route=\/wp\/v2\/users\/7"}],"replies":[{"embeddable":true,"href":"https:\/\/diariodominicano.com\/index.php?rest_route=%2Fwp%2Fv2%2Fcomments&post=537807"}],"version-history":[{"count":1,"href":"https:\/\/diariodominicano.com\/index.php?rest_route=\/wp\/v2\/posts\/537807\/revisions"}],"predecessor-version":[{"id":537939,"href":"https:\/\/diariodominicano.com\/index.php?rest_route=\/wp\/v2\/posts\/537807\/revisions\/537939"}],"wp:featuredmedia":[{"embeddable":true,"href":"https:\/\/diariodominicano.com\/index.php?rest_route=\/wp\/v2\/media\/294464"}],"wp:attachment":[{"href":"https:\/\/diariodominicano.com\/index.php?rest_route=%2Fwp%2Fv2%2Fmedia&parent=537807"}],"wp:term":[{"taxonomy":"category","embeddable":true,"href":"https:\/\/diariodominicano.com\/index.php?rest_route=%2Fwp%2Fv2%2Fcategories&post=537807"},{"taxonomy":"post_tag","embeddable":true,"href":"https:\/\/diariodominicano.com\/index.php?rest_route=%2Fwp%2Fv2%2Ftags&post=537807"}],"curies":[{"name":"wp","href":"https:\/\/api.w.org\/{rel}","templated":true}]}}