{"id":537804,"date":"2024-06-14T16:59:48","date_gmt":"2024-06-14T20:59:48","guid":{"rendered":"https:\/\/diariodominicano.com\/?p=537804"},"modified":"2024-06-14T16:59:50","modified_gmt":"2024-06-14T20:59:50","slug":"doral-international-art-fair-anuncia-su-segunda-edicion-y-la-convocatoria-para-artistas","status":"publish","type":"post","link":"https:\/\/diariodominicano.com\/?p=537804","title":{"rendered":"Doral International Art Fair anuncia su segunda edici\u00f3n y la convocatoria para artistas"},"content":{"rendered":"\n<p>El evento entregar\u00e1 un reconocimiento especial a Ella Fontanals-Cisneros por su compromiso con la promoci\u00f3n de la cultura latinoamericana y conmemorar\u00e1 los 100 a\u00f1os de Sof\u00eda \u00cdmber.<\/p>\n\n\n\n<p>La segunda edici\u00f3n de la Doral International Art Fair (DIAF) se celebrar\u00e1 del 7 al 10 de noviembre de 2024 en el Doral Cultural Arts Center, de Miami-Dade, con la finalidad de fusionar la pasi\u00f3n por el arte con la diversidad cultural.<\/p>\n\n\n\n<p>El anuncio cont\u00f3 con la presencia de la alcaldesa de Doral, Christi Fraga, y el concejal Rafael Pineyro. Asimismo, el director ejecutivo de la feria, Jes\u00fas Fuenmayor, comparti\u00f3 los detalles con autoridades universitarias, gremio empresarial y personalidades art\u00edsticas. La nueva edici\u00f3n espera duplicar los exitosos resultados de 2023.<\/p>\n\n\n\n<p>La DIAF celebra la creatividad en todas sus formas. Re\u00fane a artistas visuales, escultores, pintores y amantes del arte en un espacio donde las expresiones culturales convergen y hacen gala de la multiculturalidad.<\/p>\n\n\n\n<p>En la primera edici\u00f3n, celebrada en noviembre de 2023, circularon cientos de personas, m\u00e1s de 20 galer\u00edas y 80 artistas de distintas nacionalidades. La actividad se convirti\u00f3 en antesala de las grandes ferias presentadas en el sur de la Florida.<\/p>\n\n\n\n<p>Actividades art\u00edsticas y educativas<\/p>\n\n\n\n<p>El director ejecutivo, Dr. Jes\u00fas Alberto Fuenmayor, explic\u00f3 que los visitantes podr\u00e1n disfrutar de obras que muestran una amplia gama de estilos y t\u00e9cnicas, presentadas por artistas noveles y experimentados.<\/p>\n\n\n\n<p>\u201cTambi\u00e9n habr\u00e1 charlas y talleres, dirigidos por expertos que compartir\u00e1n conocimientos sobre el mundo del arte, as\u00ed como presentaciones en vivo y una zona de recreaci\u00f3n para relajarse y disfrutar de la belleza del arte\u201d, agreg\u00f3.<\/p>\n\n\n\n<p>En el marco de la DIAF se entregar\u00e1 un reconocimiento especial a Ella Fontanals-Cisneros, por su compromiso con la promoci\u00f3n de la cultura latinoamericana. Adem\u00e1s, se efectuar\u00e1 un homenaje en conmemoraci\u00f3n de los 100 a\u00f1os de Sof\u00eda \u00cdmber, destacada periodista y promotora de la cultura.<\/p>\n\n\n\n<p>Las galer\u00edas interesadas en participar y las marcas que desean patrocinar el proyecto deben escribir a info@artdoral.com o visitar www.artdoral.com para mayor informaci\u00f3n.<\/p>\n\n\n\n<p>Contacto de prensa<\/p>\n\n\n\n<p>Carlos Mayz<\/p>\n\n\n\n<p>carlos@impulsestrategy.com<\/p>\n","protected":false},"excerpt":{"rendered":"<p>El evento entregar\u00e1 un reconocimiento especial a Ella Fontanals-Cisneros por su compromiso con la promoci\u00f3n de la cultura latinoamericana y conmemorar\u00e1 los 100 a\u00f1os de Sof\u00eda \u00cdmber. La segunda edici\u00f3n de la Doral International Art Fair (DIAF) se celebrar\u00e1 del 7 al 10 de noviembre de 2024 en el Doral Cultural Arts Center, de Miami-Dade, [&hellip;]<\/p>\n","protected":false},"author":7,"featured_media":537935,"comment_status":"closed","ping_status":"closed","sticky":false,"template":"","format":"standard","meta":{"footnotes":""},"categories":[25],"tags":[],"class_list":["post-537804","post","type-post","status-publish","format-standard","has-post-thumbnail","hentry","category-gente"],"_links":{"self":[{"href":"https:\/\/diariodominicano.com\/index.php?rest_route=\/wp\/v2\/posts\/537804","targetHints":{"allow":["GET"]}}],"collection":[{"href":"https:\/\/diariodominicano.com\/index.php?rest_route=\/wp\/v2\/posts"}],"about":[{"href":"https:\/\/diariodominicano.com\/index.php?rest_route=\/wp\/v2\/types\/post"}],"author":[{"embeddable":true,"href":"https:\/\/diariodominicano.com\/index.php?rest_route=\/wp\/v2\/users\/7"}],"replies":[{"embeddable":true,"href":"https:\/\/diariodominicano.com\/index.php?rest_route=%2Fwp%2Fv2%2Fcomments&post=537804"}],"version-history":[{"count":1,"href":"https:\/\/diariodominicano.com\/index.php?rest_route=\/wp\/v2\/posts\/537804\/revisions"}],"predecessor-version":[{"id":537936,"href":"https:\/\/diariodominicano.com\/index.php?rest_route=\/wp\/v2\/posts\/537804\/revisions\/537936"}],"wp:featuredmedia":[{"embeddable":true,"href":"https:\/\/diariodominicano.com\/index.php?rest_route=\/wp\/v2\/media\/537935"}],"wp:attachment":[{"href":"https:\/\/diariodominicano.com\/index.php?rest_route=%2Fwp%2Fv2%2Fmedia&parent=537804"}],"wp:term":[{"taxonomy":"category","embeddable":true,"href":"https:\/\/diariodominicano.com\/index.php?rest_route=%2Fwp%2Fv2%2Fcategories&post=537804"},{"taxonomy":"post_tag","embeddable":true,"href":"https:\/\/diariodominicano.com\/index.php?rest_route=%2Fwp%2Fv2%2Ftags&post=537804"}],"curies":[{"name":"wp","href":"https:\/\/api.w.org\/{rel}","templated":true}]}}