{"id":537717,"date":"2024-06-14T00:37:02","date_gmt":"2024-06-14T04:37:02","guid":{"rendered":"https:\/\/diariodominicano.com\/?p=537717"},"modified":"2024-06-14T00:38:40","modified_gmt":"2024-06-14T04:38:40","slug":"condenan-a-2-anos-de-prision-a-hombre-por-robo-en-las-matas-de-farfan","status":"publish","type":"post","link":"https:\/\/diariodominicano.com\/?p=537717","title":{"rendered":"Condenan hombre a 2 a\u00f1os de prisi\u00f3n  por robo en Las Matas de Farf\u00e1n\u00a0\u00a0"},"content":{"rendered":"\n<p>LAS MATAS DE FARF\u00c1N, Rep\u00fablica Dominicana.- El Ministerio P\u00fablico de este distrito judicial logr\u00f3 una condena de 2 a\u00f1os de prisi\u00f3n en contra del ciudadano haitiano Chery Yobel, quien perpetr\u00f3 un robo en un bar de esta localidad el 19 de octubre de 2022.<\/p>\n\n\n\n<p>Tras penetrar al establecimiento, Yobel sustrajo equipos, bebidas, cigarros y otras mercanc\u00edas.<\/p>\n\n\n\n<p>La fiscal Diana Ram\u00edrez demostr\u00f3 los hechos ante el Tribunal Colegiado de esta jurisdicci\u00f3n, que integran los jueces Blaury Luciano, Sauly Gonz\u00e1lez y Edward Ger\u00f3nimo.<\/p>\n\n\n\n<p>El \u00f3rgano persecutor del delito mostr\u00f3 como Chery Yobel falt\u00f3 a las disposiciones de los art\u00edculos 379 y 401 del C\u00f3digo Penal Dominicano.<\/p>\n\n\n\n<p>El tribunal orden\u00f3 el cumplimiento de la sentencia en la c\u00e1rcel p\u00fablica de San Juan de la Maguana.<\/p>\n\n\n\n<p><strong>Direcci\u00f3n General de Comunicaci\u00f3n, Prensa, y RRPP<\/strong><strong><\/strong><\/p>\n\n\n\n<p>Ministerio P\u00fablico. R.D.<\/p>\n\n\n\n<p>Jueves, 13 de junio de 2024.<\/p>\n","protected":false},"excerpt":{"rendered":"<p>LAS MATAS DE FARF\u00c1N, Rep\u00fablica Dominicana.- El Ministerio P\u00fablico de este distrito judicial logr\u00f3 una condena de 2 a\u00f1os de prisi\u00f3n en contra del ciudadano haitiano Chery Yobel, quien perpetr\u00f3 un robo en un bar de esta localidad el 19 de octubre de 2022. Tras penetrar al establecimiento, Yobel sustrajo equipos, bebidas, cigarros y otras [&hellip;]<\/p>\n","protected":false},"author":28,"featured_media":329468,"comment_status":"closed","ping_status":"closed","sticky":false,"template":"","format":"standard","meta":{"footnotes":""},"categories":[24],"tags":[],"class_list":["post-537717","post","type-post","status-publish","format-standard","has-post-thumbnail","hentry","category-justicia-y-derecho"],"_links":{"self":[{"href":"https:\/\/diariodominicano.com\/index.php?rest_route=\/wp\/v2\/posts\/537717","targetHints":{"allow":["GET"]}}],"collection":[{"href":"https:\/\/diariodominicano.com\/index.php?rest_route=\/wp\/v2\/posts"}],"about":[{"href":"https:\/\/diariodominicano.com\/index.php?rest_route=\/wp\/v2\/types\/post"}],"author":[{"embeddable":true,"href":"https:\/\/diariodominicano.com\/index.php?rest_route=\/wp\/v2\/users\/28"}],"replies":[{"embeddable":true,"href":"https:\/\/diariodominicano.com\/index.php?rest_route=%2Fwp%2Fv2%2Fcomments&post=537717"}],"version-history":[{"count":2,"href":"https:\/\/diariodominicano.com\/index.php?rest_route=\/wp\/v2\/posts\/537717\/revisions"}],"predecessor-version":[{"id":537720,"href":"https:\/\/diariodominicano.com\/index.php?rest_route=\/wp\/v2\/posts\/537717\/revisions\/537720"}],"wp:featuredmedia":[{"embeddable":true,"href":"https:\/\/diariodominicano.com\/index.php?rest_route=\/wp\/v2\/media\/329468"}],"wp:attachment":[{"href":"https:\/\/diariodominicano.com\/index.php?rest_route=%2Fwp%2Fv2%2Fmedia&parent=537717"}],"wp:term":[{"taxonomy":"category","embeddable":true,"href":"https:\/\/diariodominicano.com\/index.php?rest_route=%2Fwp%2Fv2%2Fcategories&post=537717"},{"taxonomy":"post_tag","embeddable":true,"href":"https:\/\/diariodominicano.com\/index.php?rest_route=%2Fwp%2Fv2%2Ftags&post=537717"}],"curies":[{"name":"wp","href":"https:\/\/api.w.org\/{rel}","templated":true}]}}