{"id":53761,"date":"2020-05-18T12:45:30","date_gmt":"2020-05-18T12:45:30","guid":{"rendered":"http:\/\/diariodominicano.ddns.net\/?p=53761"},"modified":"2020-05-18T12:45:30","modified_gmt":"2020-05-18T12:45:30","slug":"michel-piccoli-el-discreto-encanto-de-un-monstruo-sagrado-del-cine-frances","status":"publish","type":"post","link":"https:\/\/diariodominicano.com\/?p=53761","title":{"rendered":"Michel Piccoli, el discreto encanto de un monstruo sagrado del cine franc\u00e9s"},"content":{"rendered":"<p><body><\/p>\n<p><img decoding=\"async\" src=\"img3\/9546414bd7cf81dbea6593937735984616f187f3.jpg\" \/><br \/><img decoding=\"async\" src=\"img3\/3324f6baa310e20c0ffaa0d5d17ee5699b26cf6c.jpg\" \/>  <\/p>\n<p><strong>Diariodominicano.com<\/strong><\/p>\n<p><strong>Michel Piccoli, el discreto encanto de un monstruo sagrado del cine franc\u00e9s<\/strong><\/p>\n<p><strong>AFP\/Archivos \/ Pierre Andrieu<\/strong><\/p>\n<p>Michel Piccoli llega a la Filmoteca Francesa para una retrospectiva dedicada a su obra, el 4 de septiembre el a\u00f1o 2013 en Par\u00eds<\/p>\n<p>Compa\u00f1ero de viaje de Luis Bu\u00f1uel, Michel Piccoli, fallecido a los 94 a\u00f1os, contribuy\u00f3 a escribir con letras may\u00fasculas una p\u00e1gina del cine franc\u00e9s, con pel\u00edculas como \u00abEl desprecio\u00bb, \u00abLas cosas de la vida\u00bb y \u00abLa gran comilona\u00bb.<\/p>\n<\/p>\n<p>Con su f\u00edsico de seductor, cejas pobladas y voz atronadora, este personaje complejo afirmaba \u00abdisfrutar interpretando la extravagancia y los delirios m\u00e1s agitados\u00bb.<\/p>\n<\/p>\n<p>Renoir, Resnais, Demy, Melville, Bu\u00f1uel, Godard, Vard\u00e0 y Hitchcock: Piccoli film\u00f3 con todos ellos, sin olvidar de trabajar con los j\u00f3venes directores antes de lanzarse \u00e9l mismo en la direcci\u00f3n, con 70 a\u00f1os.<\/p>\n<\/p>\n<p>\u00abMe da lo mismo (&#8230;) hacer cosas no comerciales, peligrosas\u00bb, declar\u00f3 en una ocasi\u00f3n a la revista especializada Cahiers du Cin\u00e9ma. \u00abPrefiero los prototipos a las series\u00bb.<\/p>\n<\/p>\n<p>\u00abEl desprecio\u00bb, de Jean-Luc Godard (1963), con Brigitte Bardot, lo revel\u00f3 al gran p\u00fablico. En esta cr\u00f3nica del desamor, interpreta a un guionista, con un sombrero ajustado sobre la cabeza, \u00abpara ser como Dean Martin\u00bb.<\/p>\n<\/p>\n<p>Film\u00f3 en m\u00e1s de 150 pel\u00edculas, encarnando hasta un papa melanc\u00f3lico que sue\u00f1a con volverse an\u00f3nimo en las calles de Roma, en \u00abHabemus papam\u00bb, de Nanni Moretti (2011). Fue uno de sus \u00faltimos grandes papeles.<\/p>\n<\/p>\n<p>&#8211; Rechazo a la burgues\u00eda &#8211;<\/p>\n<\/p>\n<p>Nacido el 27 de diciembre de 1925 en Par\u00eds, Piccoli defin\u00eda a sus padres como \u00abm\u00fasicos sin pasi\u00f3n\u00bb, que le \u00absirvieron de antimodelo\u00bb. Esta familia que describi\u00f3 de \u00abego\u00edsta y racista\u00bb pes\u00f3 probablemente en su rechazo a la burgues\u00eda.<\/p>\n<\/p>\n<p>Ya de joven, sigui\u00f3 cursos de teatro y debut\u00f3 en el cine en \u00abLe point du jour\u00bb, de Louis Daquin.<\/p>\n<\/p>\n<p>AFP\/Archivos \/ .<\/p>\n<p>Michel Piccoli y la cantante Juliette Greco (con quien se cas\u00f3 en 1966), en marzo de 1967 en Par\u00eds<\/p>\n<p>En 1945 Piccoli, entonces de 20 a\u00f1os, conoci\u00f3 a Jean-Paul Sartre, a la artista Juliette Gr\u00e9co -con quien se cas\u00f3 en 1966- y a directores como Bu\u00f1uel.<\/p>\n<\/p>\n<p>Se enrol\u00f3 paralelamente en el Partido Comunista. Un compromiso con la izquierda que perdur\u00f3 hasta el final, incluso p\u00fablicamente, apoyando por ejemplo a candidatos presidenciales como el socialista Fran\u00e7ois Mitterrand en 1981.<\/p>\n<\/p>\n<p>Su carrera se bas\u00f3 en Francia, pero tambi\u00e9n film\u00f3 en Italia y actu\u00f3 junto a las actrices m\u00e1s cotizadas de la \u00e9poca, incluidas Catherine Deneuve y Romy Schneider.<\/p>\n<\/p>\n<p>Se convirti\u00f3 en uno de los actores fetiches de Bu\u00f1uel (\u00abDiario de una camarera\u00bb, \u00abBelle de jour\u00bb, \u00abEl discreto encanto de la burgues\u00eda\u00bb) y de Claude Sautet en los a\u00f1os 1970 (\u00abLas cosas de la vida\u00bb, \u00abTres amigos, sus mujeres&#8230; y los otros\u00bb).<\/p>\n<\/p>\n<p>&#8211; \u00abAnti-estrella\u00bb-<\/p>\n<\/p>\n<p>Pero su imagen de seductor dej\u00f3 paso a otros perfiles, m\u00e1s desenfrenados, como el de un homosexual suicida en \u00abLa gran comilona\u00bb, de Marco Ferreri (1973), que escandaliz\u00f3 en el Festival de Cannes con escenas de org\u00edas y escatol\u00f3gicas.<\/p>\n<\/p>\n<p>Su car\u00e1cter \u00abanti-estrella\u00bb lo llev\u00f3 a participar en pel\u00edculas de cine de autor bajo la direcci\u00f3n de Leos Carax, Jean-Claude Brisseau y Jacques Doillon.<\/p>\n<\/p>\n<p>Fue nominado cuatro veces a los premios C\u00e9sar del cine franc\u00e9s, pero nunca fue recompensado.<\/p>\n<\/p>\n<p>En el teatro, fue dirigido tambi\u00e9n por grandes nombres, como Peter Brook, Patrice Ch\u00e9reau y Luc Bondy.<\/p>\n<\/p>\n<p>\u00abSi pienso en todos estos monstruos que he interpretado, todos estos abismos repugnantes que dan miedo&#8230; creo que debe ser para m\u00ed una manera de revelar mis secretos\u00bb, hab\u00eda afirmado.<\/p>\n<\/p>\n<p>Discreto sobre su vida privada, Piccoli, que se cas\u00f3 tres veces, se confes\u00f3 a los 90 a\u00f1os en un libro de entrevistas con Gilles Jacob, su amigo y expresidente del Festival de Cannes.<\/p>\n<\/p>\n<p>En estas admit\u00eda su angustia de no poder seguir trabajando: \u00abMe gustar\u00eda que esto no se acabara nunca, pero se acabar\u00e1\u00bb.<\/p>\n<\/p>\n<p>18MAY2020 <\/p>\n<\/p>\n<p>0<\/p>\n<p>Compartir<\/p>\n<h6> 2020-05-18 12:45:30 <\/h6>\n<p><!--\n<link rel=\"stylesheet\" href=\"css\/bootstrap.min.css\">\n\n\n<ul class=\"pagination\">\n\t    \n\t\n\n<li >\n\t<a href='?page_no=596'>Previous<\/a>\n\t<\/li>\n\n\n       \n    \n\n<li><a href='?page_no=1'>1<\/a><\/li>\n\n\n\n<li><a href='?page_no=2'>2<\/a><\/li>\n\n\n\n<li><a>...<\/a><\/li>\n\n\n\n<li><a href='?page_no=595'>595<\/a><\/li>\n\n\n\n<li><a href='?page_no=596'>596<\/a><\/li>\n\n\n\n<li class='active'><a>597<\/a><\/li>\n\n\n\n<li><a href='?page_no=598'>598<\/a><\/li>\n\n\n\n<li><a href='?page_no=599'>599<\/a><\/li>\n\n\n\n<li><a>...<\/a><\/li>\n\n\n\n<li><a href='?page_no=22911'>22911<\/a><\/li>\n\n\n\n<li><a href='?page_no=22912'>22912<\/a><\/li>\n\n    \n\t\n\n<li >\n\t<a href='?page_no=598'>Next<\/a>\n\t<\/li>\n\n\n    \n\n<li><a href='?page_no=22912'>Last &rsaquo;&rsaquo;<\/a><\/li>\n\n<\/ul>\n\n\n--><br \/>\n<\/body><\/p>\n","protected":false},"excerpt":{"rendered":"<p>Diariodominicano.com Michel Piccoli, el discreto encanto de un monstruo sagrado del cine franc\u00e9s AFP\/Archivos \/ Pierre Andrieu Michel Piccoli llega a la Filmoteca Francesa para una retrospectiva dedicada a su obra, el 4 de septiembre el a\u00f1o 2013 en Par\u00eds Compa\u00f1ero de viaje de Luis Bu\u00f1uel, Michel Piccoli, fallecido a los 94 a\u00f1os, contribuy\u00f3 a [&hellip;]<\/p>\n","protected":false},"author":3,"featured_media":0,"comment_status":"open","ping_status":"open","sticky":false,"template":"","format":"standard","meta":{"footnotes":""},"categories":[21],"tags":[],"class_list":["post-53761","post","type-post","status-publish","format-standard","hentry","category-cultura"],"_links":{"self":[{"href":"https:\/\/diariodominicano.com\/index.php?rest_route=\/wp\/v2\/posts\/53761","targetHints":{"allow":["GET"]}}],"collection":[{"href":"https:\/\/diariodominicano.com\/index.php?rest_route=\/wp\/v2\/posts"}],"about":[{"href":"https:\/\/diariodominicano.com\/index.php?rest_route=\/wp\/v2\/types\/post"}],"author":[{"embeddable":true,"href":"https:\/\/diariodominicano.com\/index.php?rest_route=\/wp\/v2\/users\/3"}],"replies":[{"embeddable":true,"href":"https:\/\/diariodominicano.com\/index.php?rest_route=%2Fwp%2Fv2%2Fcomments&post=53761"}],"version-history":[{"count":0,"href":"https:\/\/diariodominicano.com\/index.php?rest_route=\/wp\/v2\/posts\/53761\/revisions"}],"wp:attachment":[{"href":"https:\/\/diariodominicano.com\/index.php?rest_route=%2Fwp%2Fv2%2Fmedia&parent=53761"}],"wp:term":[{"taxonomy":"category","embeddable":true,"href":"https:\/\/diariodominicano.com\/index.php?rest_route=%2Fwp%2Fv2%2Fcategories&post=53761"},{"taxonomy":"post_tag","embeddable":true,"href":"https:\/\/diariodominicano.com\/index.php?rest_route=%2Fwp%2Fv2%2Ftags&post=53761"}],"curies":[{"name":"wp","href":"https:\/\/api.w.org\/{rel}","templated":true}]}}