{"id":537596,"date":"2024-06-13T21:50:45","date_gmt":"2024-06-14T01:50:45","guid":{"rendered":"https:\/\/diariodominicano.com\/?p=537596"},"modified":"2024-06-13T22:42:30","modified_gmt":"2024-06-14T02:42:30","slug":"presentan-en-dominicana-libro-sobre-revolucionario-cubano-delio-gomez","status":"publish","type":"post","link":"https:\/\/diariodominicano.com\/?p=537596","title":{"rendered":"Presentan en Dominicana libro sobre revolucionario cubano Delio G\u00f3mez"},"content":{"rendered":"\n<p>Santo Domingo, 13 jun (Prensa Latina) La suerte de sobrevivir, Conversaciones con el Comandante del Ej\u00e9rcito Rebelde y H\u00e9roe Nacional de Rep\u00fablica Dominicana, el cubano Delio G\u00f3mez Ochoa, fue presentado hoy en este pa\u00eds en presencia de su protagonista.<\/p>\n\n\n\n<p>La Universidad Aut\u00f3noma de Santo Domingo (UASD) fue el sitio escogido para escuchar, en voz del \u00fanico sobreviviente de las expediciones del 14 y el 20 de junio de 1959, los pormenores de esa acci\u00f3n patri\u00f3tica para liberar a la Rep\u00fablica Dominicana de la dictadura trujillista.<\/p>\n\n\n\n<p>A sus casi 95 a\u00f1os, el Comandante habl\u00f3 durante casi una hora, de pie, con firmeza y emocionado, sobre los momentos vividos despu\u00e9s de su detenci\u00f3n cuando desembarc\u00f3 en Constanza, la c\u00e1rcel, las torturas en el penal clandestino de la calle 40 y su posterior regreso a Cuba.<\/p>\n\n\n\n<figure class=\"wp-block-gallery has-nested-images columns-default is-cropped wp-block-gallery-1 is-layout-flex wp-block-gallery-is-layout-flex\">\n<figure class=\"wp-block-image size-large\"><img loading=\"lazy\" decoding=\"async\" width=\"1024\" height=\"768\" data-id=\"537622\" src=\"https:\/\/diariodominicano.com\/wp-content\/uploads\/2024\/06\/Delio-Gomez-Ochoa.jpg\" alt=\"\" class=\"wp-image-537622\" srcset=\"https:\/\/diariodominicano.com\/wp-content\/uploads\/2024\/06\/Delio-Gomez-Ochoa.jpg 1024w, https:\/\/diariodominicano.com\/wp-content\/uploads\/2024\/06\/Delio-Gomez-Ochoa-300x225.jpg 300w, https:\/\/diariodominicano.com\/wp-content\/uploads\/2024\/06\/Delio-Gomez-Ochoa-768x576.jpg 768w, https:\/\/diariodominicano.com\/wp-content\/uploads\/2024\/06\/Delio-Gomez-Ochoa-816x612.jpg 816w\" sizes=\"auto, (max-width: 1024px) 100vw, 1024px\" \/><\/figure>\n\n\n\n<figure class=\"wp-block-image size-large\"><img loading=\"lazy\" decoding=\"async\" width=\"1024\" height=\"768\" data-id=\"537621\" src=\"https:\/\/diariodominicano.com\/wp-content\/uploads\/2024\/06\/Presentan-en-Dominicana-libro-revolucionario-cubano-Delio-Gomez.jpg\" alt=\"\" class=\"wp-image-537621\" srcset=\"https:\/\/diariodominicano.com\/wp-content\/uploads\/2024\/06\/Presentan-en-Dominicana-libro-revolucionario-cubano-Delio-Gomez.jpg 1024w, https:\/\/diariodominicano.com\/wp-content\/uploads\/2024\/06\/Presentan-en-Dominicana-libro-revolucionario-cubano-Delio-Gomez-300x225.jpg 300w, https:\/\/diariodominicano.com\/wp-content\/uploads\/2024\/06\/Presentan-en-Dominicana-libro-revolucionario-cubano-Delio-Gomez-768x576.jpg 768w, https:\/\/diariodominicano.com\/wp-content\/uploads\/2024\/06\/Presentan-en-Dominicana-libro-revolucionario-cubano-Delio-Gomez-816x612.jpg 816w\" sizes=\"auto, (max-width: 1024px) 100vw, 1024px\" \/><\/figure>\n<\/figure>\n\n\n\n<p>G\u00f3mez Ochoa no se arrepiente; hace 65 a\u00f1os vinimos a defender el derecho a la libertad de Rep\u00fablica Dominicana y lo volver\u00edamos a hacer en las mismas condiciones por nuestros hermanos que tanto aportaron en nuestras guerras por la independencia.<\/p>\n\n\n\n<p>De su lado, el autor de este valioso libro, el periodista cubano Wilmer Rodr\u00edguez, explic\u00f3 que el mismo recoge en 15 cap\u00edtulos la historia de la ra\u00edz familiar del Comandante, sus inicios en las luchas estudiantiles, su incorporaci\u00f3n a la lucha clandestina en Cuba y luego a la guerrilla con Fidel Castro en la Sierra Maestra, en la regi\u00f3n oriental,<\/p>\n\n\n\n<p>Fruto de varias entrevistas realizadas al comandante, detall\u00f3 al auditorio, muestra al lector una de las misiones m\u00e1s importantes asumidas por Delio G\u00f3mez Ochoa, la de acompa\u00f1ar como asesor a los revolucionarios dominicanos, cubanos y de otras naciones, que desembarcaron en las expediciones antitrujillistas de Maim\u00f3n, Constanza y Estero Hondo, en junio de 1959.<\/p>\n\n\n\n<p>Rodr\u00edguez destac\u00f3 que \u00abLa suerte de sobrevivir\u00bb atesora casi un siglo de vida y manifest\u00f3 que es un libro que naci\u00f3 y se forj\u00f3 entre Cuba y la Rep\u00fablica Dominicana. Agradeci\u00f3 en ese sentido al Movimiento Izquierda Unida (MIU) y al historiador cubano Eliades Acosta.<\/p>\n\n\n\n<p>De su lado, Acosta, prologuista del libro, expres\u00f3 que Delio es el h\u00e9roe de dos patrias y afirm\u00f3 que la expedici\u00f3n dominicana, derrocada militarmente, fue una victoria moral que propici\u00f3 que acontecimientos posteriores pudieran concatenarse y dar al traste con la dictadura de Rafael Le\u00f3nidas Trujillo.<\/p>\n\n\n\n<p>Por su parte, Antonio Medina Carca\u00f1o, director general de Cooperaci\u00f3n y Relaciones Nacionales e Internacionales de la UASD, defini\u00f3 al revolucionario como figura emblem\u00e1tica de la historia cubana y dominicana.<\/p>\n\n\n\n<p>Sostuvo que este acto es tambi\u00e9n de reconocimiento a la entrega y sacrificio de los patriotas que integraron las expediciones de 1959.<\/p>\n\n\n\n<p>A la actividad asistieron el embajador de Cuba en este pa\u00eds, \u00c1ngel Arzuaga, funcionarios de la misi\u00f3n estatal, el director de la biblioteca Pedro Mir, directivos de la facultad de Humanidades de la UASD, amigos de la solidaridad con Cuba, entre otros invitados.<\/p>\n\n\n\n<p>rgh\/mpv<\/p>\n","protected":false},"excerpt":{"rendered":"<p>Santo Domingo, 13 jun (Prensa Latina) La suerte de sobrevivir, Conversaciones con el Comandante del Ej\u00e9rcito Rebelde y H\u00e9roe Nacional de Rep\u00fablica Dominicana, el cubano Delio G\u00f3mez Ochoa, fue presentado hoy en este pa\u00eds en presencia de su protagonista. La Universidad Aut\u00f3noma de Santo Domingo (UASD) fue el sitio escogido para escuchar, en voz del [&hellip;]<\/p>\n","protected":false},"author":28,"featured_media":537623,"comment_status":"closed","ping_status":"closed","sticky":false,"template":"","format":"standard","meta":{"footnotes":""},"categories":[21,36,26],"tags":[],"class_list":["post-537596","post","type-post","status-publish","format-standard","has-post-thumbnail","hentry","category-cultura","category-hombresmujeresycosas","category-efemerides"],"_links":{"self":[{"href":"https:\/\/diariodominicano.com\/index.php?rest_route=\/wp\/v2\/posts\/537596","targetHints":{"allow":["GET"]}}],"collection":[{"href":"https:\/\/diariodominicano.com\/index.php?rest_route=\/wp\/v2\/posts"}],"about":[{"href":"https:\/\/diariodominicano.com\/index.php?rest_route=\/wp\/v2\/types\/post"}],"author":[{"embeddable":true,"href":"https:\/\/diariodominicano.com\/index.php?rest_route=\/wp\/v2\/users\/28"}],"replies":[{"embeddable":true,"href":"https:\/\/diariodominicano.com\/index.php?rest_route=%2Fwp%2Fv2%2Fcomments&post=537596"}],"version-history":[{"count":2,"href":"https:\/\/diariodominicano.com\/index.php?rest_route=\/wp\/v2\/posts\/537596\/revisions"}],"predecessor-version":[{"id":537628,"href":"https:\/\/diariodominicano.com\/index.php?rest_route=\/wp\/v2\/posts\/537596\/revisions\/537628"}],"wp:featuredmedia":[{"embeddable":true,"href":"https:\/\/diariodominicano.com\/index.php?rest_route=\/wp\/v2\/media\/537623"}],"wp:attachment":[{"href":"https:\/\/diariodominicano.com\/index.php?rest_route=%2Fwp%2Fv2%2Fmedia&parent=537596"}],"wp:term":[{"taxonomy":"category","embeddable":true,"href":"https:\/\/diariodominicano.com\/index.php?rest_route=%2Fwp%2Fv2%2Fcategories&post=537596"},{"taxonomy":"post_tag","embeddable":true,"href":"https:\/\/diariodominicano.com\/index.php?rest_route=%2Fwp%2Fv2%2Ftags&post=537596"}],"curies":[{"name":"wp","href":"https:\/\/api.w.org\/{rel}","templated":true}]}}