{"id":537586,"date":"2024-06-13T21:42:44","date_gmt":"2024-06-14T01:42:44","guid":{"rendered":"https:\/\/diariodominicano.com\/?p=537586"},"modified":"2024-06-13T21:43:02","modified_gmt":"2024-06-14T01:43:02","slug":"uruguay-perdio-a-jose-pepe-guerra-referente-de-su-musica","status":"publish","type":"post","link":"https:\/\/diariodominicano.com\/?p=537586","title":{"rendered":"Uruguay perdi\u00f3 a Jos\u00e9 \u00abPepe\u00bb Guerra, referente de su m\u00fasica"},"content":{"rendered":"\n<p>Montevideo, 13 jun (Prensa Latina) La m\u00fasica uruguaya, la folcl\u00f3rica en particular, perdi\u00f3 hoy a uno de sus exponentes, el cantante y compositor Jos\u00e9 \u00abPepe\u00bb Guerra.<\/p>\n\n\n\n<ul class=\"wp-block-list\">\n<li><a href=\"https:\/\/www.prensa-latina.cu\/2024\/06\/13\/\"><time>junio 13, 2024 | 20:27<\/time><\/a><\/li>\n<\/ul>\n\n\n\n<ul class=\"wp-block-list\">\n<li><a href=\"https:\/\/www.prensa-latina.cu\/2024\/06\/13\/uruguay-perdio-a-jose-pepe-guerra-referente-de-su-musica\/#\"><\/a><\/li>\n\n\n\n<li><a href=\"https:\/\/www.prensa-latina.cu\/2024\/06\/13\/uruguay-perdio-a-jose-pepe-guerra-referente-de-su-musica\/#\"><\/a><\/li>\n\n\n\n<li><a href=\"https:\/\/www.prensa-latina.cu\/2024\/06\/13\/uruguay-perdio-a-jose-pepe-guerra-referente-de-su-musica\/#\"><\/a><\/li>\n\n\n\n<li><a href=\"https:\/\/www.prensa-latina.cu\/2024\/06\/13\/uruguay-perdio-a-jose-pepe-guerra-referente-de-su-musica\/#\"><\/a><\/li>\n<\/ul>\n\n\n\n<p>Pepe Guerra muri\u00f3 a los 80 a\u00f1os y su partida f\u00edsica provoc\u00f3 expresiones de referentes pol\u00edticos, culturales y sociales del pa\u00eds.<\/p>\n\n\n\n<p>Fue integrante junto a Braulio L\u00f3pez de Los Olimare\u00f1os, considerado por expertos como el d\u00fao de folklore y canto popular m\u00e1s famoso e importante de esta naci\u00f3n sudamericana.<\/p>\n\n\n\n<p>Algunos de sus temas alcanzaron la estatura de himnos populares, consider\u00f3 el medio digital Subrayado.<\/p>\n\n\n\n<p>Tal es el caso de \u00abA don Jos\u00e9\u00bb, declarado Himno Popular del Uruguay por el Parlamento.<\/p>\n\n\n\n<p>El cantante fue uno de otros artistas uruguayos que debi\u00f3 marchar al exilio durante la dictadura militar.<\/p>\n\n\n\n<p>Por entonces acompa\u00f1\u00f3 la solidaridad internacional con su pueblo. Como solista grab\u00f3 varios discos y particip\u00f3 en conciertos nacionales y en el exterior y en 2009, la intendencia de Montevideo lo declar\u00f3 Ciudadano Ilustre.<\/p>\n\n\n\n<p>\u00abHasta siempre Pepe Guerra. Nos queda tu m\u00fasica\u00bb, suscribi\u00f3 en X la intendenta montevideana, con licencia, Carolina Cosse.<\/p>\n\n\n\n<p>Un gran icono de la cultura popular uruguaya, escribi\u00f3 a su vez el senador del Partido Nacional, Juan Sartori.<\/p>\n\n\n\n<p>Por su parte el compositor Jorge Nasser public\u00f3: \u00abTa llorando un pueblo entero tu partida Pepe, tu voz nos acompa\u00f1ar\u00e1 siempre\u00bb.<\/p>\n\n\n\n<p>rgh\/ool<\/p>\n","protected":false},"excerpt":{"rendered":"<p>Montevideo, 13 jun (Prensa Latina) La m\u00fasica uruguaya, la folcl\u00f3rica en particular, perdi\u00f3 hoy a uno de sus exponentes, el cantante y compositor Jos\u00e9 \u00abPepe\u00bb Guerra. Pepe Guerra muri\u00f3 a los 80 a\u00f1os y su partida f\u00edsica provoc\u00f3 expresiones de referentes pol\u00edticos, culturales y sociales del pa\u00eds. Fue integrante junto a Braulio L\u00f3pez de Los [&hellip;]<\/p>\n","protected":false},"author":28,"featured_media":537587,"comment_status":"closed","ping_status":"closed","sticky":false,"template":"","format":"standard","meta":{"footnotes":""},"categories":[21,36,25],"tags":[],"class_list":["post-537586","post","type-post","status-publish","format-standard","has-post-thumbnail","hentry","category-cultura","category-hombresmujeresycosas","category-gente"],"_links":{"self":[{"href":"https:\/\/diariodominicano.com\/index.php?rest_route=\/wp\/v2\/posts\/537586","targetHints":{"allow":["GET"]}}],"collection":[{"href":"https:\/\/diariodominicano.com\/index.php?rest_route=\/wp\/v2\/posts"}],"about":[{"href":"https:\/\/diariodominicano.com\/index.php?rest_route=\/wp\/v2\/types\/post"}],"author":[{"embeddable":true,"href":"https:\/\/diariodominicano.com\/index.php?rest_route=\/wp\/v2\/users\/28"}],"replies":[{"embeddable":true,"href":"https:\/\/diariodominicano.com\/index.php?rest_route=%2Fwp%2Fv2%2Fcomments&post=537586"}],"version-history":[{"count":2,"href":"https:\/\/diariodominicano.com\/index.php?rest_route=\/wp\/v2\/posts\/537586\/revisions"}],"predecessor-version":[{"id":537589,"href":"https:\/\/diariodominicano.com\/index.php?rest_route=\/wp\/v2\/posts\/537586\/revisions\/537589"}],"wp:featuredmedia":[{"embeddable":true,"href":"https:\/\/diariodominicano.com\/index.php?rest_route=\/wp\/v2\/media\/537587"}],"wp:attachment":[{"href":"https:\/\/diariodominicano.com\/index.php?rest_route=%2Fwp%2Fv2%2Fmedia&parent=537586"}],"wp:term":[{"taxonomy":"category","embeddable":true,"href":"https:\/\/diariodominicano.com\/index.php?rest_route=%2Fwp%2Fv2%2Fcategories&post=537586"},{"taxonomy":"post_tag","embeddable":true,"href":"https:\/\/diariodominicano.com\/index.php?rest_route=%2Fwp%2Fv2%2Ftags&post=537586"}],"curies":[{"name":"wp","href":"https:\/\/api.w.org\/{rel}","templated":true}]}}