{"id":537542,"date":"2024-06-13T19:39:26","date_gmt":"2024-06-13T23:39:26","guid":{"rendered":"https:\/\/diariodominicano.com\/?p=537542"},"modified":"2024-06-13T19:39:28","modified_gmt":"2024-06-13T23:39:28","slug":"valeria-conde-la-productora-venezolana-ganadora-de-emmy-detras-del-ascenso-musical-de-ryan-castro","status":"publish","type":"post","link":"https:\/\/diariodominicano.com\/?p=537542","title":{"rendered":"Valeria Conde la productora venezolana ganadora de Emmy, detr\u00e1s del ascenso musical de Ryan Castro"},"content":{"rendered":"\n<p>El 2023 le trajo a Valeria Conde muchos \u00e9xitos. Siendo uno de los talentos m\u00e1s j\u00f3venes venezolanos en ganar un Emmy, esta periodista y productora caraque\u00f1a no ha parado de lograr importantes objetivos dentro de la industria del entretenimiento a nivel latino.<\/p>\n\n\n\n<p>A sus 26 a\u00f1os, esta caraque\u00f1a que estudi\u00f3 Comunicaci\u00f3n Social en nuestro pa\u00eds, fue parte de la importante cadena de televisi\u00f3n Univisi\u00f3n. All\u00ed Valeria se convirti\u00f3 en una de las periodistas y productoras m\u00e1s j\u00f3venes del show matutino m\u00e1s importante de la televisi\u00f3n hispana: Despierta Am\u00e9rica. Colaborando de forma paralela con el Noticiero Univision y el programa especial del canal, Univisionarios. Esta venezolana no s\u00f3lo fue reconocida con un Emmy, sino que tambi\u00e9n le permiti\u00f3 abrir sus horizontes y expandir todos sus conocimientos al mundo de la m\u00fasica.<\/p>\n\n\n\n<p>En palabras de Valeria \u201cEl Emmy lo gan\u00e9 como productora asociada gracias al rol que tuve en el \u00e1rea de noticias de Despierta Am\u00e9rica. En septiembre del 2023 me dio la noticia una buena amiga, tambi\u00e9n de Univision. Actualmente trabajo en el equipo de management de Ryan Castro, un artista latino que va en ascenso y ha resultado toda una experiencia y reto laboral importante en mi carrera\u201d.<\/p>\n\n\n\n<p>Significando este Emmy un gran logro personal; Valeria se permiti\u00f3 descubrir otros territorios laborales. Desde hace un a\u00f1o, en el 2023, comienza su notable incursi\u00f3n en la industria de la m\u00fasica, trabajando como product manager en WK Records, la disquera de Walter Kolm, donde&nbsp;<\/p>\n\n\n\n<p>trabajando en el manejo de talento del productor musical, SOG y del artista Ryan Castro.&nbsp;<\/p>\n\n\n\n<p>Conocido como \u201cEl Cantante del Ghetto\u201d, Ryan, es uno de los 50 artistas latinos m\u00e1s escuchados del mundo. Nacido en Colombia, con m\u00e1s de 4 mil millones de reproducciones en plataformas digitales, este artista es, hoy en d\u00eda, parte de los proyectos principales de esta destacada periodista que contin\u00faa acumulando \u00e9xitos.<\/p>\n\n\n\n<p>Si quieres saber m\u00e1s de Valeria e inspirarte con este caso de \u00e9xito y constancia de los venezolanos m\u00e1s all\u00e1 de las fronteras, nuestra invitaci\u00f3n es para que visites sus redes sociales y te lleves un empuj\u00f3n de energ\u00eda.<\/p>\n\n\n\n<p>REDES SOCIALES<\/p>\n\n\n\n<p>IG: valconde<\/p>\n","protected":false},"excerpt":{"rendered":"<p>El 2023 le trajo a Valeria Conde muchos \u00e9xitos. Siendo uno de los talentos m\u00e1s j\u00f3venes venezolanos en ganar un Emmy, esta periodista y productora caraque\u00f1a no ha parado de lograr importantes objetivos dentro de la industria del entretenimiento a nivel latino. A sus 26 a\u00f1os, esta caraque\u00f1a que estudi\u00f3 Comunicaci\u00f3n Social en nuestro pa\u00eds, [&hellip;]<\/p>\n","protected":false},"author":7,"featured_media":537548,"comment_status":"closed","ping_status":"closed","sticky":false,"template":"","format":"standard","meta":{"footnotes":""},"categories":[25],"tags":[],"class_list":["post-537542","post","type-post","status-publish","format-standard","has-post-thumbnail","hentry","category-gente"],"_links":{"self":[{"href":"https:\/\/diariodominicano.com\/index.php?rest_route=\/wp\/v2\/posts\/537542","targetHints":{"allow":["GET"]}}],"collection":[{"href":"https:\/\/diariodominicano.com\/index.php?rest_route=\/wp\/v2\/posts"}],"about":[{"href":"https:\/\/diariodominicano.com\/index.php?rest_route=\/wp\/v2\/types\/post"}],"author":[{"embeddable":true,"href":"https:\/\/diariodominicano.com\/index.php?rest_route=\/wp\/v2\/users\/7"}],"replies":[{"embeddable":true,"href":"https:\/\/diariodominicano.com\/index.php?rest_route=%2Fwp%2Fv2%2Fcomments&post=537542"}],"version-history":[{"count":1,"href":"https:\/\/diariodominicano.com\/index.php?rest_route=\/wp\/v2\/posts\/537542\/revisions"}],"predecessor-version":[{"id":537549,"href":"https:\/\/diariodominicano.com\/index.php?rest_route=\/wp\/v2\/posts\/537542\/revisions\/537549"}],"wp:featuredmedia":[{"embeddable":true,"href":"https:\/\/diariodominicano.com\/index.php?rest_route=\/wp\/v2\/media\/537548"}],"wp:attachment":[{"href":"https:\/\/diariodominicano.com\/index.php?rest_route=%2Fwp%2Fv2%2Fmedia&parent=537542"}],"wp:term":[{"taxonomy":"category","embeddable":true,"href":"https:\/\/diariodominicano.com\/index.php?rest_route=%2Fwp%2Fv2%2Fcategories&post=537542"},{"taxonomy":"post_tag","embeddable":true,"href":"https:\/\/diariodominicano.com\/index.php?rest_route=%2Fwp%2Fv2%2Ftags&post=537542"}],"curies":[{"name":"wp","href":"https:\/\/api.w.org\/{rel}","templated":true}]}}