{"id":53750,"date":"2020-05-19T17:30:43","date_gmt":"2020-05-19T17:30:43","guid":{"rendered":"http:\/\/diariodominicano.ddns.net\/?p=53750"},"modified":"2020-05-19T17:30:43","modified_gmt":"2020-05-19T17:30:43","slug":"consejo-nacional-de-educacion-se-reunira-este-miercoles-para-analizar-actual-y-siguiente-ano-escolar","status":"publish","type":"post","link":"https:\/\/diariodominicano.com\/?p=53750","title":{"rendered":"Consejo Nacional de Educaci\u00f3n se reunir\u00e1 este mi\u00e9rcoles para analizar actual y siguiente a\u00f1o escolar"},"content":{"rendered":"<p><body><\/p>\n<p><img decoding=\"async\" src=\"img3\/MINERD19.jpg\" \/>  <\/p>\n<p><span class=\"text1noticias\">diariodominicano.com<\/span><\/p>\n<p><span class=\"text1noticias\"> <\/span><\/p>\n<p><span class=\"text1noticias\"> <\/span><\/p>\n<p><span class=\"text1noticias\">Santo Domingo, R. D., 19 de mayo, 2020.- El Consejo Nacional de Educaci\u00f3n fue convocado por el ministro Antonio Pe\u00f1a Mirabal para reunirse este mi\u00e9rcoles 20 a las 11:00 am en el Polit\u00e9cnico V\u00edctor Estrella Liz (La Perito) para tratar los temas sobre Pruebas Nacionales, conclusi\u00f3n del a\u00f1o escolar 2019-2020 y el inicio del ciclo siguiente en agosto pr\u00f3ximo. <\/span><\/p>\n<p><span class=\"text1noticias\"> <\/span><\/p>\n<p><span class=\"text1noticias\">En el encuentro se analizar\u00e1n las estrategias y metodolog\u00edas que ser\u00e1n aplicadas en el regreso a las aulas en el pr\u00f3ximo a\u00f1o escolar 2020-2021, adem\u00e1s de c\u00f3mo y cu\u00e1ndo concluir\u00e1 el presente en curso y lo relativo a las Pruebas Nacionales que ser\u00edan impartidas en julio de este a\u00f1o.<\/span><\/p>\n<p><span class=\"text1noticias\"> <\/span><\/p>\n<p><span class=\"text1noticias\">En ese sentido, el ministro de Educaci\u00f3n dijo que el pa\u00eds ha entrado en una fase de soluciones directas a las circunstancias que trajo la pandemia del COVID-19 y la implementaci\u00f3n de la cuarentena que gener\u00f3 la suspensi\u00f3n de la docencia presencial el pasado 12 de marzo. <\/span><\/p>\n<p><span class=\"text1noticias\"> <\/span><\/p>\n<p><span class=\"text1noticias\">Pe\u00f1a Mirabal precis\u00f3 que una de las propuestas del MINERD es promover a todos los estudiantes cuyas calificaciones sobre pasen el 70 % del promedio y los que no alcancen ese nivel, ser\u00e1n promovidos bajo condiciones de estudios extras y trabajos acad\u00e9micos. <\/span><\/p>\n<p><span class=\"text1noticias\"> <\/span><\/p>\n<p><span class=\"text1noticias\">La propuesta contempla evaluar a los estudiantes hasta donde se pudo llegar con el calendario escolar, que se precis\u00f3 en un 70 % del curr\u00edculo, aunque la docencia concluye   oficialmente en junio pr\u00f3ximo. <\/span><\/p>\n<p><span class=\"text1noticias\"> <\/span><\/p>\n<p><span class=\"text1noticias\">\u00abEntramos en una etapa de apertura gradual de la econom\u00eda y las familias comenzar\u00e1n sus labores, lo que implica que debemos dar respuestas precisas del presente y futuro de la educaci\u00f3n nacional. Si Dios lo permite, pronto tendremos soluciones\u00bb, precis\u00f3 Mirabal. <\/span><\/p>\n<p><span class=\"text1noticias\"> <\/span><\/p>\n<p><span class=\"text1noticias\">En ese orden, reiter\u00f3 el agradecimiento y orgullo por la forma en que la comunidad educativa asumi\u00f3 el reto de la ense\u00f1anza y el aprendizaje a distancia, garantizando que la Revoluci\u00f3n Educativa no se frenar\u00e1 y garantizando que se contin\u00fae el proceso formativo. <\/span><\/p>\n<p><span class=\"text1noticias\"> <\/span><\/p>\n<p><span class=\"text1noticias\">\u00abNuestros maestros, estudiantes y sus familias son h\u00e9roes tambi\u00e9n en esta pandemia porque han hecho esfuerzos muy significativos para que la educaci\u00f3n se mantuviera en pie y eso confirma que tenemos un pueblo comprometido con la ense\u00f1anza\u00bb, acot\u00f3. <\/span><\/p>\n<p><span class=\"text1noticias\"> <\/span><\/p>\n<p><span class=\"text1noticias\">Fuente: <\/span>Prensa MINERD <\/p>\n<p><span class=\"text1noticias\">Direcci\u00f3n de Comunicaci\u00f3n y Relaciones P\u00fablicas<\/span><\/p>\n<p><span class=\"text1noticias\">Licda. Magdalena Nu\u00f1ez<\/span><\/p>\n<p><span class=\"text1noticias\">Enc. Relaciones Publicas<\/span><\/p>\n<p>Ministerio Educaci\u00f3n Rep\u00fablica Dominicana<\/p>\n<p><span class=\"text1noticias\">19 de mayo 2020 <\/span><\/p>\n<h6> 2020-05-19 17:30:43 <\/h6>\n<p><!--\n<link rel=\"stylesheet\" href=\"css\/bootstrap.min.css\">\n\n\n<ul class=\"pagination\">\n\t    \n\t\n\n<li >\n\t<a href='?page_no=595'>Previous<\/a>\n\t<\/li>\n\n\n       \n    \n\n<li><a href='?page_no=1'>1<\/a><\/li>\n\n\n\n<li><a href='?page_no=2'>2<\/a><\/li>\n\n\n\n<li><a>...<\/a><\/li>\n\n\n\n<li><a href='?page_no=594'>594<\/a><\/li>\n\n\n\n<li><a href='?page_no=595'>595<\/a><\/li>\n\n\n\n<li class='active'><a>596<\/a><\/li>\n\n\n\n<li><a href='?page_no=597'>597<\/a><\/li>\n\n\n\n<li><a href='?page_no=598'>598<\/a><\/li>\n\n\n\n<li><a>...<\/a><\/li>\n\n\n\n<li><a href='?page_no=22911'>22911<\/a><\/li>\n\n\n\n<li><a href='?page_no=22912'>22912<\/a><\/li>\n\n    \n\t\n\n<li >\n\t<a href='?page_no=597'>Next<\/a>\n\t<\/li>\n\n\n    \n\n<li><a href='?page_no=22912'>Last &rsaquo;&rsaquo;<\/a><\/li>\n\n<\/ul>\n\n\n--><br \/>\n<\/body><\/p>\n","protected":false},"excerpt":{"rendered":"<p>diariodominicano.com Santo Domingo, R. D., 19 de mayo, 2020.- El Consejo Nacional de Educaci\u00f3n fue convocado por el ministro Antonio Pe\u00f1a Mirabal para reunirse este mi\u00e9rcoles 20 a las 11:00 am en el Polit\u00e9cnico V\u00edctor Estrella Liz (La Perito) para tratar los temas sobre Pruebas Nacionales, conclusi\u00f3n del a\u00f1o escolar 2019-2020 y el inicio del [&hellip;]<\/p>\n","protected":false},"author":3,"featured_media":0,"comment_status":"open","ping_status":"open","sticky":false,"template":"","format":"standard","meta":{"footnotes":""},"categories":[21],"tags":[],"class_list":["post-53750","post","type-post","status-publish","format-standard","hentry","category-cultura"],"_links":{"self":[{"href":"https:\/\/diariodominicano.com\/index.php?rest_route=\/wp\/v2\/posts\/53750","targetHints":{"allow":["GET"]}}],"collection":[{"href":"https:\/\/diariodominicano.com\/index.php?rest_route=\/wp\/v2\/posts"}],"about":[{"href":"https:\/\/diariodominicano.com\/index.php?rest_route=\/wp\/v2\/types\/post"}],"author":[{"embeddable":true,"href":"https:\/\/diariodominicano.com\/index.php?rest_route=\/wp\/v2\/users\/3"}],"replies":[{"embeddable":true,"href":"https:\/\/diariodominicano.com\/index.php?rest_route=%2Fwp%2Fv2%2Fcomments&post=53750"}],"version-history":[{"count":0,"href":"https:\/\/diariodominicano.com\/index.php?rest_route=\/wp\/v2\/posts\/53750\/revisions"}],"wp:attachment":[{"href":"https:\/\/diariodominicano.com\/index.php?rest_route=%2Fwp%2Fv2%2Fmedia&parent=53750"}],"wp:term":[{"taxonomy":"category","embeddable":true,"href":"https:\/\/diariodominicano.com\/index.php?rest_route=%2Fwp%2Fv2%2Fcategories&post=53750"},{"taxonomy":"post_tag","embeddable":true,"href":"https:\/\/diariodominicano.com\/index.php?rest_route=%2Fwp%2Fv2%2Ftags&post=53750"}],"curies":[{"name":"wp","href":"https:\/\/api.w.org\/{rel}","templated":true}]}}