{"id":537476,"date":"2024-06-13T10:28:50","date_gmt":"2024-06-13T14:28:50","guid":{"rendered":"https:\/\/diariodominicano.com\/?p=537476"},"modified":"2024-06-13T10:28:54","modified_gmt":"2024-06-13T14:28:54","slug":"prensa-latina-es-arma-de-los-pueblos-contra-el-imperio","status":"publish","type":"post","link":"https:\/\/diariodominicano.com\/?p=537476","title":{"rendered":"Prensa Latina es arma de los pueblos contra el imperio"},"content":{"rendered":"\n<p>La Habana, 13 jun (Prensa Latina) El presidente de Casa de las Am\u00e9ricas, Abel Prieto, calific\u00f3 hoy aqu\u00ed a la agencia Prensa Latina como arma de los pueblos latinoamericanos y caribe\u00f1os para enfrentar la maquinaria de manipulaci\u00f3n del imperialismo.<\/p>\n\n\n\n<ul class=\"wp-block-list\">\n<li><a href=\"https:\/\/www.prensa-latina.cu\/2024\/06\/13\/\"><time>junio 13, 2024 | 08:10<\/time><\/a><\/li>\n<\/ul>\n\n\n\n<ul class=\"wp-block-list\">\n<li><a href=\"https:\/\/www.prensa-latina.cu\/2024\/06\/13\/prensa-latina-es-arma-de-los-pueblos-contra-el-imperio\/#\"><\/a><\/li>\n\n\n\n<li><a href=\"https:\/\/www.prensa-latina.cu\/2024\/06\/13\/prensa-latina-es-arma-de-los-pueblos-contra-el-imperio\/#\"><\/a><\/li>\n\n\n\n<li><a href=\"https:\/\/www.prensa-latina.cu\/2024\/06\/13\/prensa-latina-es-arma-de-los-pueblos-contra-el-imperio\/#\"><\/a><\/li>\n\n\n\n<li><a href=\"https:\/\/www.prensa-latina.cu\/2024\/06\/13\/prensa-latina-es-arma-de-los-pueblos-contra-el-imperio\/#\"><\/a><\/li>\n<\/ul>\n\n\n\n<p>El destacado intelectual cubano record\u00f3 en un mensaje divulgado en X que el medio de comunicaci\u00f3n \u2013con sede en esta capital y corresponsal\u00edas y colaboradores en unos 40 pa\u00edses- se cre\u00f3 en 1959 con el prop\u00f3sito tambi\u00e9n de enfrentar las campa\u00f1as de las oligarqu\u00edas y en defensa de la verdad.<\/p>\n\n\n\n<p>La v\u00edspera, en la habanera Casa del Alba fue inaugurada la exposici\u00f3n fotogr\u00e1fica Testigo de la Historia, como parte de las actividades por los 65 a\u00f1os de este medio<\/p>\n\n\n\n<p>Las instant\u00e1neas, tomadas por los fotorreporteros de la Agencia Informativa Latinoamericana Prensa Latina en todas las latitudes, revelan el rico archivo hist\u00f3rico de Prensa Latina e incluye im\u00e1genes de los l\u00edderes revolucionarios Fidel Castro, Ernesto Che Guevara y Ra\u00fal Castro, as\u00ed como de Jorge Ricardo Masetti, su primer presidente, entre otras personalidades.<\/p>\n\n\n\n<p>La muestra re\u00fane adem\u00e1s im\u00e1genes de momentos significativos de las seis d\u00e9cadas y media de labor de divulgaci\u00f3n de la verdad sobre la Revoluci\u00f3n cubana y las causas populares de Am\u00e9rica Latina y el mundo, frente a la cruzada desinformativa de los grandes medios de comunicaci\u00f3n hegem\u00f3nicos.<\/p>\n\n\n\n<p>Como parte de las actividades por el aniversario se desarrollar\u00e1n tambi\u00e9n presentaciones de libros y profesionales del \u00f3rgano de prensa visitar\u00e1n la secundaria b\u00e1sica Jorge Ricardo Masetti, de esta capital.<\/p>\n\n\n\n<p>Las jornadas de celebraciones se extendieron a varias naciones, incluidas en cuatro ciudades de Estados Unidos, en el contexto de la visita a ese pa\u00eds de directivos para participar en el Congreso Hispanoamericano de Prensa, celebrado en Nueva York el 31 de mayo y 1 de junio.<\/p>\n\n\n\n<p>De acuerdo con los organizadores de los homenajes a la agencia de noticias, el acto central por la efem\u00e9ride tendr\u00e1 lugar ma\u00f1ana en Casa de Las Am\u00e9ricas.<\/p>\n\n\n\n<p>jf\/lld<\/p>\n","protected":false},"excerpt":{"rendered":"<p>La Habana, 13 jun (Prensa Latina) El presidente de Casa de las Am\u00e9ricas, Abel Prieto, calific\u00f3 hoy aqu\u00ed a la agencia Prensa Latina como arma de los pueblos latinoamericanos y caribe\u00f1os para enfrentar la maquinaria de manipulaci\u00f3n del imperialismo. El destacado intelectual cubano record\u00f3 en un mensaje divulgado en X que el medio de comunicaci\u00f3n [&hellip;]<\/p>\n","protected":false},"author":28,"featured_media":537477,"comment_status":"closed","ping_status":"closed","sticky":false,"template":"","format":"standard","meta":{"footnotes":""},"categories":[26,23],"tags":[],"class_list":["post-537476","post","type-post","status-publish","format-standard","has-post-thumbnail","hentry","category-efemerides","category-internacional"],"_links":{"self":[{"href":"https:\/\/diariodominicano.com\/index.php?rest_route=\/wp\/v2\/posts\/537476","targetHints":{"allow":["GET"]}}],"collection":[{"href":"https:\/\/diariodominicano.com\/index.php?rest_route=\/wp\/v2\/posts"}],"about":[{"href":"https:\/\/diariodominicano.com\/index.php?rest_route=\/wp\/v2\/types\/post"}],"author":[{"embeddable":true,"href":"https:\/\/diariodominicano.com\/index.php?rest_route=\/wp\/v2\/users\/28"}],"replies":[{"embeddable":true,"href":"https:\/\/diariodominicano.com\/index.php?rest_route=%2Fwp%2Fv2%2Fcomments&post=537476"}],"version-history":[{"count":1,"href":"https:\/\/diariodominicano.com\/index.php?rest_route=\/wp\/v2\/posts\/537476\/revisions"}],"predecessor-version":[{"id":537478,"href":"https:\/\/diariodominicano.com\/index.php?rest_route=\/wp\/v2\/posts\/537476\/revisions\/537478"}],"wp:featuredmedia":[{"embeddable":true,"href":"https:\/\/diariodominicano.com\/index.php?rest_route=\/wp\/v2\/media\/537477"}],"wp:attachment":[{"href":"https:\/\/diariodominicano.com\/index.php?rest_route=%2Fwp%2Fv2%2Fmedia&parent=537476"}],"wp:term":[{"taxonomy":"category","embeddable":true,"href":"https:\/\/diariodominicano.com\/index.php?rest_route=%2Fwp%2Fv2%2Fcategories&post=537476"},{"taxonomy":"post_tag","embeddable":true,"href":"https:\/\/diariodominicano.com\/index.php?rest_route=%2Fwp%2Fv2%2Ftags&post=537476"}],"curies":[{"name":"wp","href":"https:\/\/api.w.org\/{rel}","templated":true}]}}