{"id":53739,"date":"2020-05-19T18:52:01","date_gmt":"2020-05-19T18:52:01","guid":{"rendered":"http:\/\/diariodominicano.ddns.net\/?p=53739"},"modified":"2020-05-19T18:52:01","modified_gmt":"2020-05-19T18:52:01","slug":"matan-en-emboscada-al-coronel-rafael-fernandez-dominguez-y-companeros","status":"publish","type":"post","link":"https:\/\/diariodominicano.com\/?p=53739","title":{"rendered":"Matan en emboscada al coronel Rafael Fern\u00e1ndez Dom\u00ednguez y compa\u00f1eros"},"content":{"rendered":"<p><body><\/p>\n<p><img decoding=\"async\" src=\"img3\/rafaelT1800.jpg\" \/>  <\/p>\n<p><strong>Diariodominicano.com<\/strong><\/p>\n<p><strong>Matan en emboscada al coronel Rafael Fern\u00e1ndez Dom\u00ednguez y compa\u00f1eros<\/strong><\/p>\n<\/p>\n<p>El objetivo de la misi\u00f3n que encabezaba era toma del Palacio Nacional quera ocupado por tropas estadounidenses y miembros del \u00abGobierno de Reconstrucci\u00f3n Nacional\u00bb que encabezaba el general Antonio Imbert Barreras.<\/p>\n<\/p>\n<p><strong>   SANTO DOMINGO, el 19 de Mayo de 1965,murieron<\/strong>  en una emboscada que tendieron tropas del Gobierno de  Estados Unidos, del   presidente Lindon B. Jonson, el  coronel Rafael Fern\u00e1ndez Dom\u00ednguez, l\u00edder de los militares constitucionalistas que lucharon por el retorno del profesor Juan Bosch a la Presidencia de la Rep\u00fablica. Con Fern\u00e1ndez Dom\u00ednguez cayeron Juan Miguel Rom\u00e1n, Euclides Morillo, y el entrenador militar italiano Ilio Capocci, entre otros  otros.<\/p>\n<\/p>\n<p>El objetivo de la misi\u00f3n que encabezaba era toma del Palacio Nacional quera ocupado por tropas estadounidenses y miembros del \u00abGobierno de Reconstrucci\u00f3n Nacional\u00bb que encabezaba el general Antonio Imbert Barreras.<\/p>\n<\/p>\n<p>   Desde que Juan Bosch fue derrocado el 25 de septiembre de 1965, el coronel Fern\u00e1ndez Dom\u00ednguez y otros militares iniciaron un plan para acabar con el Gobierno de facto del Triunvirato y restaurar el Gobierno constitucional de 1963.<\/p>\n<\/p>\n<p>    En la guerra de Abril de 1965, Rafael Fern\u00e1ndez Dom\u00ednguez desempe\u00f1\u00f3 un papel de primera l\u00ednea y muri\u00f3  cuando se dirig\u00eda a tomar el  Palacio Nacional y fue sorprendido por una emboscada que tendieron militares de Estados Unidos, de los que intervinieron el pa\u00eds el 28 de Abril de 1965.<\/p>\n<\/p>\n<p>    El cuerpo sin vida de Fern\u00e1ndez Dom\u00ednguez cay\u00f3 en la calle 30 de Marzo, en la intersecci\u00f3n con la calle Abreu, en el sector San Carlos de la Capital,el 19 de Mayo de 1965.<\/p>\n<\/p>\n<p><strong>El Coronel Constitucionalista<\/strong><\/p>\n<\/p>\n<p>Fern\u00e1ndez Dom\u00ednguez hab\u00eda nacido el  18 de septiembre de 1934 en la secci\u00f3n  Damajuana, municipio de Esperanza. Fueron sus padres el General Ludovino Fern\u00e1ndez Malag\u00f3n y Gloria Erminda Domingu\u00e9z Cruz.<\/p>\n<\/p>\n<p> En 1952,  fue investido  Bachiller en Ciencias F\u00edsicas y Matem\u00e1ticas y el 27 de diciembre del mismo a\u00f1o ingres\u00f3 a la Universidad de Santo Domingo,  a cursar la carrera de ingenier\u00eda, cuyos estudios  interrumpi\u00f3 cuando ingres\u00f3 a las filas del Ej\u00e9rcito Nacional, como Cadete en la Academia Militar Batalla de Las Carreras.<\/p>\n<\/p>\n<p>All\u00ed curso estudios  de  1954  a  1956,  para  graduarse de  Bachiller en Ciencias Militares. El 22 de diciembre de ese mismo a\u00f1o contrajo matrimonio  con Alma Arlette Fern\u00e1ndez, con quien form\u00f3 una familia de  cinco hijos.<\/p>\n<\/p>\n<p>En febrero de 1957 ingres\u00f3  a Fort Clayton en la Zona del Canal de Panam\u00e1 para hacer  un curso militar. <\/p>\n<\/p>\n<p>En 1961 con  el rango de  Capit\u00e1n,  desempe\u00f1\u00f3 el cargo de Jefe de la Base A\u00e9rea de San Isidro. El 18 de enero de 1962, con  el rango de Mayor de la Fuerza A\u00e9rea Dominicana (FAD), liber\u00f3 a los miembros del Consejo de Estado, detenidos en el Club de Oficiales de esa instituci\u00f3n por \u00f3rdenes del ex general Pedro Rafael Ram\u00f3n Rodr\u00edguez Echavarr\u00eda, quien fue depuesto ese mismo d\u00eda, tras  intentar  un golpe de Estado. <\/p>\n<\/p>\n<p>Fern\u00e1ndez Dom\u00ednguez fue ascendido  a Teniente Coronel, y nombrado Subjefe de la Fuerza A\u00e9rea. Luego fue pasado al  Ej\u00e9rcito Nacional y enviado en noviembre de 1962 a Fort Gulick, en Panam\u00e1 para participar en un curso de Comando y Estado Mayor. Alcanz\u00f3 el segundo lugar entre los 31 militares de Am\u00e9rica Latina y los Estados Unidos de Am\u00e9rica  que participaron.<\/p>\n<\/p>\n<p>Un incidente en el que fue protagonista,  se  produjo cuando se opuso a que le fuera concedido el rango de general a Luis Amiama Ti\u00f3 y a Antonio Imbert Barreras,  sobrevivientes del complot que culmin\u00f3 con el  asesinato del dictador Rafael Leonidas Trujillo Molina,  el 30 de mayo de 1961. En opini\u00f3n de Fern\u00e1ndez Dom\u00ednguez, por considerar que  los rangos concedidos  constitu\u00edan una violaci\u00f3n a las normas  militares.<\/p>\n<\/p>\n<p>En Junio de 1963 realiz\u00f3 otro curso de Instrucci\u00f3n de Infanter\u00eda Avanzada. Ese mismo a\u00f1o fue nombrado  Director de la Academia Militar \u00abBatalla de Las Carreras\u00bb de la Fuerza A\u00e9rea Dominicana.<\/p>\n<\/p>\n<p>Al ser depuesto el gobierno constitucional del  presidente Juan Bosch, el Coronel Fern\u00e1ndez Dom\u00ednguez intent\u00f3 organizar un movimiento de resistencia militar.  El 23 de octubre de ese mismo a\u00f1o fue nombrado por el  Gobierno de facto del Triunvirato,  Agregado Militar  dominicano en Espa\u00f1a.<\/p>\n<\/p>\n<p> Desde Espa\u00f1a  escribi\u00f3   a sus compa\u00f1eros de armas exhort\u00e1ndoles a continuar con los preparativos del contragolpe. En diciembre de 1964 logr\u00f3 un permiso para entrar al pa\u00eds por tres d\u00edas y aunque estaba continuamente vigilado, logr\u00f3 establecer contactos con los simpatizantes del movimiento conspirativo contra el Triunvirato, al cual y por invitaci\u00f3n suya, se incorpor\u00f3 el Coronel Francisco Alberto Caama\u00f1o De\u00f1\u00f3.<\/p>\n<\/p>\n<p>Al concluir los tres d\u00edas del permiso tuvo que  abandonar el pa\u00eds  como Agregado Militar en Chile. <\/p>\n<\/p>\n<p> Fern\u00e1ndez Dom\u00ednguez estaba convencido de lo importante  que era para la causa  la conservaci\u00f3n de su rango militar, raz\u00f3n por la cual acept\u00f3 los nombramientos  en el exterior. En una carta fechada 22 de marzo de 1965 que envi\u00f3   desde Santiago de Chile a uno de los oficiales de su grupo, expres\u00f3: \u00abRespecto a mi posici\u00f3n dentro del Ej\u00e9rcito, estoy firme y definitivamente convencido que no debo abandonarla, a\u00fan sea bajo la m\u00e1s fuerte de las presiones, ya que es la \u00fanica forma en que hoy, ma\u00f1ana o alg\u00fan d\u00eda podr\u00e9  -en una u otra forma-  cooperar en la reestructuraci\u00f3n definitiva de las FFAA dominicanas.\u00bb<\/p>\n<\/p>\n<p>Respecto a la importancia hist\u00f3rica del movimiento constitucionalista  que lideraba, y por no haber tenido \u00e9xito en un intento de materializarlo, el Coronel Fern\u00e1ndez Dom\u00ednguez escribi\u00f3 el 21 de abril de 1964:  \u00abLa historia de la Rep\u00fablica Dominicana no se ha escrito a\u00fan&#8230; y tengo la firme convicci\u00f3n de que nuestro abortado movimiento ser\u00e1 un cap\u00edtulo de esa historia&#8230; La problem\u00e1tica dominicana es bien clara, todo descansar\u00e1 dentro de poco tiempo en la joven oficial\u00eda, la cual deber\u00e1 ser reconquistada por nosotros, por todos los medios.\u00bb<\/p>\n<\/p>\n<p>En Chile recibi\u00f3 la noticia del derrocamiento del Triunvirato  el  24 de abril de 1965 e inmediatamente tom\u00f3 un avi\u00f3n v\u00eda Puerto Rico para regresar al pa\u00eds aunque no pudo entrar a la Rep\u00fablica Dominicana porque el aeropuerto se encontraba cerrado por tropas que se opon\u00edan al movimiento constitucionalista. <\/p>\n<\/p>\n<p> El Coronel Fern\u00e1ndez Dom\u00ednguez, que hab\u00eda sido nombrado Ministro de Interior y Polic\u00eda en el Gabinete designado por el Gobierno Constitucionalista presidido por el Coronel Francisco Alberto Caama\u00f1o De\u00f1\u00f3, logr\u00f3 entrar al pa\u00eds  despu\u00e9s de varios intentos,  el d\u00eda 14  de mayo de 1965 mientras se realizaban negociaciones entre el gobierno constitucionalista de  Caama\u00f1o y los representantes de las fuerzas estadounidenses  que hab\u00edan invadido el pa\u00eds.<\/p>\n<\/p>\n<p>El  19 de mayo de 1965,  cuando  muri\u00f3  en la avenida San Mart\u00edn,  en la intersecci\u00f3n con la calle Abreu,  llevaba cinco d\u00edas en el cargo.<\/p>\n<\/p>\n<h6> 2020-05-19 18:52:01 <\/h6>\n<p><!--\n<link rel=\"stylesheet\" href=\"css\/bootstrap.min.css\">\n\n\n<ul class=\"pagination\">\n\t    \n\t\n\n<li >\n\t<a href='?page_no=594'>Previous<\/a>\n\t<\/li>\n\n\n       \n    \n\n<li><a href='?page_no=1'>1<\/a><\/li>\n\n\n\n<li><a href='?page_no=2'>2<\/a><\/li>\n\n\n\n<li><a>...<\/a><\/li>\n\n\n\n<li><a href='?page_no=593'>593<\/a><\/li>\n\n\n\n<li><a href='?page_no=594'>594<\/a><\/li>\n\n\n\n<li class='active'><a>595<\/a><\/li>\n\n\n\n<li><a href='?page_no=596'>596<\/a><\/li>\n\n\n\n<li><a href='?page_no=597'>597<\/a><\/li>\n\n\n\n<li><a>...<\/a><\/li>\n\n\n\n<li><a href='?page_no=22911'>22911<\/a><\/li>\n\n\n\n<li><a href='?page_no=22912'>22912<\/a><\/li>\n\n    \n\t\n\n<li >\n\t<a href='?page_no=596'>Next<\/a>\n\t<\/li>\n\n\n    \n\n<li><a href='?page_no=22912'>Last &rsaquo;&rsaquo;<\/a><\/li>\n\n<\/ul>\n\n\n--><br \/>\n<\/body><\/p>\n","protected":false},"excerpt":{"rendered":"<p>Diariodominicano.com Matan en emboscada al coronel Rafael Fern\u00e1ndez Dom\u00ednguez y compa\u00f1eros El objetivo de la misi\u00f3n que encabezaba era toma del Palacio Nacional quera ocupado por tropas estadounidenses y miembros del \u00abGobierno de Reconstrucci\u00f3n Nacional\u00bb que encabezaba el general Antonio Imbert Barreras. SANTO DOMINGO, el 19 de Mayo de 1965,murieron en una emboscada que tendieron [&hellip;]<\/p>\n","protected":false},"author":3,"featured_media":0,"comment_status":"open","ping_status":"open","sticky":false,"template":"","format":"standard","meta":{"footnotes":""},"categories":[21],"tags":[],"class_list":["post-53739","post","type-post","status-publish","format-standard","hentry","category-cultura"],"_links":{"self":[{"href":"https:\/\/diariodominicano.com\/index.php?rest_route=\/wp\/v2\/posts\/53739","targetHints":{"allow":["GET"]}}],"collection":[{"href":"https:\/\/diariodominicano.com\/index.php?rest_route=\/wp\/v2\/posts"}],"about":[{"href":"https:\/\/diariodominicano.com\/index.php?rest_route=\/wp\/v2\/types\/post"}],"author":[{"embeddable":true,"href":"https:\/\/diariodominicano.com\/index.php?rest_route=\/wp\/v2\/users\/3"}],"replies":[{"embeddable":true,"href":"https:\/\/diariodominicano.com\/index.php?rest_route=%2Fwp%2Fv2%2Fcomments&post=53739"}],"version-history":[{"count":0,"href":"https:\/\/diariodominicano.com\/index.php?rest_route=\/wp\/v2\/posts\/53739\/revisions"}],"wp:attachment":[{"href":"https:\/\/diariodominicano.com\/index.php?rest_route=%2Fwp%2Fv2%2Fmedia&parent=53739"}],"wp:term":[{"taxonomy":"category","embeddable":true,"href":"https:\/\/diariodominicano.com\/index.php?rest_route=%2Fwp%2Fv2%2Fcategories&post=53739"},{"taxonomy":"post_tag","embeddable":true,"href":"https:\/\/diariodominicano.com\/index.php?rest_route=%2Fwp%2Fv2%2Ftags&post=53739"}],"curies":[{"name":"wp","href":"https:\/\/api.w.org\/{rel}","templated":true}]}}