{"id":537344,"date":"2024-06-12T23:44:53","date_gmt":"2024-06-13T03:44:53","guid":{"rendered":"https:\/\/diariodominicano.com\/?p=537344"},"modified":"2024-06-12T23:47:33","modified_gmt":"2024-06-13T03:47:33","slug":"matrimonios-igualitarios-celebrados-en-el-extranjero-surten-efectos-juridicos-en-el-pais-afirma-eduardo-jorge-prats","status":"publish","type":"post","link":"https:\/\/diariodominicano.com\/?p=537344","title":{"rendered":"Matrimonios igualitarios celebrados en el extranjero surten efectos jur\u00eddicos en RD, afirma Eduardo Jorge Prats"},"content":{"rendered":"\n<p>Eduardo Jorge Prats<\/p>\n\n\n\n<p><strong>Santo Domingo, RD. \u2013<\/strong>\u00a0El abogado y pol\u00edtico Eduardo Jorge Prats afirm\u00f3 que los matrimonios igualitarios celebrados en el extranjero surten efectos jur\u00eddicos en el pa\u00eds, conforme al derecho internacional privado, ya que no hay una prohibici\u00f3n ni constitucional ni legal para ese tipo de uniones.<\/p>\n\n\n\n<p>Prats explic\u00f3 que la Constituci\u00f3n de la Rep\u00fablica Dominicana no establece una prohibici\u00f3n del matrimonio igualitario, pero s\u00ed instaura la pol\u00edtica p\u00fablica de que el Estado debe promover el matrimonio y la uni\u00f3n heterosexual.<\/p>\n\n\n\n<p>Indic\u00f3 que a partir de esa condici\u00f3n el legislador, conforme evoluciona la sociedad, podr\u00eda establecer el matrimonio igualitario y que mientras tanto, muchos dominicanos y dominicanas est\u00e1n concertando uniones consensuales y matrimonios igualitarios fuera del pa\u00eds.<\/p>\n\n\n\n<p>Entrevistado en el programa Toque Final con Julio Mart\u00ednez Pozo que se transmite por Antena 7, el abogado explic\u00f3 que no se sabe&nbsp;cu\u00e1l ser\u00e1 la corriente que finalmente adoptar\u00e1 el pa\u00eds al respecto.<\/p>\n\n\n\n<p>&nbsp;\u00a8Entendemos que, por el conservadurismo reinante, por el hecho de que ni siquiera se ha podido legalizar el aborto para algunos supuestos excepcionales, no somos muy optimistas en cuanto a que pueda establecerse el estatuto del matrimonio igualitario en el pa\u00eds hasta tanto las tendencias sociales no tengan una mayor liberalizaci\u00f3n e igualdad\u00a8, expres\u00f3.<\/p>\n\n\n\n<p>En tanto, manifest\u00f3 que est\u00e1 en contra de que los ni\u00f1os puedan escoger su preferencia sexual, porque el sexo es un dato biol\u00f3gico y la orientaci\u00f3n sexual debe dejarse a los adultos que libre y voluntariamente puedan optar por la misma.<\/p>\n\n\n\n<p>\u00a8Estamos de acuerdo con una educaci\u00f3n integral en todas las escuelas, con un eje transversal para fomentar la responsabilidad y la abstinencia mientras se es menor de edad y para cuando se alcance la mayor\u00eda de edad pueda estar consciente sobre el tema de las relaciones sexuales\u00a8, agreg\u00f3 el abogado. &nbsp;<\/p>\n\n\n\n<p><strong>Prog. Toque Final<\/strong><\/p>\n\n\n\n<p><strong>Julio Mart\u00ednez Pozo<\/strong><\/p>\n\n\n\n<p><strong>Antena 7<\/strong><\/p>\n","protected":false},"excerpt":{"rendered":"<p>Eduardo Jorge Prats Santo Domingo, RD. \u2013\u00a0El abogado y pol\u00edtico Eduardo Jorge Prats afirm\u00f3 que los matrimonios igualitarios celebrados en el extranjero surten efectos jur\u00eddicos en el pa\u00eds, conforme al derecho internacional privado, ya que no hay una prohibici\u00f3n ni constitucional ni legal para ese tipo de uniones. Prats explic\u00f3 que la Constituci\u00f3n de la [&hellip;]<\/p>\n","protected":false},"author":28,"featured_media":521430,"comment_status":"closed","ping_status":"closed","sticky":false,"template":"","format":"standard","meta":{"footnotes":""},"categories":[36,24],"tags":[],"class_list":["post-537344","post","type-post","status-publish","format-standard","has-post-thumbnail","hentry","category-hombresmujeresycosas","category-justicia-y-derecho"],"_links":{"self":[{"href":"https:\/\/diariodominicano.com\/index.php?rest_route=\/wp\/v2\/posts\/537344","targetHints":{"allow":["GET"]}}],"collection":[{"href":"https:\/\/diariodominicano.com\/index.php?rest_route=\/wp\/v2\/posts"}],"about":[{"href":"https:\/\/diariodominicano.com\/index.php?rest_route=\/wp\/v2\/types\/post"}],"author":[{"embeddable":true,"href":"https:\/\/diariodominicano.com\/index.php?rest_route=\/wp\/v2\/users\/28"}],"replies":[{"embeddable":true,"href":"https:\/\/diariodominicano.com\/index.php?rest_route=%2Fwp%2Fv2%2Fcomments&post=537344"}],"version-history":[{"count":3,"href":"https:\/\/diariodominicano.com\/index.php?rest_route=\/wp\/v2\/posts\/537344\/revisions"}],"predecessor-version":[{"id":537348,"href":"https:\/\/diariodominicano.com\/index.php?rest_route=\/wp\/v2\/posts\/537344\/revisions\/537348"}],"wp:featuredmedia":[{"embeddable":true,"href":"https:\/\/diariodominicano.com\/index.php?rest_route=\/wp\/v2\/media\/521430"}],"wp:attachment":[{"href":"https:\/\/diariodominicano.com\/index.php?rest_route=%2Fwp%2Fv2%2Fmedia&parent=537344"}],"wp:term":[{"taxonomy":"category","embeddable":true,"href":"https:\/\/diariodominicano.com\/index.php?rest_route=%2Fwp%2Fv2%2Fcategories&post=537344"},{"taxonomy":"post_tag","embeddable":true,"href":"https:\/\/diariodominicano.com\/index.php?rest_route=%2Fwp%2Fv2%2Ftags&post=537344"}],"curies":[{"name":"wp","href":"https:\/\/api.w.org\/{rel}","templated":true}]}}