{"id":537177,"date":"2024-06-12T09:46:11","date_gmt":"2024-06-12T13:46:11","guid":{"rendered":"https:\/\/diariodominicano.com\/?p=537177"},"modified":"2024-06-12T09:46:15","modified_gmt":"2024-06-12T13:46:15","slug":"lider-parlamentario-de-cuba-felicita-a-rusia-por-su-dia-nacional","status":"publish","type":"post","link":"https:\/\/diariodominicano.com\/?p=537177","title":{"rendered":"L\u00edder parlamentario de Cuba felicita a Rusia por su D\u00eda Nacional"},"content":{"rendered":"\n<p>La Habana, 12 jun (Prensa Latina) El presidente de la Asamblea Nacional del Poder Popular de Cuba (parlamento), Esteban Lazo, felicit\u00f3 hoy a Rusia por su D\u00eda Nacional, celebrado aqu\u00ed con una ceremonia que destac\u00f3 los lazos fraternales entre ambas naciones.<\/p>\n\n\n\n<ul class=\"wp-block-list\">\n<li><a href=\"https:\/\/www.prensa-latina.cu\/2024\/06\/12\/\"><time>junio 12, 2024 | 09:25<\/time><\/a><\/li>\n<\/ul>\n\n\n\n<ul class=\"wp-block-list\">\n<li><a href=\"https:\/\/www.prensa-latina.cu\/2024\/06\/12\/lider-parlamentario-de-cuba-felicita-a-rusia-por-su-dia-nacional\/#\"><\/a><\/li>\n\n\n\n<li><a href=\"https:\/\/www.prensa-latina.cu\/2024\/06\/12\/lider-parlamentario-de-cuba-felicita-a-rusia-por-su-dia-nacional\/#\"><\/a><\/li>\n\n\n\n<li><a href=\"https:\/\/www.prensa-latina.cu\/2024\/06\/12\/lider-parlamentario-de-cuba-felicita-a-rusia-por-su-dia-nacional\/#\"><\/a><\/li>\n\n\n\n<li><a href=\"https:\/\/www.prensa-latina.cu\/2024\/06\/12\/lider-parlamentario-de-cuba-felicita-a-rusia-por-su-dia-nacional\/#\"><\/a><\/li>\n<\/ul>\n\n\n\n<p>Lazo utiliz\u00f3 la red social X para enviar una especial felicitaci\u00f3n \u201cal hermano pueblo ruso y a sus autoridades parlamentarias del Consejo de la Federaci\u00f3n y de la Duma Estatal de la Asamblea Federal de la Federaci\u00f3n de Rusia\u201d\u2022<\/p>\n\n\n\n<p>El tambi\u00e9n titular del Consejo de Estado de la Rep\u00fablica de Cuba expres\u00f3 que \u201ccontinuaremos fortaleciendo nuestras relaciones bilaterales\u00bb<\/p>\n\n\n\n<p>La v\u00edspera la isla caribe\u00f1a conmemor\u00f3 la fecha nacional del pa\u00eds eslavo con un acto que resalt\u00f3 los fraternales v\u00ednculos bilaterales que hoy se profundizan y avanzan en el prop\u00f3sito de elevar las relaciones econ\u00f3micas al mismo nivel que las pol\u00edticas.<\/p>\n\n\n\n<p>En ese contexto, se resaltaron los lazos cordiales en 64 a\u00f1os de relaciones ininterrumpidas, primero con la URSS y luego con Rusia una muestra de solidaridad que \u201cha superado las pruebas del tiempo\u201d, afirm\u00f3 Fernando Gonz\u00e1lez, presidente del Instituto Cubano de Amistad con los Pueblos (ICAP), sede de la celebraci\u00f3n.<\/p>\n\n\n\n<p>Gonz\u00e1lez reafirm\u00f3 la continuidad del fortalecimiento de los lazos de hermandad, expresada en el intercambio entre ambos gobiernos al m\u00e1s alto nivel, remarc\u00f3, en referencia a las cuatro visitas realizadas por el presidente Miguel D\u00edaz-Canel a Rusia en las cuales sostuvo encuentros con el mandatario ruso Vladimir Putin, y adoptaron acuerdos empresariales, comerciales y culturales.<\/p>\n\n\n\n<p>Por su parte, Viktor Koronelli, embajador de la Federaci\u00f3n de Rusia, manifest\u00f3 su complacencia por la celebraci\u00f3n del D\u00eda de Rusia en Cuba, pa\u00eds al que calific\u00f3 de aliado clave en Am\u00e9rica Latina y el Caribe, y se\u00f1al\u00f3 la coincidencia de ambas naciones en la necesidad de \u201cun orden mundial multipolar, m\u00e1s justo y equitativo\u201d, dijo.<\/p>\n\n\n\n<p>El jefe de la legaci\u00f3n diplom\u00e1tica rusa aqu\u00ed conden\u00f3 las sanciones y el bloqueo a Cuba, y destac\u00f3 los nexos cubano-rusos que, dijo, est\u00e1n en auge y se trabaja para reimpulsarlos en las esferas econ\u00f3micas y comerciales.<\/p>\n\n\n\n<p>La Federaci\u00f3n de Rusia participa en proyectos del Programa de Desarrollo Econ\u00f3mico y Social de Cuba hasta 2030 en la rama energ\u00e9tica, la industria, el transporte y otras, en tanto, se ha convertido en mercado importante para el turismo con incrementos de viajeros a la Isla.<\/p>\n\n\n\n<p>mem\/lld<\/p>\n","protected":false},"excerpt":{"rendered":"<p>La Habana, 12 jun (Prensa Latina) El presidente de la Asamblea Nacional del Poder Popular de Cuba (parlamento), Esteban Lazo, felicit\u00f3 hoy a Rusia por su D\u00eda Nacional, celebrado aqu\u00ed con una ceremonia que destac\u00f3 los lazos fraternales entre ambas naciones. Lazo utiliz\u00f3 la red social X para enviar una especial felicitaci\u00f3n \u201cal hermano pueblo [&hellip;]<\/p>\n","protected":false},"author":28,"featured_media":537178,"comment_status":"closed","ping_status":"closed","sticky":false,"template":"","format":"standard","meta":{"footnotes":""},"categories":[26,23],"tags":[],"class_list":["post-537177","post","type-post","status-publish","format-standard","has-post-thumbnail","hentry","category-efemerides","category-internacional"],"_links":{"self":[{"href":"https:\/\/diariodominicano.com\/index.php?rest_route=\/wp\/v2\/posts\/537177","targetHints":{"allow":["GET"]}}],"collection":[{"href":"https:\/\/diariodominicano.com\/index.php?rest_route=\/wp\/v2\/posts"}],"about":[{"href":"https:\/\/diariodominicano.com\/index.php?rest_route=\/wp\/v2\/types\/post"}],"author":[{"embeddable":true,"href":"https:\/\/diariodominicano.com\/index.php?rest_route=\/wp\/v2\/users\/28"}],"replies":[{"embeddable":true,"href":"https:\/\/diariodominicano.com\/index.php?rest_route=%2Fwp%2Fv2%2Fcomments&post=537177"}],"version-history":[{"count":1,"href":"https:\/\/diariodominicano.com\/index.php?rest_route=\/wp\/v2\/posts\/537177\/revisions"}],"predecessor-version":[{"id":537179,"href":"https:\/\/diariodominicano.com\/index.php?rest_route=\/wp\/v2\/posts\/537177\/revisions\/537179"}],"wp:featuredmedia":[{"embeddable":true,"href":"https:\/\/diariodominicano.com\/index.php?rest_route=\/wp\/v2\/media\/537178"}],"wp:attachment":[{"href":"https:\/\/diariodominicano.com\/index.php?rest_route=%2Fwp%2Fv2%2Fmedia&parent=537177"}],"wp:term":[{"taxonomy":"category","embeddable":true,"href":"https:\/\/diariodominicano.com\/index.php?rest_route=%2Fwp%2Fv2%2Fcategories&post=537177"},{"taxonomy":"post_tag","embeddable":true,"href":"https:\/\/diariodominicano.com\/index.php?rest_route=%2Fwp%2Fv2%2Ftags&post=537177"}],"curies":[{"name":"wp","href":"https:\/\/api.w.org\/{rel}","templated":true}]}}