{"id":537174,"date":"2024-06-12T09:43:58","date_gmt":"2024-06-12T13:43:58","guid":{"rendered":"https:\/\/diariodominicano.com\/?p=537174"},"modified":"2024-06-12T09:44:02","modified_gmt":"2024-06-12T13:44:02","slug":"canciller-de-cuba-rinde-tributo-a-fidel-y-heroes-de-rusia-fotos","status":"publish","type":"post","link":"https:\/\/diariodominicano.com\/?p=537174","title":{"rendered":"Canciller de Cuba rinde tributo a Fidel y h\u00e9roes de Rusia (+Fotos)"},"content":{"rendered":"\n<p>Mosc\u00fa, 12 jun (Prensa Latina) Al monumento dedicado al l\u00edder hist\u00f3rico de la Revoluci\u00f3n cubana, Fidel Castro (1926-2016), lleg\u00f3 hoy el canciller de Cuba, Bruno Rodr\u00edguez, y la delegaci\u00f3n que lo acompa\u00f1a en su visita oficial a Rusia.<\/p>\n\n\n\n<ul class=\"wp-block-list\">\n<li><a href=\"https:\/\/www.prensa-latina.cu\/2024\/06\/12\/\"><time>junio 12, 2024 | 03:42<\/time><\/a><\/li>\n<\/ul>\n\n\n\n<ul class=\"wp-block-list\">\n<li><a href=\"https:\/\/www.prensa-latina.cu\/2024\/06\/12\/canciller-de-cuba-rinde-tributo-a-fidel-y-heroes-de-rusia\/#\"><\/a><\/li>\n\n\n\n<li><a href=\"https:\/\/www.prensa-latina.cu\/2024\/06\/12\/canciller-de-cuba-rinde-tributo-a-fidel-y-heroes-de-rusia\/#\"><\/a><\/li>\n\n\n\n<li><a href=\"https:\/\/www.prensa-latina.cu\/2024\/06\/12\/canciller-de-cuba-rinde-tributo-a-fidel-y-heroes-de-rusia\/#\"><\/a><\/li>\n\n\n\n<li><a href=\"https:\/\/www.prensa-latina.cu\/2024\/06\/12\/canciller-de-cuba-rinde-tributo-a-fidel-y-heroes-de-rusia\/#\"><\/a><\/li>\n<\/ul>\n\n\n\n<p>\u201cAl l\u00edder hist\u00f3rico de la Revoluci\u00f3n cubana del pueblo y Gobierno de Cuba\u201d, se lee en las bandas del arreglo floral depositado por el ministro de Relaciones Exteriores en la escultura erigida en su honor en el distrito de Sokol, de Mosc\u00fa.<\/p>\n\n\n\n<figure class=\"wp-block-image\"><img decoding=\"async\" src=\"https:\/\/www.prensa-latina.cu\/wp-content\/uploads\/2024\/06\/Bruno-Moscu-Homenaje-Fidel1.jpg\" alt=\"\" class=\"wp-image-980362\"\/><\/figure>\n\n\n\n<p>La obra escult\u00f3rica a Fidel inaugurada por los presidentes de Cuba, Miguel D\u00edaz-Canel, y de la naci\u00f3n eslava Vladimir Putin, el 22 de noviembre de 2022, representa un homenaje de la sociedad rusa a quien catalogan como paradigma de Latinoam\u00e9rica y el mundo.<\/p>\n\n\n\n<p>En la plaza que lleva el nombre del invicto Comandante en Jefe desde 2017, se erigi\u00f3 una estatua de bronce de tres metros de altura, que representa al joven barbudo con uniforme militar con su tradicional boina, de pie sobre un bloque de piedra con el mapa de Cuba.<\/p>\n\n\n\n<p>Tras su develaci\u00f3n el arquitecto y el escultor de la obra, Andrey Beliy y Alexey Chebanenko, respectivamente, precisaron que el conjunto escult\u00f3rico representa el camino heroico de un hombre que defend\u00eda los derechos de la gente en su naci\u00f3n.<\/p>\n\n\n\n<figure class=\"wp-block-image\"><img decoding=\"async\" src=\"https:\/\/www.prensa-latina.cu\/wp-content\/uploads\/2024\/06\/Bruno-Moscu-Plaza-Roja.jpg\" alt=\"\" class=\"wp-image-980363\"\/><\/figure>\n\n\n\n<p>Igualmente, el jefe de la diplomacia de la naci\u00f3n caribe\u00f1a visit\u00f3 la Tumba del Soldado Desconocido, para rendir tributo a los h\u00e9roes de la Gran Guerra Patria (1941-1945).<\/p>\n\n\n\n<figure class=\"wp-block-image\"><img decoding=\"async\" src=\"https:\/\/www.prensa-latina.cu\/wp-content\/uploads\/2024\/06\/Bruno-Moscu-Plaza-Roja1.jpg\" alt=\"\" class=\"wp-image-980364\"\/><\/figure>\n\n\n\n<p>En el sitio hist\u00f3rico, de obligatoria visita para todo el que llega a Mosc\u00fa, el ministro cubano deposit\u00f3 una ofrenda floral para homenajear a los ca\u00eddos en los enfrentamientos contra la Alemania nazi en la Segunda Guerra Mundial. Luego de ambas actividades Rodr\u00edguez y la delegaci\u00f3n que lo acompa\u00f1a establecer\u00e1n conversaciones bilaterales con el ministro de Asuntos Exteriores de Rusia, Sergu\u00e9i Lavrov.<\/p>\n\n\n\n<p>oda \/odf<\/p>\n","protected":false},"excerpt":{"rendered":"<p>Mosc\u00fa, 12 jun (Prensa Latina) Al monumento dedicado al l\u00edder hist\u00f3rico de la Revoluci\u00f3n cubana, Fidel Castro (1926-2016), lleg\u00f3 hoy el canciller de Cuba, Bruno Rodr\u00edguez, y la delegaci\u00f3n que lo acompa\u00f1a en su visita oficial a Rusia. \u201cAl l\u00edder hist\u00f3rico de la Revoluci\u00f3n cubana del pueblo y Gobierno de Cuba\u201d, se lee en las [&hellip;]<\/p>\n","protected":false},"author":28,"featured_media":537175,"comment_status":"closed","ping_status":"closed","sticky":false,"template":"","format":"standard","meta":{"footnotes":""},"categories":[36,26,23],"tags":[],"class_list":["post-537174","post","type-post","status-publish","format-standard","has-post-thumbnail","hentry","category-hombresmujeresycosas","category-efemerides","category-internacional"],"_links":{"self":[{"href":"https:\/\/diariodominicano.com\/index.php?rest_route=\/wp\/v2\/posts\/537174","targetHints":{"allow":["GET"]}}],"collection":[{"href":"https:\/\/diariodominicano.com\/index.php?rest_route=\/wp\/v2\/posts"}],"about":[{"href":"https:\/\/diariodominicano.com\/index.php?rest_route=\/wp\/v2\/types\/post"}],"author":[{"embeddable":true,"href":"https:\/\/diariodominicano.com\/index.php?rest_route=\/wp\/v2\/users\/28"}],"replies":[{"embeddable":true,"href":"https:\/\/diariodominicano.com\/index.php?rest_route=%2Fwp%2Fv2%2Fcomments&post=537174"}],"version-history":[{"count":1,"href":"https:\/\/diariodominicano.com\/index.php?rest_route=\/wp\/v2\/posts\/537174\/revisions"}],"predecessor-version":[{"id":537176,"href":"https:\/\/diariodominicano.com\/index.php?rest_route=\/wp\/v2\/posts\/537174\/revisions\/537176"}],"wp:featuredmedia":[{"embeddable":true,"href":"https:\/\/diariodominicano.com\/index.php?rest_route=\/wp\/v2\/media\/537175"}],"wp:attachment":[{"href":"https:\/\/diariodominicano.com\/index.php?rest_route=%2Fwp%2Fv2%2Fmedia&parent=537174"}],"wp:term":[{"taxonomy":"category","embeddable":true,"href":"https:\/\/diariodominicano.com\/index.php?rest_route=%2Fwp%2Fv2%2Fcategories&post=537174"},{"taxonomy":"post_tag","embeddable":true,"href":"https:\/\/diariodominicano.com\/index.php?rest_route=%2Fwp%2Fv2%2Ftags&post=537174"}],"curies":[{"name":"wp","href":"https:\/\/api.w.org\/{rel}","templated":true}]}}