{"id":53706,"date":"2020-05-20T00:37:34","date_gmt":"2020-05-20T00:37:34","guid":{"rendered":"http:\/\/diariodominicano.ddns.net\/?p=53706"},"modified":"2020-05-20T00:37:34","modified_gmt":"2020-05-20T00:37:34","slug":"fallece-cristobal-colon-2","status":"publish","type":"post","link":"https:\/\/diariodominicano.com\/?p=53706","title":{"rendered":"Fallece Crist\u00f3bal Col\u00f3n"},"content":{"rendered":"<p><body><\/p>\n<p><strong>Fallece Crist\u00f3bal Col\u00f3n<\/strong><\/p>\n<p><strong>SANTO DOMINGO, el  20 de Mayo de 1506<\/strong>,  muri\u00f3 en Valladolid,  Espa\u00f1a,  Crist\u00f3bal Col\u00f3n, quien hab\u00eda encabezado la primera misi\u00f3n  europea que lleg\u00f3 al continente Americano el d\u00eda 12 de octubre de 1492.<\/p>\n<p>      Crist\u00f3bal Col\u00f3n muri\u00f3 en la soledad, ya que hab\u00eda sido olvidado hasta por sus amigos y la monarqu\u00eda de Espa\u00f1a.<\/p>\n<p>    Crist\u00f3bal Col\u00f3n y su comitiva descubrieron el 12 de octubre de 1492, la isla de Guanahan\u00ed, en el Archipi\u00e9lago de las Bahamas y la bautizaron con el nombre de San Salvador.<\/p>\n<p>      Asimismo, Crist\u00f3bal Col\u00f3n  descubri\u00f3 la isla de Santo Domingo, el 5 de diciembre de 1492. De la isla de Santo Domingo, Col\u00f3n dijo que es la tierra m\u00e1s bella que ojos humanos hayan visto.<\/p>\n<p>Col\u00f3n  emprendi\u00f3 la misi\u00f3n  luego de llegar a un  acuerdo con la monarqu\u00eda espa\u00f1ola. La enciclopedia  Wikipedia  indica que las  negociaciones entre  Crist\u00f3bal Col\u00f3n y la Corona se realizaron a trav\u00e9s del secretario de la Corona de Arag\u00f3n,  Juan de Coloma,  y de fray Juan P\u00e9rez, en  representaci\u00f3n de Col\u00f3n.<\/p>\n<p>5El resultado de las negociaciones fueron las Capitulaciones de Santa Fe, del 17 de abril de 1492, cuyos alcances no fueron honrados por la Monarqu\u00eda de Espa\u00f1a.<\/p>\n<p>En virtud del  contrato documentado Col\u00f3n obtendr\u00eda  las siguientes prebendas:<\/p>\n<p>?\tEl t\u00edtulo de Almirante en todas las tierras que descubriese o ganase en la mar Oc\u00e9ana, con car\u00e1cter hereditario y con el mismo rango que el Almirante de Castilla.<\/p>\n<p>?\tEl t\u00edtulo de virrey, tambi\u00e9n hereditario y gobernador general en todas las islas o tierras firmes que descubriera o ganara en dichos mares, recibiendo el derecho de proponer ternas para el gobierno de cada una de ellas.<\/p>\n<p>?\tEl diezmo, o el diez por ciento del producto neto de la mercader\u00eda comprada, ganada, hallada o trocada dentro de los l\u00edmites del Almirantazgo, quedando un quinto para la corona.<\/p>\n<p>?\tLa jurisdicci\u00f3n comercial de los pleitos derivados del comercio en la zona de su almirantazgo, seg\u00fan correspondiese a tal oficio.<\/p>\n<p>?\tEl derecho a contribuir con un octavo de la expedici\u00f3n y participar de las ganancias en esa misma proporci\u00f3n.<\/p>\n<\/p>\n<p>Las Capitulaciones fueron firmadas en Santa Fe de Granada el 30 de abril de 1492, a la vez que se conced\u00eda a Col\u00f3n el t\u00edtulo de don.<\/p>\n<p>Se despacharon, adem\u00e1s, diversas c\u00e9dulas para la organizaci\u00f3n del viaje. Seg\u00fan una de ellas, Col\u00f3n ser\u00eda Capit\u00e1n Mayor de la Armada, constituida por tres nav\u00edos. Otra c\u00e9dula era una Real Provisi\u00f3n dirigida a ciertos vecinos de la villa de Palos y dec\u00eda que deb\u00edan proporcionar dos carabelas equipadas y tripuladas como pago de una sanci\u00f3n impuesta a los  vecinos.<\/p>\n<p>Una tercera real provisi\u00f3n concedida a Col\u00f3n, por los Reyes Cat\u00f3licos, obligaba a las villas de las costas andaluzas,y por medio de una comisi\u00f3n posterior dirigida a la villa de Moguer, a ceder dos barcos a la empresa descubridora, agrega Wikipedia.<\/p>\n<p> Crist\u00f3bal Col\u00f3n ejecut\u00f3 esta Real provisi\u00f3n en el Puerto de la Ribera de esta localidad, embargando dos barcos en presencia del escribano Alonso Pardo, embarcaciones que m\u00e1s tarde fueron desechadas.<\/p>\n<p>     Cuando se produjo la muerte de Crist\u00f3bal Col\u00f3n, el 20 de Mayo de 1506, el hecho no tuvo trascendencia, porque  el descubridor de Am\u00e9rica era un hombre olvidado.<\/p>\n<p>    En la ocasi\u00f3n  ni siquiera recibi\u00f3 la solidaridad de sus amigos.<\/p>\n<h6> 2020-05-20 00:37:34 <\/h6>\n<p><!--\n<link rel=\"stylesheet\" href=\"css\/bootstrap.min.css\">\n\n\n<ul class=\"pagination\">\n\t    \n\t\n\n<li >\n\t<a href='?page_no=591'>Previous<\/a>\n\t<\/li>\n\n\n       \n    \n\n<li><a href='?page_no=1'>1<\/a><\/li>\n\n\n\n<li><a href='?page_no=2'>2<\/a><\/li>\n\n\n\n<li><a>...<\/a><\/li>\n\n\n\n<li><a href='?page_no=590'>590<\/a><\/li>\n\n\n\n<li><a href='?page_no=591'>591<\/a><\/li>\n\n\n\n<li class='active'><a>592<\/a><\/li>\n\n\n\n<li><a href='?page_no=593'>593<\/a><\/li>\n\n\n\n<li><a href='?page_no=594'>594<\/a><\/li>\n\n\n\n<li><a>...<\/a><\/li>\n\n\n\n<li><a href='?page_no=22911'>22911<\/a><\/li>\n\n\n\n<li><a href='?page_no=22912'>22912<\/a><\/li>\n\n    \n\t\n\n<li >\n\t<a href='?page_no=593'>Next<\/a>\n\t<\/li>\n\n\n    \n\n<li><a href='?page_no=22912'>Last &rsaquo;&rsaquo;<\/a><\/li>\n\n<\/ul>\n\n\n--><br \/>\n<\/body><\/p>\n","protected":false},"excerpt":{"rendered":"<p>Fallece Crist\u00f3bal Col\u00f3n SANTO DOMINGO, el 20 de Mayo de 1506, muri\u00f3 en Valladolid, Espa\u00f1a, Crist\u00f3bal Col\u00f3n, quien hab\u00eda encabezado la primera misi\u00f3n europea que lleg\u00f3 al continente Americano el d\u00eda 12 de octubre de 1492. Crist\u00f3bal Col\u00f3n muri\u00f3 en la soledad, ya que hab\u00eda sido olvidado hasta por sus amigos y la monarqu\u00eda de [&hellip;]<\/p>\n","protected":false},"author":3,"featured_media":0,"comment_status":"open","ping_status":"open","sticky":false,"template":"","format":"standard","meta":{"footnotes":""},"categories":[21],"tags":[],"class_list":["post-53706","post","type-post","status-publish","format-standard","hentry","category-cultura"],"_links":{"self":[{"href":"https:\/\/diariodominicano.com\/index.php?rest_route=\/wp\/v2\/posts\/53706","targetHints":{"allow":["GET"]}}],"collection":[{"href":"https:\/\/diariodominicano.com\/index.php?rest_route=\/wp\/v2\/posts"}],"about":[{"href":"https:\/\/diariodominicano.com\/index.php?rest_route=\/wp\/v2\/types\/post"}],"author":[{"embeddable":true,"href":"https:\/\/diariodominicano.com\/index.php?rest_route=\/wp\/v2\/users\/3"}],"replies":[{"embeddable":true,"href":"https:\/\/diariodominicano.com\/index.php?rest_route=%2Fwp%2Fv2%2Fcomments&post=53706"}],"version-history":[{"count":0,"href":"https:\/\/diariodominicano.com\/index.php?rest_route=\/wp\/v2\/posts\/53706\/revisions"}],"wp:attachment":[{"href":"https:\/\/diariodominicano.com\/index.php?rest_route=%2Fwp%2Fv2%2Fmedia&parent=53706"}],"wp:term":[{"taxonomy":"category","embeddable":true,"href":"https:\/\/diariodominicano.com\/index.php?rest_route=%2Fwp%2Fv2%2Fcategories&post=53706"},{"taxonomy":"post_tag","embeddable":true,"href":"https:\/\/diariodominicano.com\/index.php?rest_route=%2Fwp%2Fv2%2Ftags&post=53706"}],"curies":[{"name":"wp","href":"https:\/\/api.w.org\/{rel}","templated":true}]}}