{"id":537007,"date":"2024-06-11T19:32:40","date_gmt":"2024-06-11T23:32:40","guid":{"rendered":"https:\/\/diariodominicano.com\/?p=537007"},"modified":"2024-06-11T19:32:42","modified_gmt":"2024-06-11T23:32:42","slug":"la-doctora-que-canta-tania-medina-lanza-mi-reflejo-nueva-bachata-pegajosa-con-letras-apasionadas","status":"publish","type":"post","link":"https:\/\/diariodominicano.com\/?p=537007","title":{"rendered":"La Doctora que Canta: Tania Medina lanza \u00abMi Reflejo\u00bb, nueva bachata pegajosa con letras apasionadas"},"content":{"rendered":"\n<p>\u00abMi Reflejo\u00bb es una sensual canci\u00f3n de bachata con ritmos contagiosos del pop que te llevaran en un viaje emocional que te har\u00e1 bailar y sentir.<\/p>\n\n\n\n<p>El videoclip fue filmado en la Ciudad de M\u00e9xico.<\/p>\n\n\n\n<p>Ciudad de M\u00e9xico- La talentosa Tania Medina, conocida en la industria musical como \u00abLa doctora que canta\u00bb, nos presenta su m\u00e1s reciente tema titulado \u00abMi Reflejo\u00bb. En esta ocasi\u00f3n, nos deleita con una cautivadora versi\u00f3n en ritmo de bachata pegajosa que te llevaran en un viaje emocional que te har\u00e1 bailar y sentir, acompa\u00f1ada de un impresionante video musical filmado en la ciudad de M\u00e9xico.<\/p>\n\n\n\n<p>\u00abMi Reflejo\u00bb es una canci\u00f3n que nos invita a reflexionar sobre nuestra identidad y autoaceptaci\u00f3n. Con una letra profunda y emotiva, Dra. Tania Medina nos lleva a trav\u00e9s de una traves\u00eda de amor propio y empoderamiento. Su voz \u00fanica y poderosa, sumada a la pasi\u00f3n y la energ\u00eda de la bachata, hacen de esta canci\u00f3n una experiencia musical inolvidable.<\/p>\n\n\n\n<figure class=\"wp-block-gallery has-nested-images columns-default is-cropped wp-block-gallery-1 is-layout-flex wp-block-gallery-is-layout-flex\">\n<figure class=\"wp-block-image size-large\"><img loading=\"lazy\" decoding=\"async\" width=\"560\" height=\"723\" data-id=\"537021\" src=\"https:\/\/diariodominicano.com\/wp-content\/uploads\/2024\/06\/La-Doctora-que-Canta-Tania-Medina-lanza-Mi-Reflejo.png\" alt=\"\" class=\"wp-image-537021\" srcset=\"https:\/\/diariodominicano.com\/wp-content\/uploads\/2024\/06\/La-Doctora-que-Canta-Tania-Medina-lanza-Mi-Reflejo.png 560w, https:\/\/diariodominicano.com\/wp-content\/uploads\/2024\/06\/La-Doctora-que-Canta-Tania-Medina-lanza-Mi-Reflejo-232x300.png 232w\" sizes=\"auto, (max-width: 560px) 100vw, 560px\" \/><\/figure>\n\n\n\n<figure class=\"wp-block-image size-large\"><img loading=\"lazy\" decoding=\"async\" width=\"505\" height=\"710\" data-id=\"537014\" src=\"https:\/\/diariodominicano.com\/wp-content\/uploads\/2024\/06\/La-Doctora-que-Canta-Tania-Medina.png\" alt=\"\" class=\"wp-image-537014\" srcset=\"https:\/\/diariodominicano.com\/wp-content\/uploads\/2024\/06\/La-Doctora-que-Canta-Tania-Medina.png 505w, https:\/\/diariodominicano.com\/wp-content\/uploads\/2024\/06\/La-Doctora-que-Canta-Tania-Medina-213x300.png 213w\" sizes=\"auto, (max-width: 505px) 100vw, 505px\" \/><\/figure>\n<\/figure>\n\n\n\n<p>El video musical de \u00abMi Reflejo\u00bb es una verdadera obra de arte visual que retrata las bellezas arquitect\u00f3nicas de M\u00e9xico. Dirigido por reconocidos expertos en la industria, captura la esencia de la canci\u00f3n y resalta la belleza y el talento de Tania Medina. Con una producci\u00f3n de alta calidad y una coreograf\u00eda impactante, el video nos sumerge en un mundo lleno de emociones y nos invita a conectarnos con nuestra propia esencia.<\/p>\n\n\n\n<p>La Dra. Tania Medina se ha destacado tanto en el \u00e1mbito de la medicina como en el mundo art\u00edstico. Con su pasi\u00f3n por la m\u00fasica y su talento innato, ha logrado conquistar a un p\u00fablico cada vez m\u00e1s amplio. Su versatilidad y su capacidad para transmitir emociones a trav\u00e9s de su voz la han convertido en una figura destacada en la industria musical.<\/p>\n\n\n\n<p>\u00abMi Reflejo\u00bb es el resultado de la pasi\u00f3n y el compromiso de Tania Medina por crear m\u00fasica aut\u00e9ntica y significativa. Su deseo de transmitir mensajes positivos y empoderadores se refleja en cada una de sus canciones, y \u00abMi Reflejo\u00bb no es la excepci\u00f3n.<\/p>\n\n\n\n<p>Invitamos a todos los amantes de la m\u00fasica a disfrutar de \u00abMi Reflejo\u00bb, el nuevo tema de Tania Medina, disponible en todas las plataformas digitales. Adem\u00e1s, los invitamos a ver el impactante video musical, que sin duda alguna dejar\u00e1 una huella en cada espectador.<\/p>\n\n\n\n<p>Acerca de la Dra. Tania Medina<\/p>\n\n\n\n<p>La Dra. Tania Medina es autora, conferencista internacional, coach de programaci\u00f3n neuroling\u00fc\u00edstica, cantante y Cirujana Pl\u00e1stica de Rep\u00fablica Dominicana, ingres\u00f3 en el 2001 a la Escuela de Medicina del Instituto Tecnol\u00f3gico de Santo Domingo (INTEC), gradu\u00e1ndose con los m\u00e1s altos honores (suma cum laude). Durante su pasant\u00eda, se prepar\u00f3 para la competencia de Residencia M\u00e9dica Nacional en el Hospital Salvador B. Gautier, all\u00ed se destac\u00f3 por tener la calificaci\u00f3n m\u00e1s alta jam\u00e1s obtenida por un concursante hasta ese momento.<\/p>\n\n\n\n<p>Se gradu\u00f3 como especialista en la prestigiosa Residencia Nacional en Cirug\u00eda Pl\u00e1stica Reconstructiva y Est\u00e9tica en el Hospital Dr. Salvador Gautier. Es miembro activo de la Sociedad Dominicana de Cirug\u00eda Pl\u00e1stica, Reconstructiva y Est\u00e9tica (SODOCIPRE). Sociedad Dominicana mujeres de Cirug\u00eda Pl\u00e1stica y Est\u00e9tica (ASAPS). Sociedad Americana de Cirug\u00eda Pl\u00e1stica (ASPS). Sociedad Internacional de Cirug\u00eda Pl\u00e1stica y Est\u00e9tica (ISAPS). Federaci\u00f3n Ibero Latinoamericana de Cirug\u00eda Pl\u00e1stica (FILAP). Colegio M\u00e9dico Dominicano (CMD). World Gluteal Association (WAGS). Medina es constante experta invitada en los medios de comunicaci\u00f3n como HOLA! Magazine, El List\u00edn Diario, Univisi\u00f3n, Telemundo, El Nuevo Herald, la Academia de Ismael Cala, entre otros medios.<\/p>\n\n\n\n<p>En el 2022 fue elegida como una de las m\u00e1s poderosas de People en Espa\u00f1ol. Sus campa\u00f1as \u201cTocarte las mam\u00e1s es vida\u201d y el GRACIAton han sido publicitadas en Times Square New York. Recientemente public\u00f3 su libro \u201cLa belleza de amarme\u201d que en una semana se convirti\u00f3 en #1 en ventas en Amazon en la categor\u00eda de Salud y Superaci\u00f3n Personal. La Dra. Medina ha sido la portada de VOGUE, Marie Claire, Harper\u2019s Bazaar, Elle, Instyle, Estylo Magazine, entre otras revistas.<\/p>\n\n\n\n<p>Conoce m\u00e1s en su Instagram https:\/\/www.instagram.com\/drataniamedina<\/p>\n\n\n\n<p>Web https:\/\/tucirujana.com\/<\/p>\n\n\n\n<p>M\u00fasica &#8211; Dra. Tania Medina &lt;prensa@lidereslatinosmx.com&gt;<\/p>\n","protected":false},"excerpt":{"rendered":"<p>\u00abMi Reflejo\u00bb es una sensual canci\u00f3n de bachata con ritmos contagiosos del pop que te llevaran en un viaje emocional que te har\u00e1 bailar y sentir. El videoclip fue filmado en la Ciudad de M\u00e9xico. Ciudad de M\u00e9xico- La talentosa Tania Medina, conocida en la industria musical como \u00abLa doctora que canta\u00bb, nos presenta su [&hellip;]<\/p>\n","protected":false},"author":7,"featured_media":537020,"comment_status":"closed","ping_status":"closed","sticky":true,"template":"","format":"standard","meta":{"footnotes":""},"categories":[25],"tags":[],"class_list":["post-537007","post","type-post","status-publish","format-standard","has-post-thumbnail","hentry","category-gente"],"_links":{"self":[{"href":"https:\/\/diariodominicano.com\/index.php?rest_route=\/wp\/v2\/posts\/537007","targetHints":{"allow":["GET"]}}],"collection":[{"href":"https:\/\/diariodominicano.com\/index.php?rest_route=\/wp\/v2\/posts"}],"about":[{"href":"https:\/\/diariodominicano.com\/index.php?rest_route=\/wp\/v2\/types\/post"}],"author":[{"embeddable":true,"href":"https:\/\/diariodominicano.com\/index.php?rest_route=\/wp\/v2\/users\/7"}],"replies":[{"embeddable":true,"href":"https:\/\/diariodominicano.com\/index.php?rest_route=%2Fwp%2Fv2%2Fcomments&post=537007"}],"version-history":[{"count":1,"href":"https:\/\/diariodominicano.com\/index.php?rest_route=\/wp\/v2\/posts\/537007\/revisions"}],"predecessor-version":[{"id":537022,"href":"https:\/\/diariodominicano.com\/index.php?rest_route=\/wp\/v2\/posts\/537007\/revisions\/537022"}],"wp:featuredmedia":[{"embeddable":true,"href":"https:\/\/diariodominicano.com\/index.php?rest_route=\/wp\/v2\/media\/537020"}],"wp:attachment":[{"href":"https:\/\/diariodominicano.com\/index.php?rest_route=%2Fwp%2Fv2%2Fmedia&parent=537007"}],"wp:term":[{"taxonomy":"category","embeddable":true,"href":"https:\/\/diariodominicano.com\/index.php?rest_route=%2Fwp%2Fv2%2Fcategories&post=537007"},{"taxonomy":"post_tag","embeddable":true,"href":"https:\/\/diariodominicano.com\/index.php?rest_route=%2Fwp%2Fv2%2Ftags&post=537007"}],"curies":[{"name":"wp","href":"https:\/\/api.w.org\/{rel}","templated":true}]}}