{"id":53695,"date":"2020-05-20T09:45:57","date_gmt":"2020-05-20T09:45:57","guid":{"rendered":"http:\/\/diariodominicano.ddns.net\/?p=53695"},"modified":"2020-05-20T09:45:57","modified_gmt":"2020-05-20T09:45:57","slug":"estudiantes-siguen-sumandose-a-campana-motivacional-loaprendien40tena","status":"publish","type":"post","link":"https:\/\/diariodominicano.com\/?p=53695","title":{"rendered":"Estudiantes siguen sum\u00e1ndose a campa\u00f1a motivacional #LoAprend\u00edEn40tena"},"content":{"rendered":"<p><body><\/p>\n<p><img decoding=\"async\" src=\"img3\/Karelis Infante20-5-20.jpeg\" \/>  <\/p>\n<p><span class=\"text1noticias\">diariodominicano.com<\/span><\/p>\n<p><span class=\"text1noticias\"> <\/span><\/p>\n<p><span class=\"text1noticias\">Santo Domingo, R. D., 20 de mayo, 2020.-  Decenas de estudiantes de distintas partes del pa\u00eds siguen sum\u00e1ndose a la campa\u00f1a de motivaci\u00f3n del Ministerio de Educaci\u00f3n (MINERD) #LoAprend\u00edEn40tena, mediante la cual han expresado todos los conocimientos que han adquirido en este periodo de confinamiento social, gracias al acompa\u00f1amiento de los docentes y de sus padres.  <\/span><\/p>\n<p><span class=\"text1noticias\"> <\/span><\/p>\n<p><span class=\"text1noticias\">Los alumnos han mostrado un gran entusiasmo y deseo de continuar aprendiendo desde casa, adem\u00e1s de que han manifestado que la cuarentena no ha impedido que sigan creciendo intelectualmente, al contrario, les ha ayudado a ser autosuficientes.<\/span><\/p>\n<p><span class=\"text1noticias\"> <\/span><\/p>\n<p><span class=\"text1noticias\">Tal es el caso del estudiante Oscar Rodr\u00edguez Ortiz, de 4to grado del Centro Educativo Santiago Lamoi, quien manifest\u00f3 que en la cuarentena aprendi\u00f3 a leer m\u00e1s y a hacer sumas de grandes cantidades. De su lado, su hermana mayor dijo que siempre que tiene la oportunidad lo ayuda y le explica las asignaciones que \u00e9l no entiende.<\/span><\/p>\n<p><span class=\"text1noticias\">  <\/span><\/p>\n<p><span class=\"text1noticias\">Sabish Dom\u00ednguez, estudiante del Polit\u00e9cnico en Artes Julio Alberto Hern\u00e1ndez, mediante un audiovisual expres\u00f3 que durante la cuarentena ha aprendido a dibujar en pentagrama, lo que tiempo atr\u00e1s se le hac\u00eda dif\u00edcil, se\u00f1ala que con mucha dedicaci\u00f3n hoy en d\u00eda lo hace de forma m\u00e1s f\u00e1cil. <\/span><\/p>\n<p><span class=\"text1noticias\"> <\/span><\/p>\n<p><span class=\"text1noticias\">Asimismo, la ni\u00f1a Osmairis Santana, estudiante de 5to grado de la Escuela Juan Antonio Alix, explic\u00f3 que gracias a la cuarentena su familia ha estado m\u00e1s unida que nunca, han desarrollado trabajo en equipos y, sobre todo, han cultivado el amor, la paz y la armon\u00eda. <\/span><\/p>\n<p><span class=\"text1noticias\"> <\/span><\/p>\n<p><span class=\"text1noticias\">\u00abEstoy s\u00faper feliz porque mis padres se han involucrado conmigo en este proceso de aprendizaje a distancia, me han motivado a seguir adelante y ellos tambi\u00e9n han aprendido muchas cosas positivas\u00bb, narr\u00f3 la estudiante Omairis. <\/span><\/p>\n<p><span class=\"text1noticias\"> <\/span><\/p>\n<p><span class=\"text1noticias\">De su lado, el ni\u00f1o Dorian Alejandro Hern\u00e1ndez, del centro educativo Casa de la Providencia comparti\u00f3 todo lo que ha aprendido en esta cuarentena, adem\u00e1s del proceso que desarrolla para hacer las asignaciones que su maestra le env\u00eda. <\/span><\/p>\n<p><span class=\"text1noticias\"> <\/span><\/p>\n<p><span class=\"text1noticias\">\u00abHoy estamos trabajando con la vocal e, con esta letra se escribe escoba; elefante, enano y entorno\u00bb, expres\u00f3 muy entusiasmado el peque\u00f1o Dorian. <\/span><\/p>\n<p><span class=\"text1noticias\"> <\/span><\/p>\n<p><span class=\"text1noticias\">El Ministerio de Educaci\u00f3n (MINERD) puso en marcha la campa\u00f1a motivacional #LoAprend\u00edEn40tena, una iniciativa que busca resaltar todo lo aprendido por los estudiantes, padres y docentes, desde un contexto pedag\u00f3gico y valores humanos, a trav\u00e9s del aprovechamiento de la tecnolog\u00eda en las clases virtuales y aspectos cotidianos originados durante el confinamiento por el COVID-19 que afecta al mundo.<\/span><\/p>\n<p><span class=\"text1noticias\"> <\/span><\/p>\n<p><span class=\"text1noticias\"> Fuente: Direcci\u00f3n de Comunicaci\u00f3n y Relaciones P\u00fablicas <\/span><\/p>\n<p><span class=\"text1noticias\">Licda. Magdalena Nu\u00f1ez<\/span><\/p>\n<p>Enc. Relaciones Publicas<\/p>\n<p><span class=\"text1noticias\">20 de mayo 2020<\/span><\/p>\n<h6> 2020-05-20 09:45:57 <\/h6>\n<p><!--\n<link rel=\"stylesheet\" href=\"css\/bootstrap.min.css\">\n\n\n<ul class=\"pagination\">\n\t    \n\t\n\n<li >\n\t<a href='?page_no=590'>Previous<\/a>\n\t<\/li>\n\n\n       \n    \n\n<li><a href='?page_no=1'>1<\/a><\/li>\n\n\n\n<li><a href='?page_no=2'>2<\/a><\/li>\n\n\n\n<li><a>...<\/a><\/li>\n\n\n\n<li><a href='?page_no=589'>589<\/a><\/li>\n\n\n\n<li><a href='?page_no=590'>590<\/a><\/li>\n\n\n\n<li class='active'><a>591<\/a><\/li>\n\n\n\n<li><a href='?page_no=592'>592<\/a><\/li>\n\n\n\n<li><a href='?page_no=593'>593<\/a><\/li>\n\n\n\n<li><a>...<\/a><\/li>\n\n\n\n<li><a href='?page_no=22911'>22911<\/a><\/li>\n\n\n\n<li><a href='?page_no=22912'>22912<\/a><\/li>\n\n    \n\t\n\n<li >\n\t<a href='?page_no=592'>Next<\/a>\n\t<\/li>\n\n\n    \n\n<li><a href='?page_no=22912'>Last &rsaquo;&rsaquo;<\/a><\/li>\n\n<\/ul>\n\n\n--><br \/>\n<\/body><\/p>\n","protected":false},"excerpt":{"rendered":"<p>diariodominicano.com Santo Domingo, R. D., 20 de mayo, 2020.- Decenas de estudiantes de distintas partes del pa\u00eds siguen sum\u00e1ndose a la campa\u00f1a de motivaci\u00f3n del Ministerio de Educaci\u00f3n (MINERD) #LoAprend\u00edEn40tena, mediante la cual han expresado todos los conocimientos que han adquirido en este periodo de confinamiento social, gracias al acompa\u00f1amiento de los docentes y de [&hellip;]<\/p>\n","protected":false},"author":3,"featured_media":0,"comment_status":"open","ping_status":"open","sticky":false,"template":"","format":"standard","meta":{"footnotes":""},"categories":[21],"tags":[],"class_list":["post-53695","post","type-post","status-publish","format-standard","hentry","category-cultura"],"_links":{"self":[{"href":"https:\/\/diariodominicano.com\/index.php?rest_route=\/wp\/v2\/posts\/53695","targetHints":{"allow":["GET"]}}],"collection":[{"href":"https:\/\/diariodominicano.com\/index.php?rest_route=\/wp\/v2\/posts"}],"about":[{"href":"https:\/\/diariodominicano.com\/index.php?rest_route=\/wp\/v2\/types\/post"}],"author":[{"embeddable":true,"href":"https:\/\/diariodominicano.com\/index.php?rest_route=\/wp\/v2\/users\/3"}],"replies":[{"embeddable":true,"href":"https:\/\/diariodominicano.com\/index.php?rest_route=%2Fwp%2Fv2%2Fcomments&post=53695"}],"version-history":[{"count":0,"href":"https:\/\/diariodominicano.com\/index.php?rest_route=\/wp\/v2\/posts\/53695\/revisions"}],"wp:attachment":[{"href":"https:\/\/diariodominicano.com\/index.php?rest_route=%2Fwp%2Fv2%2Fmedia&parent=53695"}],"wp:term":[{"taxonomy":"category","embeddable":true,"href":"https:\/\/diariodominicano.com\/index.php?rest_route=%2Fwp%2Fv2%2Fcategories&post=53695"},{"taxonomy":"post_tag","embeddable":true,"href":"https:\/\/diariodominicano.com\/index.php?rest_route=%2Fwp%2Fv2%2Ftags&post=53695"}],"curies":[{"name":"wp","href":"https:\/\/api.w.org\/{rel}","templated":true}]}}