{"id":536908,"date":"2024-06-11T17:41:06","date_gmt":"2024-06-11T21:41:06","guid":{"rendered":"https:\/\/diariodominicano.com\/?p=536908"},"modified":"2024-06-11T19:13:43","modified_gmt":"2024-06-11T23:13:43","slug":"la-familia-lleva-las-estafas-piramidales-a-la-gran-pantalla-desde-este-13-de-junio","status":"publish","type":"post","link":"https:\/\/diariodominicano.com\/?p=536908","title":{"rendered":"\u201cLa Familia\u201d lleva las estafas piramidales a la gran pantalla desde este 13 de junio"},"content":{"rendered":"\n<p><em>El filme de la productora Bougroup, producido por Jos\u00e9 Ram\u00f3n Alam\u00e1 y dirigido por Yasser Michel\u00e9n, aborda las estafas piramidales en Rep\u00fablica Dominicana con tintes de suspenso y comedia.<\/em><\/p>\n\n\n\n<p>Santo Domingo, Rep\u00fablica Dominicana. \u2013 Este jueves 13 de junio, la pel\u00edcula \u201cLa Familia\u201d llega a las salas de cine del pa\u00eds. Esta comedia producida por la casa productora Bougroup, bajo la producci\u00f3n de Jos\u00e9 Ram\u00f3n Alam\u00e1 y dirigida por Yasser Michel\u00e9n, aborda con humor la problem\u00e1tica de las estafas piramidales en el pa\u00eds.<\/p>\n\n\n\n<p>Conforman el elenco de la pel\u00edcula importantes actores como Manny P\u00e9rez, Fausto Mata, Frank Perozo, Haraca Kiko, Pepe Sierra, Vicente Santos, Pio La Ditingancia y Mar\u00eda Elisa Camargo. Tambi\u00e9n forman parte del reparto Mar\u00eda Boyero, Tony Almont, Gerardo Mercedes \u2018El Cuervo\u2019, Jos\u00e9 Miguel Cruz, Luis Eduardo Franco, la fenecida bailarina Patricia Ascuasiati, el debut en pantalla grande de Omega \u201cEl Fuerte\u201d y la participaci\u00f3n especial del periodista Ramon Tolentino, entre otros actores dominicanos.<\/p>\n\n\n\n<figure class=\"wp-block-gallery has-nested-images columns-default is-cropped wp-block-gallery-1 is-layout-flex wp-block-gallery-is-layout-flex\">\n<figure class=\"wp-block-image size-large\"><img loading=\"lazy\" decoding=\"async\" width=\"682\" height=\"1024\" data-id=\"536988\" src=\"https:\/\/diariodominicano.com\/wp-content\/uploads\/2024\/06\/Maria-Boyero-682x1024.jpg\" alt=\"\" class=\"wp-image-536988\" srcset=\"https:\/\/diariodominicano.com\/wp-content\/uploads\/2024\/06\/Maria-Boyero-682x1024.jpg 682w, https:\/\/diariodominicano.com\/wp-content\/uploads\/2024\/06\/Maria-Boyero-200x300.jpg 200w, https:\/\/diariodominicano.com\/wp-content\/uploads\/2024\/06\/Maria-Boyero-768x1153.jpg 768w, https:\/\/diariodominicano.com\/wp-content\/uploads\/2024\/06\/Maria-Boyero-1023x1536.jpg 1023w, https:\/\/diariodominicano.com\/wp-content\/uploads\/2024\/06\/Maria-Boyero-816x1225.jpg 816w, https:\/\/diariodominicano.com\/wp-content\/uploads\/2024\/06\/Maria-Boyero.jpg 1066w\" sizes=\"auto, (max-width: 682px) 100vw, 682px\" \/><\/figure>\n\n\n\n<figure class=\"wp-block-image size-large\"><img loading=\"lazy\" decoding=\"async\" width=\"683\" height=\"1024\" data-id=\"536984\" src=\"https:\/\/diariodominicano.com\/wp-content\/uploads\/2024\/06\/Omega-El-Fuerte--683x1024.jpg\" alt=\"\" class=\"wp-image-536984\" srcset=\"https:\/\/diariodominicano.com\/wp-content\/uploads\/2024\/06\/Omega-El-Fuerte--683x1024.jpg 683w, https:\/\/diariodominicano.com\/wp-content\/uploads\/2024\/06\/Omega-El-Fuerte--200x300.jpg 200w, https:\/\/diariodominicano.com\/wp-content\/uploads\/2024\/06\/Omega-El-Fuerte--768x1152.jpg 768w, https:\/\/diariodominicano.com\/wp-content\/uploads\/2024\/06\/Omega-El-Fuerte--1024x1536.jpg 1024w, https:\/\/diariodominicano.com\/wp-content\/uploads\/2024\/06\/Omega-El-Fuerte--816x1224.jpg 816w, https:\/\/diariodominicano.com\/wp-content\/uploads\/2024\/06\/Omega-El-Fuerte-.jpg 1204w\" sizes=\"auto, (max-width: 683px) 100vw, 683px\" \/><\/figure>\n<\/figure>\n\n\n\n<p>Bougroup, con casi una d\u00e9cada de experiencia en la producci\u00f3n cinematogr\u00e1fica, ha hecho un sello distintivo en sus filmes. Su l\u00ednea de producci\u00f3n ha sido destacada tanto por el p\u00fablico que asiste a las salas de cine como por la cr\u00edtica, adem\u00e1s del benepl\u00e1cito de su distribuidor internacional Star Distribution, filial de The Walt Disney Company.<\/p>\n\n\n\n<p>El productor de Bougroup, Jos\u00e9 Ram\u00f3n Alam\u00e1, anuncio que la semana pasada la pel\u00edcula \u201cMalos Padres\u201d se posicion\u00f3, seg\u00fan el ranking mundial del Observatorio Audiovisual Europeo, como la \u00fanica pel\u00edcula nacional en el top 10 de las pel\u00edculas m\u00e1s taquilleras del 2023 en Latinoam\u00e9rica. \u201cEste logro es un testimonio de c\u00f3mo el cine dominicano sigue en ascenso\u201d.<\/p>\n\n\n\n<figure class=\"wp-block-gallery has-nested-images columns-default is-cropped wp-block-gallery-2 is-layout-flex wp-block-gallery-is-layout-flex\">\n<figure class=\"wp-block-image\"><img decoding=\"async\" data-id=\"536989\" src=\"https:\/\/diariodominicano.com\/wp-content\/uploads\/2024\/06\/IMG-20240611-WA0093.jpg\" alt=\"\" class=\"wp-image-536989\"\/><\/figure>\n\n\n\n<figure class=\"wp-block-image\"><img loading=\"lazy\" decoding=\"async\" width=\"1066\" height=\"1600\" data-id=\"536987\" src=\"https:\/\/diariodominicano.com\/wp-content\/uploads\/2024\/06\/Tony-Almont.jpg\" alt=\"\" class=\"wp-image-536987\" srcset=\"https:\/\/diariodominicano.com\/wp-content\/uploads\/2024\/06\/Tony-Almont.jpg 1066w, https:\/\/diariodominicano.com\/wp-content\/uploads\/2024\/06\/Tony-Almont-200x300.jpg 200w, https:\/\/diariodominicano.com\/wp-content\/uploads\/2024\/06\/Tony-Almont-682x1024.jpg 682w, https:\/\/diariodominicano.com\/wp-content\/uploads\/2024\/06\/Tony-Almont-768x1153.jpg 768w, https:\/\/diariodominicano.com\/wp-content\/uploads\/2024\/06\/Tony-Almont-1023x1536.jpg 1023w, https:\/\/diariodominicano.com\/wp-content\/uploads\/2024\/06\/Tony-Almont-816x1225.jpg 816w\" sizes=\"auto, (max-width: 1066px) 100vw, 1066px\" \/><\/figure>\n<\/figure>\n\n\n\n<p>\u201cPor otro lado, estamos emocionados de compartir que nuestras pel\u00edculas \u201cLas Peque\u00f1as Cosas\u201d, \u201cEl A\u00f1o del Tigre\u201d y \u201cMalos Padres\u201d, ser\u00e1n las primeras de la regi\u00f3n en ingresar a la plataforma de Disney Plus, expandiendo nuestro alcance y llevando el cine dominicano a una audiencia global. Asimismo, a finales de a\u00f1o ingresar\u00e1 \u201cCazatesoros\u201d del director H\u00e9ctor M. Valdez\u201d, revel\u00f3 el productor Alam\u00e1.<\/p>\n\n\n\n<p>De igual forma, Jos\u00e9 Ram\u00f3n aprovech\u00f3 el momento para dar las buenas nuevas: \u201cNo quiero dejar pasar la oportunidad para comentarles que, como empresa de entretenimiento, hemos estado trabajando en una rama de teatro desde 2019. Finalmente, en enero del pr\u00f3ximo a\u00f1o, Bougroup se estrenar\u00e1 en el teatro con la obra del ganador del Oscar, Florian Zeller, titulada \u201cLa Verdad\u201d. Este emocionante proyecto marcar\u00e1 el regreso a las tablas de Frank Perozo despu\u00e9s de 10 a\u00f1os, acompa\u00f1ado por Nashla Bogaert, Hony Estrella y David Maler. Bougroup sigue comprometido con la excelencia y la innovaci\u00f3n en todas nuestras producciones, y agradecemos el apoyo constante de nuestra audiencia y colaboradores\u201d.<\/p>\n\n\n\n<figure class=\"wp-block-gallery has-nested-images columns-default is-cropped wp-block-gallery-3 is-layout-flex wp-block-gallery-is-layout-flex\">\n<figure class=\"wp-block-image\"><img loading=\"lazy\" decoding=\"async\" width=\"1280\" height=\"545\" data-id=\"536990\" src=\"https:\/\/diariodominicano.com\/wp-content\/uploads\/2024\/06\/La-Familia-lleva-las-estafas-piramidales-a-la-gran-pantalla-desde-este-13-junio.jpg\" alt=\"\" class=\"wp-image-536990\" srcset=\"https:\/\/diariodominicano.com\/wp-content\/uploads\/2024\/06\/La-Familia-lleva-las-estafas-piramidales-a-la-gran-pantalla-desde-este-13-junio.jpg 1280w, https:\/\/diariodominicano.com\/wp-content\/uploads\/2024\/06\/La-Familia-lleva-las-estafas-piramidales-a-la-gran-pantalla-desde-este-13-junio-300x128.jpg 300w, https:\/\/diariodominicano.com\/wp-content\/uploads\/2024\/06\/La-Familia-lleva-las-estafas-piramidales-a-la-gran-pantalla-desde-este-13-junio-1024x436.jpg 1024w, https:\/\/diariodominicano.com\/wp-content\/uploads\/2024\/06\/La-Familia-lleva-las-estafas-piramidales-a-la-gran-pantalla-desde-este-13-junio-768x327.jpg 768w, https:\/\/diariodominicano.com\/wp-content\/uploads\/2024\/06\/La-Familia-lleva-las-estafas-piramidales-a-la-gran-pantalla-desde-este-13-junio-816x347.jpg 816w\" sizes=\"auto, (max-width: 1280px) 100vw, 1280px\" \/><\/figure>\n<\/figure>\n\n\n\n<p>\u201cLa familia\u201d es un trabajo bien realizado que entretendr\u00e1 a todos los que la vean, conf\u00edo en que no se arrepentir\u00e1n y se sentir\u00e1n identificados con el tema\u201d, expres\u00f3 su director, Yasser Michel\u00e9n.<\/p>\n\n\n\n<figure class=\"wp-block-gallery has-nested-images columns-default is-cropped wp-block-gallery-4 is-layout-flex wp-block-gallery-is-layout-flex\">\n<figure class=\"wp-block-image\"><img loading=\"lazy\" decoding=\"async\" width=\"1280\" height=\"545\" data-id=\"536991\" src=\"https:\/\/diariodominicano.com\/wp-content\/uploads\/2024\/06\/La-Familia-lleva-las-estafas-piramidales-a-la-gran-pantalla-13-junio.jpg\" alt=\"\" class=\"wp-image-536991\" srcset=\"https:\/\/diariodominicano.com\/wp-content\/uploads\/2024\/06\/La-Familia-lleva-las-estafas-piramidales-a-la-gran-pantalla-13-junio.jpg 1280w, https:\/\/diariodominicano.com\/wp-content\/uploads\/2024\/06\/La-Familia-lleva-las-estafas-piramidales-a-la-gran-pantalla-13-junio-300x128.jpg 300w, https:\/\/diariodominicano.com\/wp-content\/uploads\/2024\/06\/La-Familia-lleva-las-estafas-piramidales-a-la-gran-pantalla-13-junio-1024x436.jpg 1024w, https:\/\/diariodominicano.com\/wp-content\/uploads\/2024\/06\/La-Familia-lleva-las-estafas-piramidales-a-la-gran-pantalla-13-junio-768x327.jpg 768w, https:\/\/diariodominicano.com\/wp-content\/uploads\/2024\/06\/La-Familia-lleva-las-estafas-piramidales-a-la-gran-pantalla-13-junio-816x347.jpg 816w\" sizes=\"auto, (max-width: 1280px) 100vw, 1280px\" \/><\/figure>\n<\/figure>\n\n\n\n<p>La pel\u00edcula se centra en uno de los problemas m\u00e1s cr\u00edticos de la sociedad dominicana: las estafas piramidales. Este fen\u00f3meno ha dejado profundas huellas, con casos tan notorios que han sido de inter\u00e9s p\u00fablico debido al desfalco de cientos de personas enga\u00f1adas con la promesa de aumentar su dinero a trav\u00e9s de este sistema fraudulento.<\/p>\n\n\n\n<figure class=\"wp-block-gallery has-nested-images columns-default is-cropped wp-block-gallery-5 is-layout-flex wp-block-gallery-is-layout-flex\">\n<figure class=\"wp-block-image\"><img loading=\"lazy\" decoding=\"async\" width=\"860\" height=\"1290\" data-id=\"536983\" src=\"https:\/\/diariodominicano.com\/wp-content\/uploads\/2024\/06\/Jose-Ramon-Alama.jpg\" alt=\"\" class=\"wp-image-536983\" srcset=\"https:\/\/diariodominicano.com\/wp-content\/uploads\/2024\/06\/Jose-Ramon-Alama.jpg 860w, https:\/\/diariodominicano.com\/wp-content\/uploads\/2024\/06\/Jose-Ramon-Alama-200x300.jpg 200w, https:\/\/diariodominicano.com\/wp-content\/uploads\/2024\/06\/Jose-Ramon-Alama-683x1024.jpg 683w, https:\/\/diariodominicano.com\/wp-content\/uploads\/2024\/06\/Jose-Ramon-Alama-768x1152.jpg 768w, https:\/\/diariodominicano.com\/wp-content\/uploads\/2024\/06\/Jose-Ramon-Alama-816x1224.jpg 816w\" sizes=\"auto, (max-width: 860px) 100vw, 860px\" \/><\/figure>\n<\/figure>\n\n\n\n<p>Con un enfoque que mezcla comedia y suspenso, \u201cLa Familia\u201d no s\u00f3lo promete entretener, sino tambi\u00e9n provocar reflexi\u00f3n y debate sobre un tema de gran relevancia social. La Familia llega a las salas de cine dominicanas este jueves 13 de junio en todos los cines del pa\u00eds.<\/p>\n\n\n\n<figure class=\"wp-block-gallery has-nested-images columns-default is-cropped wp-block-gallery-6 is-layout-flex wp-block-gallery-is-layout-flex\">\n<figure class=\"wp-block-image\"><img loading=\"lazy\" decoding=\"async\" width=\"1066\" height=\"1600\" data-id=\"536987\" src=\"https:\/\/diariodominicano.com\/wp-content\/uploads\/2024\/06\/Tony-Almont.jpg\" alt=\"\" class=\"wp-image-536987\" srcset=\"https:\/\/diariodominicano.com\/wp-content\/uploads\/2024\/06\/Tony-Almont.jpg 1066w, https:\/\/diariodominicano.com\/wp-content\/uploads\/2024\/06\/Tony-Almont-200x300.jpg 200w, https:\/\/diariodominicano.com\/wp-content\/uploads\/2024\/06\/Tony-Almont-682x1024.jpg 682w, https:\/\/diariodominicano.com\/wp-content\/uploads\/2024\/06\/Tony-Almont-768x1153.jpg 768w, https:\/\/diariodominicano.com\/wp-content\/uploads\/2024\/06\/Tony-Almont-1023x1536.jpg 1023w, https:\/\/diariodominicano.com\/wp-content\/uploads\/2024\/06\/Tony-Almont-816x1225.jpg 816w\" sizes=\"auto, (max-width: 1066px) 100vw, 1066px\" \/><\/figure>\n\n\n\n<figure class=\"wp-block-image size-large\"><img loading=\"lazy\" decoding=\"async\" width=\"768\" height=\"1024\" data-id=\"536997\" src=\"https:\/\/diariodominicano.com\/wp-content\/uploads\/2024\/06\/La-Familia-lleva-las-estafas-piramidales-a-la-gran-pantalla-768x1024.jpg\" alt=\"\" class=\"wp-image-536997\" srcset=\"https:\/\/diariodominicano.com\/wp-content\/uploads\/2024\/06\/La-Familia-lleva-las-estafas-piramidales-a-la-gran-pantalla-768x1024.jpg 768w, https:\/\/diariodominicano.com\/wp-content\/uploads\/2024\/06\/La-Familia-lleva-las-estafas-piramidales-a-la-gran-pantalla-225x300.jpg 225w, https:\/\/diariodominicano.com\/wp-content\/uploads\/2024\/06\/La-Familia-lleva-las-estafas-piramidales-a-la-gran-pantalla-816x1088.jpg 816w, https:\/\/diariodominicano.com\/wp-content\/uploads\/2024\/06\/La-Familia-lleva-las-estafas-piramidales-a-la-gran-pantalla.jpg 960w\" sizes=\"auto, (max-width: 768px) 100vw, 768px\" \/><\/figure>\n<\/figure>\n\n\n\n<p><strong>Sinopsis:<\/strong><\/p>\n\n\n\n<p>\u201cLa Familia\u201d sigue la historia de Franky, un devoto padre de familia que apuesta todos sus ahorros en una prometedora empresa de venta multinivel, su \u00e9xito inicial se ve truncado por la misteriosa desaparici\u00f3n de su jefe, evento que lo sumerge en un torbellino de acusaciones y sospechas. Mientras intenta desenredar la trama y limpiar su nombre, la pel\u00edcula despliega una intensa exploraci\u00f3n de las estafas piramidales, revelando sus sombras y peligros.<\/p>\n\n\n\n<p>moivar10@gmail.com<\/p>\n","protected":false},"excerpt":{"rendered":"<p>El filme de la productora Bougroup, producido por Jos\u00e9 Ram\u00f3n Alam\u00e1 y dirigido por Yasser Michel\u00e9n, aborda las estafas piramidales en Rep\u00fablica Dominicana con tintes de suspenso y comedia. Santo Domingo, Rep\u00fablica Dominicana. \u2013 Este jueves 13 de junio, la pel\u00edcula \u201cLa Familia\u201d llega a las salas de cine del pa\u00eds. Esta comedia producida por [&hellip;]<\/p>\n","protected":false},"author":7,"featured_media":536985,"comment_status":"closed","ping_status":"closed","sticky":false,"template":"","format":"standard","meta":{"footnotes":""},"categories":[25],"tags":[],"class_list":["post-536908","post","type-post","status-publish","format-standard","has-post-thumbnail","hentry","category-gente"],"_links":{"self":[{"href":"https:\/\/diariodominicano.com\/index.php?rest_route=\/wp\/v2\/posts\/536908","targetHints":{"allow":["GET"]}}],"collection":[{"href":"https:\/\/diariodominicano.com\/index.php?rest_route=\/wp\/v2\/posts"}],"about":[{"href":"https:\/\/diariodominicano.com\/index.php?rest_route=\/wp\/v2\/types\/post"}],"author":[{"embeddable":true,"href":"https:\/\/diariodominicano.com\/index.php?rest_route=\/wp\/v2\/users\/7"}],"replies":[{"embeddable":true,"href":"https:\/\/diariodominicano.com\/index.php?rest_route=%2Fwp%2Fv2%2Fcomments&post=536908"}],"version-history":[{"count":2,"href":"https:\/\/diariodominicano.com\/index.php?rest_route=\/wp\/v2\/posts\/536908\/revisions"}],"predecessor-version":[{"id":537005,"href":"https:\/\/diariodominicano.com\/index.php?rest_route=\/wp\/v2\/posts\/536908\/revisions\/537005"}],"wp:featuredmedia":[{"embeddable":true,"href":"https:\/\/diariodominicano.com\/index.php?rest_route=\/wp\/v2\/media\/536985"}],"wp:attachment":[{"href":"https:\/\/diariodominicano.com\/index.php?rest_route=%2Fwp%2Fv2%2Fmedia&parent=536908"}],"wp:term":[{"taxonomy":"category","embeddable":true,"href":"https:\/\/diariodominicano.com\/index.php?rest_route=%2Fwp%2Fv2%2Fcategories&post=536908"},{"taxonomy":"post_tag","embeddable":true,"href":"https:\/\/diariodominicano.com\/index.php?rest_route=%2Fwp%2Fv2%2Ftags&post=536908"}],"curies":[{"name":"wp","href":"https:\/\/api.w.org\/{rel}","templated":true}]}}