{"id":53684,"date":"2020-05-21T00:13:30","date_gmt":"2020-05-21T00:13:30","guid":{"rendered":"http:\/\/diariodominicano.ddns.net\/?p=53684"},"modified":"2020-05-21T00:13:30","modified_gmt":"2020-05-21T00:13:30","slug":"muere-el-procer-y-ex-presidente-de-la-republica-gregorio-luperon","status":"publish","type":"post","link":"https:\/\/diariodominicano.com\/?p=53684","title":{"rendered":"Muere el pr\u00f3cer y ex presidente de la Rep\u00fablica  Gregorio Luper\u00f3n"},"content":{"rendered":"<p><body><\/p>\n<p><img decoding=\"async\" src=\"img3\/gregorio.jpg\" \/>  <\/p>\n<p><strong>Diariodominicano.com<\/strong><\/p>\n<p><strong>Muere el pr\u00f3cer y ex presidente de la Rep\u00fablica  Gregorio Luper\u00f3n<\/strong><\/p>\n<p>Luper\u00f3n hab\u00eda nacido  en Puerto Plata, el d\u00eda 8 de Septiembre de 1839, y a base de m\u00faltiples esfuerzos logr\u00f3 una formaci\u00f3n que le permiti\u00f3 descollar en la vida militar y pol\u00edtica de Rep\u00fablica Dominicana.<strong>\t\t\t\t<\/strong><\/p>\n<p><strong>Por H\u00e9ctor Tineo Nolasco<\/strong><\/p>\n<p><strong>Diariodominicano.com<\/strong><\/p>\n<p><strong>PUERTO PLATA, el 2<\/strong>1 de Mayo de 1897, falleci\u00f3 en la ciudad de Puerto Plata, el pr\u00f3cer de la Restauraci\u00f3n y ex Presidente de la Rep\u00fablica Dominicana, Gregorio Luper\u00f3n.<\/p>\n<p> Luper\u00f3n hab\u00eda nacido  en Puerto Plata, el d\u00eda 8 de Septiembre de 1839, y a base de m\u00faltiples esfuerzos logr\u00f3 una formaci\u00f3n que le permiti\u00f3 descollar en la vida militar y pol\u00edtica de Rep\u00fablica Dominicana.<\/p>\n<p>A partir de 1863, en la Guerra de la Restauraci\u00f3n, se distingui\u00f3 como la principal figura militar y alcanz\u00f3 el grado de general de brigada.<\/p>\n<p>Luper\u00f3n, asumi\u00f3 la Presidencia de la Rep\u00fablica, el 6 de Octubre del a\u00f1o 1879, luego que militares y civiles miembros del Partido Azul, derrocaron al Presidente Ces\u00e1reo Guillermo, tras desatar una persecuci\u00f3n en su contra.<\/p>\n<p>Ces\u00e1reo Guillermo, tambi\u00e9n dispuso que fueran cancelados los militares del Partido Azul que desempe\u00f1aban funciones en su Gobierno.<\/p>\n<p>Luper\u00f3n, se encontraba en Europa y tan pronto retorno al pa\u00eds, sus seguidores se pusieron de acuerdo para derrocar al Gobierno de Ces\u00e1reo Guillermo, para designarlo en su lugar Presidente Provisional de la Rep\u00fablica, el 6 de Octubre de 1879, luego que se diera a conocer un manifiesto en el que desconoc\u00edan la autoridad del Presidente Ces\u00e1reo Guillermo.<\/p>\n<p>El Presidente, General Ces\u00e1reo Guillermo, trat\u00f3 de aplastar el movimiento que estall\u00f3 en el Cibao, pero fue vencido y se traslad\u00f3 a la Capital, donde las fuerzas de Luper\u00f3n montaron un cerco.<\/p>\n<p>Al perder el poder, Ces\u00e1reo Guillermo busc\u00f3 el apoyo del Gobernador Espa\u00f1ol de Puerto Rico, con el pretexto de que no se pod\u00eda permitir el Gobierno de Luper\u00f3n, porque  apoyar\u00eda a los exiliados que luchaban por la Independencia de Cuba y Puerto Rico.<\/p>\n<p>Ces\u00e1reo Guillermo recibi\u00f3 la ayuda que pidi\u00f3, pero no logr\u00f3 su objetivo y tuvo que abandonar el pa\u00eds el 6 de diciembre de 1879, a bordo de un barco espa\u00f1ol que hab\u00eda en el Puerto de Santo Domingo.<\/p>\n<\/p>\n<p><strong>Con los liberales<\/strong><\/p>\n<\/p>\n<p>Al asumir el Gobierno, el 6 de Octubre de 1879, el general Gregorio Luper\u00f3n, reorganiz\u00f3 la administraci\u00f3n del Estado de acuerdo a los principios liberales que defend\u00edan desde el a\u00f1o 1857, los dirigentes del Partido Azul.<\/p>\n<p>Estableci\u00f3 la sede del Gobierno en Puerto Plata. Para atender los asuntos pol\u00edticos y militares de la Capital y del sur del pa\u00eds, nombr\u00f3 Delegado del Gobierno en Santo Domingo y Ministro de Guerra y Marina a su lugarteniente, el general Ulises -Lil\u00eds- Heureaux.<\/p>\n<p>Al otro d\u00eda de asumir el Gobierno, el Presidente Gregorio Luper\u00f3n decret\u00f3 la suspensi\u00f3n del pago de la deuda p\u00fablica que abrumaba al Gobierno y cre\u00f3 varias asociaciones de comerciantes llamadas Juntas de Cr\u00e9dito para obtener de ellas pr\u00e9stamos con una tasa de inter\u00e9s m\u00e1s baja que la que cobraba la Junta de Cr\u00e9dito que funcionaba en la ciudad de Santo Domingo, que conced\u00eda pr\u00e9stamos al Gobierno con una tasa de 28 por ciento mensual.<\/p>\n<p>Con los cr\u00e9ditos que el Presidente Gregorio Luper\u00f3n contrat\u00f3 a un 10 por ciento mensual, el Gobierno reorganiz\u00f3 la administraci\u00f3n p\u00fablica y el Ej\u00e9rcito Nacional.<\/p>\n<p>El ex Presidente Gregorio Luper\u00f3n enferm\u00f3 en el a\u00f1o 1896, mientras se encontraba exiliado en Saint Thomas, donde se refugi\u00f3 luego que rompi\u00f3 con el que fue su lugarteniente, el Presidente Ulises Heureaux (Lil\u00eds).<\/p>\n<p>Sin embargo, cuando se enter\u00f3 de la gravedad de la enfermedad que sufr\u00eda, el Presidente Lil\u00eds fue a buscar al ex Presidente Gregorio Luper\u00f3n, que hab\u00eda sido su padre militar y pol\u00edtico, para que muriera en su ciudad natal, Puerto Plata.<\/p>\n<p>Cuando se produjo la muerte del ex Presidente Gregorio Luper\u00f3n, el 21 de Mayo de 1897, el Presidente Lil\u00eds Heureaux dispuso que se le rindieran los honores de jefes de Estado y encabez\u00f3 los actos de despedida.<\/p>\n<p>De esa manera, termin\u00f3 la vida f\u00edsica de la principal figura militar de la lucha por la Restauraci\u00f3n de la Rep\u00fablica Dominicana.<\/p>\n<\/p>\n<\/p>\n<h6> 2020-05-21 00:13:30 <\/h6>\n<p><!--\n<link rel=\"stylesheet\" href=\"css\/bootstrap.min.css\">\n\n\n<ul class=\"pagination\">\n\t    \n\t\n\n<li >\n\t<a href='?page_no=589'>Previous<\/a>\n\t<\/li>\n\n\n       \n    \n\n<li><a href='?page_no=1'>1<\/a><\/li>\n\n\n\n<li><a href='?page_no=2'>2<\/a><\/li>\n\n\n\n<li><a>...<\/a><\/li>\n\n\n\n<li><a href='?page_no=588'>588<\/a><\/li>\n\n\n\n<li><a href='?page_no=589'>589<\/a><\/li>\n\n\n\n<li class='active'><a>590<\/a><\/li>\n\n\n\n<li><a href='?page_no=591'>591<\/a><\/li>\n\n\n\n<li><a href='?page_no=592'>592<\/a><\/li>\n\n\n\n<li><a>...<\/a><\/li>\n\n\n\n<li><a href='?page_no=22911'>22911<\/a><\/li>\n\n\n\n<li><a href='?page_no=22912'>22912<\/a><\/li>\n\n    \n\t\n\n<li >\n\t<a href='?page_no=591'>Next<\/a>\n\t<\/li>\n\n\n    \n\n<li><a href='?page_no=22912'>Last &rsaquo;&rsaquo;<\/a><\/li>\n\n<\/ul>\n\n\n--><br \/>\n<\/body><\/p>\n","protected":false},"excerpt":{"rendered":"<p>Diariodominicano.com Muere el pr\u00f3cer y ex presidente de la Rep\u00fablica Gregorio Luper\u00f3n Luper\u00f3n hab\u00eda nacido en Puerto Plata, el d\u00eda 8 de Septiembre de 1839, y a base de m\u00faltiples esfuerzos logr\u00f3 una formaci\u00f3n que le permiti\u00f3 descollar en la vida militar y pol\u00edtica de Rep\u00fablica Dominicana. Por H\u00e9ctor Tineo Nolasco Diariodominicano.com PUERTO PLATA, el [&hellip;]<\/p>\n","protected":false},"author":3,"featured_media":0,"comment_status":"open","ping_status":"open","sticky":false,"template":"","format":"standard","meta":{"footnotes":""},"categories":[21],"tags":[],"class_list":["post-53684","post","type-post","status-publish","format-standard","hentry","category-cultura"],"_links":{"self":[{"href":"https:\/\/diariodominicano.com\/index.php?rest_route=\/wp\/v2\/posts\/53684","targetHints":{"allow":["GET"]}}],"collection":[{"href":"https:\/\/diariodominicano.com\/index.php?rest_route=\/wp\/v2\/posts"}],"about":[{"href":"https:\/\/diariodominicano.com\/index.php?rest_route=\/wp\/v2\/types\/post"}],"author":[{"embeddable":true,"href":"https:\/\/diariodominicano.com\/index.php?rest_route=\/wp\/v2\/users\/3"}],"replies":[{"embeddable":true,"href":"https:\/\/diariodominicano.com\/index.php?rest_route=%2Fwp%2Fv2%2Fcomments&post=53684"}],"version-history":[{"count":0,"href":"https:\/\/diariodominicano.com\/index.php?rest_route=\/wp\/v2\/posts\/53684\/revisions"}],"wp:attachment":[{"href":"https:\/\/diariodominicano.com\/index.php?rest_route=%2Fwp%2Fv2%2Fmedia&parent=53684"}],"wp:term":[{"taxonomy":"category","embeddable":true,"href":"https:\/\/diariodominicano.com\/index.php?rest_route=%2Fwp%2Fv2%2Fcategories&post=53684"},{"taxonomy":"post_tag","embeddable":true,"href":"https:\/\/diariodominicano.com\/index.php?rest_route=%2Fwp%2Fv2%2Ftags&post=53684"}],"curies":[{"name":"wp","href":"https:\/\/api.w.org\/{rel}","templated":true}]}}