{"id":53683,"date":"2020-11-13T08:03:57","date_gmt":"2020-11-13T08:03:57","guid":{"rendered":"http:\/\/diariodominicano.ddns.net\/?p=53683"},"modified":"2020-11-13T08:03:57","modified_gmt":"2020-11-13T08:03:57","slug":"el-dia-que-el-general-pedro-santana-fue-juramentado-primer-presidente-de-republica-dominicana","status":"publish","type":"post","link":"https:\/\/diariodominicano.com\/?p=53683","title":{"rendered":"El d\u00eda que el general Pedro Santana fue juramentado primer presidente de Rep\u00fablica Dominicana"},"content":{"rendered":"<p><body><\/p>\n<p><img decoding=\"async\" src=\"img3\/General Pedro Santana.jpg\" \/>  <\/p>\n<p><strong>Diariodominicano.com<\/strong><\/p>\n<p><strong>De inmediato design\u00f3  su Consejo de Ministros y como gobernadores design\u00f3 a militares que se distinguieron en la lucha contra las invasiones de los haitianos.<\/strong><\/p>\n<p><strong>El d\u00eda que el general Pedro Santana fue juramentado primer presidente de Rep\u00fablica Dominicana<\/strong><\/p>\n<p><strong>Santana fue un presidente autoritario que no cre\u00eda en las  ideas liberales que enarbolaron los trinitarios que segu\u00edan el pensamiento de Juan Pablo Duarte. Eso explica que la primera Constituci\u00f3n  de la Rep\u00fablica, consagrara poderes extraordinarios al Presidente de la Rep\u00fablica.<\/strong><\/p>\n<p><strong> <\/strong><\/p>\n<p><strong>Por H\u00e9ctor Tineo Nolasco<\/strong><\/p>\n<p><strong>Diariodominicano.com<\/strong><\/p>\n<\/p>\n<p><strong>SANTO DOMINGO, el  13 de noviembre de  1844<\/strong>, el general Pedro Santana fue juramentado como  primer Presidente de la Rep\u00fablica Dominicana. Hab\u00eda sido  el principal jefe militar en la lucha contra las invasiones de Hait\u00ed.<\/p>\n<\/p>\n<p>De inmediato design\u00f3  su Consejo de Ministros y como gobernadores design\u00f3 a militares que se distinguieron en la lucha contra las invasiones de los haitianos.<\/p>\n<\/p>\n<p>   La primera administraci\u00f3n del Presidente Santana fue muy dif\u00edcil y se vio agravada por la invasi\u00f3n haitiana de 1845. Su  r\u00e9gimen dictatorial fue incapaz de dar soluci\u00f3n a los problemas econ\u00f3micos del pa\u00eds y por ello fue perdiendo apoyo en la poblaci\u00f3n.<\/p>\n<\/p>\n<p>    En su primer Gobierno,  enfrent\u00f3 a los trinitarios y el 27 de Febrero de 1845, en el primer aniversario de la fundaci\u00f3n de la Rep\u00fablica, fusil\u00f3 a Mar\u00eda Trinidad S\u00e1nchez  y a un grupo de trinitarios acusados de conspirar para derrocar su Gobierno. Y en  1847, orden\u00f3 el fusilamiento de los hermanos Gabino y Jos\u00e9  Joaqu\u00edn Puello.<\/p>\n<\/p>\n<p>   Tambi\u00e9n enfrent\u00f3 a la Iglesia Cat\u00f3lica, que se opuso a la ley que promulg\u00f3 el 7 de junio de 1845, en virtud de la cual el Presidente Santana ratific\u00f3 la pol\u00edtica haitiana iniciada en 1824, durante el Gobierno de la Ocupaci\u00f3n,  para dejar  sin efecto para siempre los censos,  capellan\u00edas, capitales y rentas eclesi\u00e1sticas que afectaban los bienes rurales  situados en la antigua parte espa\u00f1ola, desde 1844, dejando los bienes  y propiedades exentos de todo gravamen o hipoteca.<\/p>\n<\/p>\n<p>    De esa manera, la Iglesia Cat\u00f3lica  no lograr\u00eda recuperar sus propiedades antiguas y tampoco  pod\u00eda cobrar los intereses que ella cre\u00eda acumulados por las hipotecas, censos y capellan\u00edas que fueron eliminados por los haitianos en el a\u00f1o 1824.<\/p>\n<\/p>\n<p>   El Presidente Pedro Santana tambi\u00e9n enfrent\u00f3 dificultades  militares cuando  los habitantes de la secci\u00f3n Santa Mar\u00eda de San Crist\u00f3bal, se negaron a formar parte del Ej\u00e9rcito del Sur que deb\u00eda marchar  a la frontera para defender la soberan\u00eda contra los haitianos.<\/p>\n<\/p>\n<\/p>\n<p><strong>Un militar<\/strong><\/p>\n<\/p>\n<p>      Santana se hab\u00eda destacado  por sus cualidades de estratega y por su arrojo,  en la lucha por la consolidaci\u00f3n  de la Independencia Nacional, proclamada el 27 de febrero de 1844.<\/p>\n<\/p>\n<p>  Santana hab\u00eda nacido en la comunidad fronteriza de  Hincha, el 29 de junio de 1801, hijo de Pedro Santana y Petronila Familia.<\/p>\n<\/p>\n<p>  Su padre fue un militar del Ej\u00e9rcito Espa\u00f1ol de la Reconquista y cuando la Batalla de Palo Hincado era Capit\u00e1n. <\/p>\n<p>    Santana contrajo matrimonio en dos oportunidades: el primero con Micaela Antonia Rivera, una viuda rica de El Seybo y luego con Ana Zorrilla.  Su primer matrimonio lo convirti\u00f3 en un hombre de influencia en el Este. <\/p>\n<\/p>\n<p>   En su ni\u00f1ez  hab\u00eda vivido en el Cibao.  En  1843, se enrol\u00f3 en el  movimiento de Los trinitarios, que lideraba Juan Pablo Duarte, porque su hermano Ram\u00f3n Santana declin\u00f3 la posici\u00f3n que le ofreci\u00f3 el patricio y le recomend\u00f3  a su hermano.<\/p>\n<\/p>\n<p>    Duarte conoci\u00f3 a los hermanos Santana en un recorrido por el Este en busca de apoyo para crear a Rep\u00fablica Dominicana.<\/p>\n<\/p>\n<p>    Santana tambi\u00e9n est\u00e1 entre los firmantes del manifiesto dado a conocer el 16 de enero de 1844.<\/p>\n<\/p>\n<p>    En todas las batallas que comand\u00f3 contra los haitianos invasores del  territorio nacional, sali\u00f3 victorioso.<\/p>\n<\/p>\n<p><strong>Un hombre autoritario <\/strong><\/p>\n<\/p>\n<p>   Era  un hombre autoritario que no cre\u00eda en las  ideas liberales que enarbolaron los trinitarios que segu\u00edan el pensamiento de Juan Pablo Duarte. Eso explica que la primera Constituci\u00f3n  de la Rep\u00fablica, consagrara poderes extraordinarios al Presidente de la Rep\u00fablica.<\/p>\n<\/p>\n<p>  Cuando estudi\u00f3 con sus asesores el primer proyecto de la Constituci\u00f3n de la Rep\u00fablica, se  neg\u00f3 a aceptar ser elegido  Presidente con una  Carta Magna, como la presentada. Consideraba que el poder pol\u00edtico de la Rep\u00fablica Dominicana tiene que ser militar y no civil, porque el estado de guerra con Hait\u00ed,  lo demandaba.   <\/p>\n<\/p>\n<p>   Versiones de la \u00e9poca dan cuenta de que al recibir la reacci\u00f3n de rechazo de Santana, el Congreso Constituyente de San Crist\u00f3bal,  se mostr\u00f3 reticente a aceptar las exigencias del jefe  militar y pol\u00edtico.<\/p>\n<\/p>\n<p>    La situaci\u00f3n origin\u00f3 una situaci\u00f3n de tensi\u00f3n  entre la Asamblea Constituyente y la Junta Central Gubernativa,  la cual qued\u00f3 solucionada cuando por iniciativa de Tom\u00e1s Bobadilla y Briones, se agreg\u00f3  a la Constituci\u00f3n de San Crist\u00f3bal, del 6 de noviembre de 1844, el art\u00edculo 210, que  dispone:  \u00abDurante la guerra  actual y mientras no est\u00e9 firmada la paz, el Presidente de la Rep\u00fablica puede libremente organizar el Ej\u00e9rcito y armada, movilizar las  guardias de la Naci\u00f3n; pudiendo, en consecuencia, dar todas las \u00f3rdenes, providencias y decretos que convengan, sin estar sujeto a responsabilidad alguna\u00bb.  <\/p>\n<\/p>\n<p>   De esa manera, el pa\u00eds qued\u00f3 con una  Constituci\u00f3n que consagraba la dictadura pol\u00edtica e invalidaba las disposiciones democr\u00e1ticas en la primera  Carta  Magna, votada el 6 de noviembre de 1844.<\/p>\n<\/p>\n<p>   Al lograr la Constituci\u00f3n que deseaba, el general  Santana acept\u00f3  ser escogido Presidente de  la Rep\u00fablica, por dos per\u00edodos consecutivos de 4 a\u00f1os. Fue juramentado el 13 de noviembre de 1844.  <\/p>\n<\/p>\n<p><strong>Otras dificultades<\/strong><\/p>\n<\/p>\n<p>Afront\u00f3 dificultades cuando   los habitantes de la secci\u00f3n Santa Mar\u00eda de San Crist\u00f3bal, se negaron a formar parte del Ej\u00e9rcito del Sur que deb\u00eda marchar  a la frontera para defender la soberan\u00eda contra los haitianos.<\/p>\n<\/p>\n<p>    La rebeli\u00f3n de Santa Mar\u00eda, la encabezaron negros de origen haitiano y el Gobierno la reprimi\u00f3  de manera en\u00e9rgica.<\/p>\n<\/p>\n<p>   El primer Gobierno del General Pedro Santana  termin\u00f3 el 4 de agosto de 1848;  luego fue presidente de  la Rep\u00fablica durante los per\u00edodos del 30 de mayo de 1849 al 23 de septiembre de 1849, del 15 de febrero de 1853 al 26 de mayo de 1856; del 13 de junio de 1858  al 18 de marzo de 1861, cuando anex\u00f3 Rep\u00fablica Dominicana  a Espa\u00f1a.<\/p>\n<\/p>\n<p>   En la primera parte del Gobierno de la Anexi\u00f3n,  del  18 de marzo de 1861 al 20 de julio de 1862,  fue el jefe de la administraci\u00f3n, pero luego fue reemplazado por representantes de Espa\u00f1a.<\/p>\n<\/p>\n<p>    Como premio por su decisi\u00f3n de anexar el pa\u00eds a Espa\u00f1a, la Reyna Isabel Segunda le concedi\u00f3 el t\u00edtulo de Marqu\u00e9s de las Carreras.<\/p>\n<\/p>\n<p>   El 4 de julio  de 1861,  Santana orden\u00f3 el fusilamiento del pr\u00f3cer Francisco del Rosario S\u00e1nchez y varios compa\u00f1eros que luchaban contra la Anexi\u00f3n de la Rep\u00fablica a Espa\u00f1a. La ejecuci\u00f3n se produjo en El Cercado, San Juan de la Maguana.<\/p>\n<\/p>\n<p>   Cuando  Santana muri\u00f3 era un hombre sin poder y una figura despreciada por la poblaci\u00f3n, al extremo de que se tem\u00eda la gente profanara su tumba, por lo que se tomaron medidas especiales para protegerla.<\/p>\n<\/p>\n<p>    Desde el a\u00f1o 1978,  por una disposici\u00f3n del Presidente Joaqu\u00edn Balaguer, los  restos de Pedro Santana descansan en el Pante\u00f3n Nacional, en la calle Las Damas, de la ciudad colonial de Santo Domingo.<\/p>\n<\/p>\n<h6> 2020-11-13 08:03:57 <\/h6>\n<p><!--\n<link rel=\"stylesheet\" href=\"css\/bootstrap.min.css\">\n\n\n<ul class=\"pagination\">\n\t    \n\t\n\n<li >\n\t<a href='?page_no=58'>Previous<\/a>\n\t<\/li>\n\n\n       \n    \n\n<li><a href='?page_no=1'>1<\/a><\/li>\n\n\n\n<li><a href='?page_no=2'>2<\/a><\/li>\n\n\n\n<li><a>...<\/a><\/li>\n\n\n\n<li><a href='?page_no=57'>57<\/a><\/li>\n\n\n\n<li><a href='?page_no=58'>58<\/a><\/li>\n\n\n\n<li class='active'><a>59<\/a><\/li>\n\n\n\n<li><a href='?page_no=60'>60<\/a><\/li>\n\n\n\n<li><a href='?page_no=61'>61<\/a><\/li>\n\n\n\n<li><a>...<\/a><\/li>\n\n\n\n<li><a href='?page_no=22911'>22911<\/a><\/li>\n\n\n\n<li><a href='?page_no=22912'>22912<\/a><\/li>\n\n    \n\t\n\n<li >\n\t<a href='?page_no=60'>Next<\/a>\n\t<\/li>\n\n\n    \n\n<li><a href='?page_no=22912'>Last &rsaquo;&rsaquo;<\/a><\/li>\n\n<\/ul>\n\n\n--><br \/>\n<\/body><\/p>\n","protected":false},"excerpt":{"rendered":"<p>Diariodominicano.com De inmediato design\u00f3 su Consejo de Ministros y como gobernadores design\u00f3 a militares que se distinguieron en la lucha contra las invasiones de los haitianos. El d\u00eda que el general Pedro Santana fue juramentado primer presidente de Rep\u00fablica Dominicana Santana fue un presidente autoritario que no cre\u00eda en las ideas liberales que enarbolaron los [&hellip;]<\/p>\n","protected":false},"author":3,"featured_media":0,"comment_status":"open","ping_status":"open","sticky":false,"template":"","format":"standard","meta":{"footnotes":""},"categories":[21],"tags":[],"class_list":["post-53683","post","type-post","status-publish","format-standard","hentry","category-cultura"],"_links":{"self":[{"href":"https:\/\/diariodominicano.com\/index.php?rest_route=\/wp\/v2\/posts\/53683","targetHints":{"allow":["GET"]}}],"collection":[{"href":"https:\/\/diariodominicano.com\/index.php?rest_route=\/wp\/v2\/posts"}],"about":[{"href":"https:\/\/diariodominicano.com\/index.php?rest_route=\/wp\/v2\/types\/post"}],"author":[{"embeddable":true,"href":"https:\/\/diariodominicano.com\/index.php?rest_route=\/wp\/v2\/users\/3"}],"replies":[{"embeddable":true,"href":"https:\/\/diariodominicano.com\/index.php?rest_route=%2Fwp%2Fv2%2Fcomments&post=53683"}],"version-history":[{"count":0,"href":"https:\/\/diariodominicano.com\/index.php?rest_route=\/wp\/v2\/posts\/53683\/revisions"}],"wp:attachment":[{"href":"https:\/\/diariodominicano.com\/index.php?rest_route=%2Fwp%2Fv2%2Fmedia&parent=53683"}],"wp:term":[{"taxonomy":"category","embeddable":true,"href":"https:\/\/diariodominicano.com\/index.php?rest_route=%2Fwp%2Fv2%2Fcategories&post=53683"},{"taxonomy":"post_tag","embeddable":true,"href":"https:\/\/diariodominicano.com\/index.php?rest_route=%2Fwp%2Fv2%2Ftags&post=53683"}],"curies":[{"name":"wp","href":"https:\/\/api.w.org\/{rel}","templated":true}]}}