{"id":53672,"date":"2020-05-22T00:09:17","date_gmt":"2020-05-22T00:09:17","guid":{"rendered":"http:\/\/diariodominicano.ddns.net\/?p=53672"},"modified":"2020-05-22T00:09:17","modified_gmt":"2020-05-22T00:09:17","slug":"iv-congreso-nacional-de-pastoral-juvenil-el-vive","status":"publish","type":"post","link":"https:\/\/diariodominicano.com\/?p=53672","title":{"rendered":"&#13;IV CONGRESO NACIONAL DE PASTORAL JUVENIL \u00ab\u00c9L VIVE\u00bb"},"content":{"rendered":"<p><body><\/p>\n<p><img decoding=\"async\" src=\"img3\/Logo del Congreso2.jpg\" \/><br \/><img decoding=\"async\" src=\"img3\/Foto de la CNPJRD.jpg\" \/><br \/><img decoding=\"async\" src=\"img3\/Foto 2 (76).jpg\" \/>  <\/p>\n<p><strong>Diariodominicano.com<\/strong><\/p>\n<p><strong>IV CONGRESO NACIONAL DE PASTORAL JUVENIL \u00ab\u00c9L VIVE\u00bb<\/strong><\/p>\n<p><strong>\u00abCristo vive y te quiere vivo\u00bb<\/strong><\/p>\n<p><strong>Desde el 22 hasta el 24 de mayo de 2020<\/strong><\/p>\n<p><strong>Edici\u00f3n Virtual<\/strong><\/p>\n<\/p>\n<p><strong>Santo Domingo, 21 de mayo de 2020.-<\/strong> La Comisi\u00f3n Nacional de Pastoral Juvenil, presidida por Monse\u00f1or Francisco Ozoria Acosta, Arzobispo Metropolitano de la Arquidi\u00f3cesis de Santo Domingo, celebra su IV Congreso Nacional de Pastoral Juvenil con el lema \u00abCristo vive y te quiere vivo\u00bb, este a\u00f1o celebrado bajo una modalidad virtual, desde el viernes 22 al domingo 24 de mayo. <\/p>\n<\/p>\n<p>El mismo se realiza en el marco de su propuesta de formaci\u00f3n nacional de los l\u00edderes juveniles parroquiales, para revivir la fascinaci\u00f3n por un Cristo vivo que al reflejarlo en su diario vivir logren motivar a los j\u00f3venes para que sean constructores de la Civilizaci\u00f3n del Amor y centinelas de nuestro planeta.<\/p>\n<\/p>\n<p>Cuenta con la participaci\u00f3n de m\u00e1s de 600 delegados nacionales de grupos y movimientos apost\u00f3licos juveniles, agentes de Pastoral Universitaria, Pastoral de Adolescentes y Pastoral Vocacional, delegados internacionales e invitados especiales. Destacando la presencia del Reverendo Padre Miguel \u00c1ngel Amarante, Director Nacional, y sacerdotes responsables de Pastoral Juvenil de las diferentes di\u00f3cesis presentes.<\/p>\n<\/p>\n<p>El III Congreso Nacional de Pastoral Juvenil fue celebrado el pasado a\u00f1o en la Di\u00f3cesis de San Francisco de Macor\u00eds, Provincia Duarte y fruto de este se redact\u00f3 para los Medios de Comunicaci\u00f3n Nacional una proclama donde se hace constar que el verdadero reto de los j\u00f3venes es ser capaces de tomar protagonismo en los diferentes espacios, sin que sea esto un sue\u00f1o futuro porque son el ahora de Dios, lo que supone que tienen la fuerza y capacidad de atreverse a ir contra corriente y ser influencers como Mar\u00eda. <\/p>\n<\/p>\n<p><strong>CONFERENCIA DEL EPISCOPADO DOMINICANO<\/strong><\/p>\n<\/p>\n<p>El congreso de este a\u00f1o busca continuar la reflexi\u00f3n de la realidad del joven de hoy, conocer las caracter\u00edsticas que le acompa\u00f1an y hacerle saber que su voz es escuchada, para ofrecer espacios que lo fascinen por la figura de Jes\u00fas, resaltando la importancia de vivir a su modo todos los d\u00edas dentro de los espacios vitales juveniles y dot\u00e1ndolos con las herramientas para llevar a otros j\u00f3venes un mensaje de esperanza mostrando a Jes\u00fas como el amigo fiel.<\/p>\n<\/p>\n<p>Al finalizar este encuentro de formaci\u00f3n se espera tener lideres juveniles empoderados, consientes del compromiso de su participaci\u00f3n en la sociedad y su fascinaci\u00f3n por su servicio pastoral, con una nueva visi\u00f3n y nuevas herramientas de trabajo pastoral que les ayuden en el accionar diario, y as\u00ed puedan dar un cambio a la realidad de su entorno.<\/p>\n<\/p>\n<\/p>\n<h6> 2020-05-22 00:09:17 <\/h6>\n<p><!--\n<link rel=\"stylesheet\" href=\"css\/bootstrap.min.css\">\n\n\n<ul class=\"pagination\">\n\t    \n\t\n\n<li >\n\t<a href='?page_no=588'>Previous<\/a>\n\t<\/li>\n\n\n       \n    \n\n<li><a href='?page_no=1'>1<\/a><\/li>\n\n\n\n<li><a href='?page_no=2'>2<\/a><\/li>\n\n\n\n<li><a>...<\/a><\/li>\n\n\n\n<li><a href='?page_no=587'>587<\/a><\/li>\n\n\n\n<li><a href='?page_no=588'>588<\/a><\/li>\n\n\n\n<li class='active'><a>589<\/a><\/li>\n\n\n\n<li><a href='?page_no=590'>590<\/a><\/li>\n\n\n\n<li><a href='?page_no=591'>591<\/a><\/li>\n\n\n\n<li><a>...<\/a><\/li>\n\n\n\n<li><a href='?page_no=22911'>22911<\/a><\/li>\n\n\n\n<li><a href='?page_no=22912'>22912<\/a><\/li>\n\n    \n\t\n\n<li >\n\t<a href='?page_no=590'>Next<\/a>\n\t<\/li>\n\n\n    \n\n<li><a href='?page_no=22912'>Last &rsaquo;&rsaquo;<\/a><\/li>\n\n<\/ul>\n\n\n--><br \/>\n<\/body><\/p>\n","protected":false},"excerpt":{"rendered":"<p>Diariodominicano.com IV CONGRESO NACIONAL DE PASTORAL JUVENIL \u00ab\u00c9L VIVE\u00bb \u00abCristo vive y te quiere vivo\u00bb Desde el 22 hasta el 24 de mayo de 2020 Edici\u00f3n Virtual Santo Domingo, 21 de mayo de 2020.- La Comisi\u00f3n Nacional de Pastoral Juvenil, presidida por Monse\u00f1or Francisco Ozoria Acosta, Arzobispo Metropolitano de la Arquidi\u00f3cesis de Santo Domingo, celebra [&hellip;]<\/p>\n","protected":false},"author":3,"featured_media":0,"comment_status":"open","ping_status":"open","sticky":false,"template":"","format":"standard","meta":{"footnotes":""},"categories":[21],"tags":[],"class_list":["post-53672","post","type-post","status-publish","format-standard","hentry","category-cultura"],"_links":{"self":[{"href":"https:\/\/diariodominicano.com\/index.php?rest_route=\/wp\/v2\/posts\/53672","targetHints":{"allow":["GET"]}}],"collection":[{"href":"https:\/\/diariodominicano.com\/index.php?rest_route=\/wp\/v2\/posts"}],"about":[{"href":"https:\/\/diariodominicano.com\/index.php?rest_route=\/wp\/v2\/types\/post"}],"author":[{"embeddable":true,"href":"https:\/\/diariodominicano.com\/index.php?rest_route=\/wp\/v2\/users\/3"}],"replies":[{"embeddable":true,"href":"https:\/\/diariodominicano.com\/index.php?rest_route=%2Fwp%2Fv2%2Fcomments&post=53672"}],"version-history":[{"count":0,"href":"https:\/\/diariodominicano.com\/index.php?rest_route=\/wp\/v2\/posts\/53672\/revisions"}],"wp:attachment":[{"href":"https:\/\/diariodominicano.com\/index.php?rest_route=%2Fwp%2Fv2%2Fmedia&parent=53672"}],"wp:term":[{"taxonomy":"category","embeddable":true,"href":"https:\/\/diariodominicano.com\/index.php?rest_route=%2Fwp%2Fv2%2Fcategories&post=53672"},{"taxonomy":"post_tag","embeddable":true,"href":"https:\/\/diariodominicano.com\/index.php?rest_route=%2Fwp%2Fv2%2Ftags&post=53672"}],"curies":[{"name":"wp","href":"https:\/\/api.w.org\/{rel}","templated":true}]}}