{"id":536572,"date":"2024-06-09T22:01:38","date_gmt":"2024-06-10T02:01:38","guid":{"rendered":"https:\/\/diariodominicano.com\/?p=536572"},"modified":"2024-06-09T22:01:43","modified_gmt":"2024-06-10T02:01:43","slug":"colombia-gano-disputa-con-compania-minera-canadiense","status":"publish","type":"post","link":"https:\/\/diariodominicano.com\/?p=536572","title":{"rendered":"Colombia gan\u00f3 disputa con compa\u00f1\u00eda minera canadiense"},"content":{"rendered":"\n<p>Bogot\u00e1, 9 jun (Prensa Latina) El Centro Internacional de Arreglo de Diferencias relativas a Inversiones (Ciadi) fall\u00f3 a favor de Colombia en una disputa con la compa\u00f1\u00eda minera canadiense Montauk Metals, seg\u00fan una informaci\u00f3n disponible hoy.<\/p>\n\n\n\n<ul class=\"wp-block-list\">\n<li><a href=\"https:\/\/www.prensa-latina.cu\/2024\/06\/09\/\"><time>junio 9, 2024 | 19:45<\/time><\/a><\/li>\n<\/ul>\n\n\n\n<ul class=\"wp-block-list\">\n<li><a href=\"https:\/\/www.prensa-latina.cu\/2024\/06\/09\/colombia-gano-disputa-con-compania-minera-canadiense\/#\"><\/a><\/li>\n\n\n\n<li><a href=\"https:\/\/www.prensa-latina.cu\/2024\/06\/09\/colombia-gano-disputa-con-compania-minera-canadiense\/#\"><\/a><\/li>\n\n\n\n<li><a href=\"https:\/\/www.prensa-latina.cu\/2024\/06\/09\/colombia-gano-disputa-con-compania-minera-canadiense\/#\"><\/a><\/li>\n\n\n\n<li><a href=\"https:\/\/www.prensa-latina.cu\/2024\/06\/09\/colombia-gano-disputa-con-compania-minera-canadiense\/#\"><\/a><\/li>\n<\/ul>\n\n\n\n<p>La decisi\u00f3n evita que la naci\u00f3n sudamericana erogue m\u00e1s de 700 mil millones de pesos (m\u00e1s de 180 millones de d\u00f3lares al cambio actual), que la empresa norteamericana exig\u00eda, y logra hacer efectiva la prohibici\u00f3n de llevar a cabo actividades de miner\u00eda en los ecosistemas de p\u00e1ramos y, particularmente, en el p\u00e1ramo de Santurb\u00e1n, al norte del pa\u00eds.<\/p>\n\n\n\n<p>El Tribunal de Arbitramento Internacional reconoci\u00f3 que las medidas de Colombia no fueron arbitrarias ni injustas, consolidando as\u00ed un precedente respecto al manejo soberano de los recursos naturales y la protecci\u00f3n ambiental, de acuerdo con la nota difundida por la Presidencia.<\/p>\n\n\n\n<p>La Agencia Nacional de Defensa Jur\u00eddica del Estado argument\u00f3 que las medidas adoptadas para proteger el ecosistema del p\u00e1ramo eran un ejercicio leg\u00edtimo de las potestades regulatorias del Estado.<\/p>\n\n\n\n<p>Por su parte, el tribunal apoy\u00f3 esta postura y reconoci\u00f3 que las acciones de Colombia se realizaron de buena fe.<\/p>\n\n\n\n<p>En el laudo arbitral, la Corte desestim\u00f3 las reclamaciones de expropiaci\u00f3n y de violaci\u00f3n al est\u00e1ndar de Trato Justo y Equitativo planteadas por la minera norte\u00f1a.<\/p>\n\n\n\n<p>P\u00e1ramo Santurb\u00e1n es un macizo monta\u00f1oso, conocido geogr\u00e1ficamente tambi\u00e9n como Nudo de Santurb\u00e1n, que incluye una amplia regi\u00f3n natural, de ecosistema montano intertropical, con ubicaci\u00f3n en los departamentos colombianos de Santander y Norte de Santander.<\/p>\n\n\n\n<p>npg\/ifs<\/p>\n","protected":false},"excerpt":{"rendered":"<p>Bogot\u00e1, 9 jun (Prensa Latina) El Centro Internacional de Arreglo de Diferencias relativas a Inversiones (Ciadi) fall\u00f3 a favor de Colombia en una disputa con la compa\u00f1\u00eda minera canadiense Montauk Metals, seg\u00fan una informaci\u00f3n disponible hoy. La decisi\u00f3n evita que la naci\u00f3n sudamericana erogue m\u00e1s de 700 mil millones de pesos (m\u00e1s de 180 millones [&hellip;]<\/p>\n","protected":false},"author":28,"featured_media":536573,"comment_status":"closed","ping_status":"closed","sticky":false,"template":"","format":"standard","meta":{"footnotes":""},"categories":[23,24],"tags":[],"class_list":["post-536572","post","type-post","status-publish","format-standard","has-post-thumbnail","hentry","category-internacional","category-justicia-y-derecho"],"_links":{"self":[{"href":"https:\/\/diariodominicano.com\/index.php?rest_route=\/wp\/v2\/posts\/536572","targetHints":{"allow":["GET"]}}],"collection":[{"href":"https:\/\/diariodominicano.com\/index.php?rest_route=\/wp\/v2\/posts"}],"about":[{"href":"https:\/\/diariodominicano.com\/index.php?rest_route=\/wp\/v2\/types\/post"}],"author":[{"embeddable":true,"href":"https:\/\/diariodominicano.com\/index.php?rest_route=\/wp\/v2\/users\/28"}],"replies":[{"embeddable":true,"href":"https:\/\/diariodominicano.com\/index.php?rest_route=%2Fwp%2Fv2%2Fcomments&post=536572"}],"version-history":[{"count":1,"href":"https:\/\/diariodominicano.com\/index.php?rest_route=\/wp\/v2\/posts\/536572\/revisions"}],"predecessor-version":[{"id":536574,"href":"https:\/\/diariodominicano.com\/index.php?rest_route=\/wp\/v2\/posts\/536572\/revisions\/536574"}],"wp:featuredmedia":[{"embeddable":true,"href":"https:\/\/diariodominicano.com\/index.php?rest_route=\/wp\/v2\/media\/536573"}],"wp:attachment":[{"href":"https:\/\/diariodominicano.com\/index.php?rest_route=%2Fwp%2Fv2%2Fmedia&parent=536572"}],"wp:term":[{"taxonomy":"category","embeddable":true,"href":"https:\/\/diariodominicano.com\/index.php?rest_route=%2Fwp%2Fv2%2Fcategories&post=536572"},{"taxonomy":"post_tag","embeddable":true,"href":"https:\/\/diariodominicano.com\/index.php?rest_route=%2Fwp%2Fv2%2Ftags&post=536572"}],"curies":[{"name":"wp","href":"https:\/\/api.w.org\/{rel}","templated":true}]}}