{"id":53650,"date":"2020-05-22T18:42:05","date_gmt":"2020-05-22T18:42:05","guid":{"rendered":"http:\/\/diariodominicano.ddns.net\/?p=53650"},"modified":"2020-05-22T18:42:05","modified_gmt":"2020-05-22T18:42:05","slug":"pelicula-dominicana-vals-de-santo-domingo-gana-premio-en-panama","status":"publish","type":"post","link":"https:\/\/diariodominicano.com\/?p=53650","title":{"rendered":"Pel\u00edcula dominicana Vals de Santo Domingo gana premio en Panam\u00e1"},"content":{"rendered":"<p><body><\/p>\n<p><img decoding=\"async\" src=\"img3\/valsstodgo22-5-20.jpeg\" \/>  <\/p>\n<p><span class=\"text1noticias\">diariodominicano.com<\/span><\/p>\n<p><span class=\"text1noticias\"> <\/span><\/p>\n<p><span class=\"text1noticias\">Santo Domingo, 22 may (Prensa Latina) La pel\u00edcula dominicana Vals de Santo Domingo result\u00f3 ganadora del fondo Su Mirada en el prestigioso Panam\u00e1 International Film Festival (IFF), se divulg\u00f3 hoy aqu\u00ed.<\/span><\/p>\n<p><span class=\"text1noticias\"> <\/span><\/p>\n<p><span class=\"text1noticias\">El filme, escrito y dirigido por Tatiana Fern\u00e1ndez y producida por Fernando Santos, cuenta la historia de los<\/span><\/p>\n<p><span class=\"text1noticias\">\u00fanicos tres varones en una clase de ballet de 20 adolescentes, explorando sus propios prejuicios y los de la<\/span><\/p>\n<p><span class=\"text1noticias\">cultura dominicana.<\/span><\/p>\n<p><span class=\"text1noticias\"> <\/span><\/p>\n<p><span class=\"text1noticias\">La obra fue ganadora tambi\u00e9n del Premio Fonprocine para la producci\u00f3n de largometraje documental, y<\/span><\/p>\n<p><span class=\"text1noticias\">seleccionado para participar en el DocuLab del Festival Internacional de Cine de Guadalajara.<\/span><\/p>\n<p><span class=\"text1noticias\"> <\/span><\/p>\n<p><span class=\"text1noticias\">El IFF Panam\u00e1 anunci\u00f3 adem\u00e1s los ganadores del ya conocido Premio Primera Mirada, en el que Rep\u00fablica<\/span><\/p>\n<p><span class=\"text1noticias\">Dominicana tambi\u00e9n result\u00f3 ganadora con el film Rafaela, dirigido por Tito Rodr\u00edguez y protagonizado y<\/span><\/p>\n<p><span class=\"text1noticias\">coproducido por Judith Rodr\u00edguez.<\/span><\/p>\n<p><span class=\"text1noticias\"> <\/span><\/p>\n<p><span class=\"text1noticias\">El mencionado evento cinematogr\u00e1fico es el m\u00e1s importante de Am\u00e9rica Central y con la primera edici\u00f3n del<\/span><\/p>\n<p><span class=\"text1noticias\">fondo Su Mirada, busca fortalecer la participaci\u00f3n de las mujeres en la industria cinematogr\u00e1fica de la<\/span><\/p>\n<p><span class=\"text1noticias\">regi\u00f3n.<\/span><\/p>\n<p><span class=\"text1noticias\"> <\/span><\/p>\n<p><span class=\"text1noticias\">El jurado estuvo compuesto por Diana S\u00e1nchez, directora senior del festival, la productora argentina Gema<\/span><\/p>\n<p><span class=\"text1noticias\">Ju\u00e1rez y la cubana L\u00eda Rodr\u00edguez.<\/span><\/p>\n<p><span class=\"text1noticias\">agp\/ema<\/span><\/p>\n<p><span class=\"text1noticias\">Fecha: 22-05-2020<\/span><\/p>\n<h6> 2020-05-22 18:42:05 <\/h6>\n<p><!--\n<link rel=\"stylesheet\" href=\"css\/bootstrap.min.css\">\n\n\n<ul class=\"pagination\">\n\t    \n\t\n\n<li >\n\t<a href='?page_no=586'>Previous<\/a>\n\t<\/li>\n\n\n       \n    \n\n<li><a href='?page_no=1'>1<\/a><\/li>\n\n\n\n<li><a href='?page_no=2'>2<\/a><\/li>\n\n\n\n<li><a>...<\/a><\/li>\n\n\n\n<li><a href='?page_no=585'>585<\/a><\/li>\n\n\n\n<li><a href='?page_no=586'>586<\/a><\/li>\n\n\n\n<li class='active'><a>587<\/a><\/li>\n\n\n\n<li><a href='?page_no=588'>588<\/a><\/li>\n\n\n\n<li><a href='?page_no=589'>589<\/a><\/li>\n\n\n\n<li><a>...<\/a><\/li>\n\n\n\n<li><a href='?page_no=22911'>22911<\/a><\/li>\n\n\n\n<li><a href='?page_no=22912'>22912<\/a><\/li>\n\n    \n\t\n\n<li >\n\t<a href='?page_no=588'>Next<\/a>\n\t<\/li>\n\n\n    \n\n<li><a href='?page_no=22912'>Last &rsaquo;&rsaquo;<\/a><\/li>\n\n<\/ul>\n\n\n--><br \/>\n<\/body><\/p>\n","protected":false},"excerpt":{"rendered":"<p>diariodominicano.com Santo Domingo, 22 may (Prensa Latina) La pel\u00edcula dominicana Vals de Santo Domingo result\u00f3 ganadora del fondo Su Mirada en el prestigioso Panam\u00e1 International Film Festival (IFF), se divulg\u00f3 hoy aqu\u00ed. El filme, escrito y dirigido por Tatiana Fern\u00e1ndez y producida por Fernando Santos, cuenta la historia de los \u00fanicos tres varones en una [&hellip;]<\/p>\n","protected":false},"author":3,"featured_media":0,"comment_status":"open","ping_status":"open","sticky":false,"template":"","format":"standard","meta":{"footnotes":""},"categories":[21],"tags":[],"class_list":["post-53650","post","type-post","status-publish","format-standard","hentry","category-cultura"],"_links":{"self":[{"href":"https:\/\/diariodominicano.com\/index.php?rest_route=\/wp\/v2\/posts\/53650","targetHints":{"allow":["GET"]}}],"collection":[{"href":"https:\/\/diariodominicano.com\/index.php?rest_route=\/wp\/v2\/posts"}],"about":[{"href":"https:\/\/diariodominicano.com\/index.php?rest_route=\/wp\/v2\/types\/post"}],"author":[{"embeddable":true,"href":"https:\/\/diariodominicano.com\/index.php?rest_route=\/wp\/v2\/users\/3"}],"replies":[{"embeddable":true,"href":"https:\/\/diariodominicano.com\/index.php?rest_route=%2Fwp%2Fv2%2Fcomments&post=53650"}],"version-history":[{"count":0,"href":"https:\/\/diariodominicano.com\/index.php?rest_route=\/wp\/v2\/posts\/53650\/revisions"}],"wp:attachment":[{"href":"https:\/\/diariodominicano.com\/index.php?rest_route=%2Fwp%2Fv2%2Fmedia&parent=53650"}],"wp:term":[{"taxonomy":"category","embeddable":true,"href":"https:\/\/diariodominicano.com\/index.php?rest_route=%2Fwp%2Fv2%2Fcategories&post=53650"},{"taxonomy":"post_tag","embeddable":true,"href":"https:\/\/diariodominicano.com\/index.php?rest_route=%2Fwp%2Fv2%2Ftags&post=53650"}],"curies":[{"name":"wp","href":"https:\/\/api.w.org\/{rel}","templated":true}]}}