{"id":53639,"date":"2020-05-23T00:36:56","date_gmt":"2020-05-23T00:36:56","guid":{"rendered":"http:\/\/diariodominicano.ddns.net\/?p=53639"},"modified":"2020-05-23T00:36:56","modified_gmt":"2020-05-23T00:36:56","slug":"segunda-guerra-mundial-75-anos-de-su-fin-ii","status":"publish","type":"post","link":"https:\/\/diariodominicano.com\/?p=53639","title":{"rendered":"SEGUNDA GUERRA MUNDIAL: 75 A\u00d1OS DE SU FIN (II)"},"content":{"rendered":"<p><body><\/p>\n<p><img decoding=\"async\" src=\"img3\/Segunda-Guerra-Mundia-75-Anos-De-Su-Fin-II-3.jpg\" \/><br \/><img decoding=\"async\" src=\"img3\/Segunda-Guerra-Mundia-75-Anos-De-Su-Fin-II-2.jpg\" \/><br \/><img decoding=\"async\" src=\"img3\/Segunda-Guerra-Mundia-75-Anos-De-Su-Fin-II-1.jpg\" \/>  <\/p>\n<p><strong>SEGUNDA GUERRA MUNDIAL: 75 A\u00d1OS DE SU FIN (II)<\/strong><\/p>\n<p><strong>POR TE\u00d3FILO LAPPOT ROBLES<\/strong><\/p>\n<p><strong>El teniente Kennedy<\/strong><\/p>\n<p><strong>Como indiqu\u00e9 en la entrega anterior, recientemente se cumplieron 75 a\u00f1os de aquel hist\u00f3rico 8 de mayo de 1945 cuando en Berl\u00edn los alemanes se rindieron a las Fuerzas Aliadas, para formalizar el fin de la Segunda Guerra Mundial.<\/strong><\/p>\n<p>Muchos personajes civiles y militares de diversos pa\u00edses participaron en esa devastadora contienda que cost\u00f3 la vida a entre 50 y 60 millones de personas.<\/p>\n<p> Muchos de los combatientes lo hicieron desde posiciones modestas, sin formar parte en todo caso de la c\u00fapula c\u00edvico-militar de los dos grandes bloques en conflicto.<\/p>\n<p>Sus acciones de guerra no figuraron en los titulares de la prensa de entonces, concentrada en las noticias que generaban los l\u00edderes que dominaban los hechos guerreros y el escenario pol\u00edtico, pero algunos situados en filas secundarias luego adquirieron resonancia internacional.<\/p>\n<p>Ese fue el caso del teniente John  Fitzgerald  Kennedy, quien luego fue el trig\u00e9simo quinto presidente de los Estados Unidos de Norteam\u00e9rica. Tuvo una participaci\u00f3n breve en la Segunda Guerra Mundial.  Su tiempo en el teatro b\u00e9lico del Pac\u00edfico fue desde abril de 1943 hasta noviembre del mismo a\u00f1o. <\/p>\n<p>Con rango de alf\u00e9rez de nav\u00edo comandaba la lancha torpedera PT-109, que se mov\u00eda por el mar del Coral, entre las islas Salom\u00f3n y otras dispersas en las costas del Nordeste de Australia y del Este de Pap\u00faa Nueva Guinea.<\/p>\n<p>En la madrugada del 2 de agosto de 1943 el destructor de la Armada Imperial Japonesa Amagiri embisti\u00f3 y parti\u00f3 en dos a la referida embarcaci\u00f3n. El incidente se produjo en el estrecho de Blackett, en la zona de las Islas Salom\u00f3n, punto mar\u00edtimo muy activo en las operaciones aeronavales que se efectuaban en el Pac\u00edfico. <\/p>\n<p>Ese ataque provoc\u00f3 la muerte de 2 soldados estadounidenses y 2 m\u00e1s quedaron gravemente heridos. El teniente Kennedy junto a otros 10 marinos tambi\u00e9n fueron afectados con diversos da\u00f1os corporales.<\/p>\n<p>Despu\u00e9s de esa arremetida  el alf\u00e9rez Kennedy se salv\u00f3 de nuevo, mientras era trasladado de una isla a otra por el paso Ferguson. En esa ocasi\u00f3n su suerte estuvo guiada por la astucia de unos ind\u00edgenas melanesianos que lo conduc\u00edan en una piragua y decidieron colocarlo en el lecho de esa embarcaci\u00f3n artesanal y taparlo con hojas de palmera. <\/p>\n<p>En el trayecto de la riesgosa navegaci\u00f3n aviones de combate japoneses pasaron rasantes varias veces por encima de dicha piragua, pero no dispararon porque s\u00f3lo vieron a los ind\u00edgenas.<\/p>\n<p>Kennedy nad\u00f3 bastante antes de la llegada de los nativos que socorrieron al grupo de n\u00e1ufragos, seg\u00fan las cr\u00f3nicas de ese incidente incorporadas a su biograf\u00eda.<\/p>\n<p>Por su insistencia para seguir participando en la guerra a John F. Kennedy se le asign\u00f3 la comandancia de otra lancha torpedera, la PT59. En noviembre de 1943 un ataque de paludismo lo sac\u00f3 de combate y tuvo que retornar a EE.UU., cerrando as\u00ed su incipiente carrera militar.<\/p>\n<p>Como lesionado de guerra su pa\u00eds le concedi\u00f3 la distinci\u00f3n Coraz\u00f3n P\u00farpura (Peuple Heart), adem\u00e1s fue condecorado con la significativa medalla otorgada por la Armada y el Cuerpo de Marines (Navy and Marine Corps Medal).<\/p>\n<p>Al entregarle dicha presea el alto mando militar expres\u00f3: \u00abSu valor, su tenacidad y su excelente mando contribuyeron a la salvaci\u00f3n de varias vidas humanas, encuadr\u00e1ndose en la l\u00ednea de la m\u00e1s alta tradici\u00f3n de la Marina de los Estados Unidos.\u00bb1  <\/p>\n<\/p>\n<p><strong>La Rep\u00fablica Dominicana y La Segunda Guerra Mundial<\/strong><\/p>\n<\/p>\n<p>Los manuales y recuentos sobre los principales acontecimientos relacionados con  la Segunda Guerra Mundial est\u00e1n ayunos de informaci\u00f3n sobre la participaci\u00f3n de la Rep\u00fablica Dominicana en ese conflicto. <\/p>\n<p>No obstante esa omisi\u00f3n informativa, es de rigor se\u00f1alar que cuando ya finalizaba el 1941 el gobierno dominicano le declar\u00f3 la guerra a Alemania y Jap\u00f3n. Fue un acto m\u00e1s de faroleo internacional del dictador Trujillo que de una acci\u00f3n de guerra en s\u00ed.<\/p>\n<p>Ya antes de comenzar la Segunda Guerra Mundial el r\u00e9gimen de fuerza que oprim\u00eda al pueblo dominicano hab\u00eda hecho significativos gestos para acoger en el territorio nacional a miles de jud\u00edos que eran perseguidos, y sus bienes saqueados, por los nazistas que gobernaban en Alemania. <\/p>\n<p>La oferta dominicana se produjo en la Conferencia celebrada entre el  6 y el 15 de julio del 1938 en la ciudad francesa de \u00c9vian-les-Bains, <\/p>\n<p>Los motivos pol\u00edticos y econ\u00f3micos, as\u00ed como las consecuencias directas y proyecciones hist\u00f3ricas de ese hecho son harina de otro costal, por lo tanto no los comentar\u00e9 aqu\u00ed.<\/p>\n<p>Hay que recordar que antes de los hornos crematorios los nazis ten\u00edan un lustro persiguiendo a jud\u00edos, gitanos y otros grupos sociales, en una clara pol\u00edtica estatal de limpieza \u00e9tnica y robo de bienes de las v\u00edctimas, emulando con ello la operaci\u00f3n razia que m\u00e1s de 1,500 a\u00f1os atr\u00e1s hizo en Roma el rey visigodo Alarico I.<\/p>\n<\/p>\n<p><strong>La econom\u00eda dominicana<\/strong><\/p>\n<\/p>\n<p>Durante e inmediatamente despu\u00e9s de la Segunda Guerra Mundial la econom\u00eda dominicana tuvo un florecimiento, debido a los elevados precios de algunos productos criollos, especialmente el az\u00facar y la melaza que se vend\u00edan en su mayor parte a los EE.UU. <\/p>\n<p>Eso estaba conectado con lo que ocurr\u00eda entonces en Europa, donde obviamente los predios agr\u00edcolas fueron pr\u00e1cticamente abandonados.<\/p>\n<p>Los ingresos econ\u00f3micos del pa\u00eds por concepto de exportaciones tuvieron un crecimiento exponencial, de conformidad con las estad\u00edsticas correspondientes al per\u00edodo que cubre la guerra y la posguerra referida.<\/p>\n<p>Es v\u00e1lido se\u00f1alar que esos mismos c\u00e1lculos demuestran que hubo una disminuci\u00f3n de las importaciones. Muchos fueron los motivos, entre ellos que los mares eran m\u00e1s escenarios de combates que v\u00edas para el transporte de mercanc\u00edas desde Europa y Asia.<\/p>\n<\/p>\n<p><strong>Combatientes dominicanos en La Segunda Guerra Mundial<\/strong><\/p>\n<\/p>\n<p>En una dependencia de la Universidad de New York hay un peque\u00f1o monumento en el cual se recuerda la participaci\u00f3n de m\u00e1s de 300 dominicanos en la Segunda Guerra Mundial, quienes lucharon desde diferentes posiciones contra las fuerzas nazis-fascistas.<\/p>\n<p>Cabe resaltar el nombre de Esteban Hotesse, el dominicano nacido en Moca el 11 de febrero del 1919, quien bajo la bandera estadounidense piloteaba un avi\u00f3n bombardero mediano del tipo B-25 Mitchell. Muri\u00f3 en un accidente a\u00e9reo el 8 de julio de 1945, cuando apenas ten\u00eda 26 a\u00f1os de edad.<\/p>\n<p>El oficial Hotesse perteneci\u00f3 a los aviadores formados en una escuela a\u00e9rea del Estado de Alabama, en el Sureste de los EE.UU, quienes se denominaron Grupo Tuskegee. Su lema de guerra era \u00abescupir fuego\u00bb. Esa promoci\u00f3n de pilotos hizo proezas en la Segunda Guerra Mundial desde el Grupo de Combate 332 y el Grupo de bombardeo de las Fuerzas A\u00e9reas del Ej\u00e9rcito Norteamericano.<\/p>\n<p><strong> <\/strong><\/p>\n<p><strong>La Marina dominicana<\/strong><\/p>\n<\/p>\n<p>El 8 de diciembre de 1941, un d\u00eda despu\u00e9s del ataque japon\u00e9s a las unidades navales y a\u00e9reas de los EE.UU. estacionadas en Pearl Harbor, el dictador Trujillo les declar\u00f3 informalmente la guerra a los pa\u00edses que integraban el grupo conocido como El Eje (l\u00e9ase Alemania, Italia y Jap\u00f3n). <\/p>\n<p>Eso trajo como consecuencia una vigilancia de parte de submarinos alemanes sobre las embarcaciones que se mov\u00edan por las costas dominicanas. <\/p>\n<p>A partir de esa estrafalaria decisi\u00f3n trujillista de car\u00e1cter geopol\u00edtico algunos buques mercantes criollos fueron hundidos.<\/p>\n<p>Varios guardacostas dominicanos desempe\u00f1aron una modesta, pero eficiente tarea de protecci\u00f3n para el traslado de productos agropecuarios en las \u00e1reas mar\u00edtimas de los Canales del Viento y de la Mona.<\/p>\n<p>El primero de los buques mercantes dominicanos hundidos por un submarino de la flota alemana fue el San Rafael, que navegaba entre Florida y Jamaica. 32 disparos a babor y estribor sepultaron en las aguas del Mar Caribe ese banco que no era de guerra.<\/p>\n<p> El aludido ataque se produjo el 3 de mayo de 1942. Los tripulantes del San Rafael lucharon con tenacidad por salvar sus vidas. Fueron 8 largos d\u00edas con sus noches de terror, en condiciones totalmente adversas, nadando en aguas embravecidas y donde no era extra\u00f1a la presencia de tiburones.<\/p>\n<p> El d\u00eda 11 de mayo fueron rescatados en la ribera marina del poblado Nueva Gerona, capital de la cubana Isla de Pinos, que ahora es un municipio especial y desde el 1978 tiene por nombre Isla de la Juventud. <\/p>\n<p>El 21 de mayo de 1942 otro submarino alem\u00e1n atac\u00f3 y hundi\u00f3, en las aguas que conectan las islas de Martinica y Puerto Rico, al Vapor Presidente Trujillo, adquirido 9 a\u00f1os antes en Cuba, donde ten\u00eda por nombre Guant\u00e1namo. A bordo iban 45 tripulantes, muriendo 30 de ellos.<\/p>\n<p>Uno de los sobrevivientes de ese naufragio fue Ram\u00f3n Didiez Burgos, quien luego ocup\u00f3 tres veces la Jefatura de la Marina de Guerra Dominicana, con el rango de Contraalmirante y, adem\u00e1s, era un gran investigador de asuntos navales, cuyo an\u00e1lisis del diario de Col\u00f3n contiene una novedosa tesis en la que refuta versiones de otros muchos sobre el lugar exacto en que los espa\u00f1oles, con Crist\u00f3bal Col\u00f3n al frente, desembarcaron  por primera vez (el 12 de octubre de 1492), en el continente luego llamado Am\u00e9rica.2 <\/p>\n<p>Siete a\u00f1os antes de su siniestro el referido Vapor Presidente Trujillo tuvo la categor\u00eda de buque presidencial, con la condici\u00f3n de trasporte militar, como residencia oficial del Presidente de la Rep\u00fablica.<\/p>\n<p>El art\u00edculo 1 del Decreto 1126, promulgado el 5 de diciembre de 1934, y publicado  en la Gaceta Oficial 4742, expedido por el tirano Rafael Trujillo, dec\u00eda textualmente as\u00ed: \u00abMientras dure el viaje que inicio en esta misma fecha, mi residencia oficial queda trasladada a bordo del vapor Presidente Trujillo.\u00bb3 <\/p>\n<\/p>\n<p>Ese buque sigui\u00f3 siendo una unidad militar hasta el a\u00f1o 1938, fecha en que fue transformado en un medio de trasporte mar\u00edtimo de mercanc\u00edas.<\/p>\n<p>La goleta Carmen fue naufragada el 13 de junio de 1942, en la costa atl\u00e1ntica del pa\u00eds, frente al Municipio de Gaspar Hern\u00e1ndez. Hab\u00eda salido de Puerto Plata con destino a San Juan, Puerto Rico. Se precipit\u00f3 al lecho marino bajo los torpedos de un submarino alem\u00e1n, integrante de la flota que se mov\u00eda por Las Antillas.<\/p>\n<p>El 16 de junio de 1942 la embarcaci\u00f3n tipo goleta bautizada con el nombre de Nueva Altagracia zarp\u00f3 desde la Rep\u00fablica Dominicana rumbo a Curazao. Sus tripulantes no se imaginaron que poco antes de llegar a su destino, cargada  de productos agr\u00edcolas y aves de corral, ser\u00eda torpedeada por el fuego de un submarino alem\u00e1n que la hizo zozobrar.<\/p>\n<p>Muchos detalles precisos sobre el hundimiento de barcos dominicanos de carga en el mar Caribe y el Oc\u00e9ano Atl\u00e1ntico, durante la Segunda Guerra Mundial, est\u00e1n contenidos en la obra titulada La Segunda Guerra Mundial y los submarinos alemanes en el mar Caribe, publicada por el ilustre petromacorisano C\u00e9sar de Windt Lavandier, quien fue Jefe de la hoy llamada Armada Dominicana, con el rango de Contraalmirante. Era tambi\u00e9n un reconocido meteor\u00f3logo.4 <\/p>\n<p><strong> <\/strong><\/p>\n<p><strong>Diplom\u00e1ticos dominicanos apresados por los nazis <\/strong><\/p>\n<\/p>\n<p>Los registros hist\u00f3ricos consignan que varios funcionarios diplom\u00e1ticos y consulares dominicanos destacados en algunos pa\u00edses de Europa fueron capturados por la inteligencia militar alemana.<\/p>\n<p>Entre los capturados por los nazis, como secuela de la declaratoria de guerra hecha por Trujillo a los pa\u00edses del Eje, estuvieron Porfirio Rubirosa, \u00c1ngel Bar\u00f3n Reyes, Nelson Mej\u00eda y C\u00e9sar Pina Barinas. <\/p>\n<p>Ninguno fue asesinado. Todos fueron utilizados como piezas de intercambio con diplom\u00e1ticos alemanes que hab\u00edan sido apresados por Los Aliados.<\/p>\n<\/p>\n<p><strong>Antecedentes espa\u00f1oles de La Segunda Guerra Mundial<\/strong><\/p>\n<\/p>\n<p>En los primeros meses de la Guerra Civil espa\u00f1ola la situaci\u00f3n militar de las tropas franquistas no eran buenas.  Los republicanos hab\u00edan logrado importantes victorias en varios frentes de batalla.<\/p>\n<p>Ante la posibilidad de una derrota de los grupos falangistas y tradicionalistas que Franco encabezaba sus asesores civiles y militares acordaron buscar apoyo en Alemania e Italia, dada la comprobada afinidad ideol\u00f3gica que ten\u00edan con los nazistas y los fascistas. Hacia Berl\u00edn se trasladaron varios de ellos con una formal petici\u00f3n de ayuda.<\/p>\n<p>En la c\u00fapula dirigencial del llamado Tercer Reich exist\u00eda un odio visceral hacia los comunistas, republicanos, socialistas, anarquistas, etc. que se agruparon en lo que en Espa\u00f1a se denomin\u00f3 como el bando republicano.<\/p>\n<p>No obstante lo anterior, Hitler se enfad\u00f3 al enterarse que los emisarios de Franco ped\u00edan un plazo largo para pagar los equipos de guerra que solicitaban; y tambi\u00e9n hac\u00edan otras solicitudes t\u00edpicas de los pedig\u00fce\u00f1os.<\/p>\n<p>Antes de decidirse a enviar una veintena de aviones de guerra a Espa\u00f1a, persuadido para ello por el almirante Wilhelm Canaris, jefe de sus servicios de inteligencia, y por el mariscal Herman G\u00f6ring, comandante supremo de la Fuerza A\u00e9rea alemana, Hitler dijo para que se oyera en el bando franquista: \u00abCuando no se tiene dinero no se empieza una guerra.\u00bb<\/p>\n<p>El pueblo vizca\u00edno de Durango fue el primero en ser atacado por aviones alemanes, el 31 de marzo de 1937. Versiones hist\u00f3ricas cifran en cientos los muertos bajo los muros de iglesias, conventos y otras peque\u00f1as edificaciones que serv\u00edan de refugio a la masacrada poblaci\u00f3n civil.<\/p>\n<p>Ese ataque fue como un ensayo de lo que ocurri\u00f3 poco despu\u00e9s, concretamente en abril del referido a\u00f1o, con los bombardeos de aviones alemanes e italianos contra otras poblaciones indefensas del norte espa\u00f1ol, entre ellas Guernica.<\/p>\n<p>Esos sangrientos hechos adquirieron ominosamente la categor\u00eda de antecedentes para lo que luego ser\u00edan cr\u00edmenes de lesa humanidad en el marco de la Segunda Guerra Mundial.<\/p>\n<p>Una gran cantidad de pac\u00edficos moradores de los pueblos y aldeas que sufrieron ataques con bombas incendiarias y explosivas murieron sin saber por qu\u00e9. Un caso  dram\u00e1tico fue el de los guerniqueses, especialmente por la cantidad de ni\u00f1os, mujeres y ancianos fallecidos, en un d\u00eda que ser\u00eda de mercado zonal y cuando muchos estaban refugiados al sonar las alarmas del pueblo.<\/p>\n<p>Aunque los juicios del controversial historiador  C\u00e9sar Vidal est\u00e1n muy devaluados en c\u00edrculos intelectuales espa\u00f1oles, especialmente porque tiende a fantasear sobre temas de extrema delicadeza, dir\u00e9 que en su obra Enigmas Hist\u00f3ricos al Descubierto \u00e9l indica que los referidos ataques a\u00e9reos se hicieron: \u00absiguiendo criterios de oportunidad militar y no de car\u00e1cter pol\u00edtico. De hecho de haberse analizado el aspecto pol\u00edtico quiz\u00e1 Guernica no habr\u00eda sido bombardeada.\u00bb5    <\/p>\n<p>El jefe ejecutor de los bombardeos alemanes e italianos que causaron muchas p\u00e9rdidas humanas y vandalizaron varios lugares de Espa\u00f1a, pero con \u00e9nfasis en la zona norte, en los pueblos que forman parte de Las Vascongadas, fue Wolfram Von Richthofen, cabeza de la rama de la aviaci\u00f3n hitleriana enviada a Espa\u00f1a, denominada Legi\u00f3n C\u00f3ndor, cuyo objetivo era  apoyar al bando franquista en la guerra civil espa\u00f1ola (1936-1939).<\/p>\n<p>Ese Richthofen lleg\u00f3 a ser en la Segunda Guerra Mundial el mariscal de Campo m\u00e1s joven de la Luftwaffe (la terrible aviaci\u00f3n alemana), y adquiri\u00f3 la categor\u00eda de As por su intrepidez en los combates a\u00e9reos en que particip\u00f3.<\/p>\n<p>Por \u00f3rdenes de Hitler el citado oficial alem\u00e1n acord\u00f3 con el general asturiano franquista Juan Vig\u00f3n Suero-D\u00edaz realizar actos de guerra con prescindencia de los da\u00f1os que se causaren a la poblaci\u00f3n civil.<\/p>\n<p>Richthofen explic\u00f3 en su Diario de Guerra (jornada del 26 de abril de 1937) la manera en que imparti\u00f3 \u00f3rdenes a los hombres bajo su mando: \u00abA un ritmo tal que todas las carreteras al sur de Guernica queden bloqueadas. Si lo logramos, embolsaremos al enemigo en torno a Marquina.\u00bb Al visitar Guernica, dos d\u00edas despu\u00e9s de la matanza de civiles, anot\u00f3 estos ominosos juicios: \u00abGuernica, villa de 5,000 habitantes, ha sido asolada&#8230;Las bombas incendiarias ten\u00edan ahora tiempo para desplegar su eficacia.\u00bb6   <\/p>\n<p>Dicho y comprobado est\u00e1 que las p\u00e9rdidas humanas y materiales fueron de consideraci\u00f3n, no s\u00f3lo en Guernica sino tambi\u00e9n en pueblos como Durango, Guerricaiz y Barazar. <\/p>\n<p>Guernica fue inmortalizada por el pintor malague\u00f1o Pablo Picasso en su famoso cuadro al \u00f3leo sobre lienzo de estilo cubista que lleva el mismo nombre de la villa bombardeada.<\/p>\n<p>Ese gran pintor y escultor, uno de los m\u00e1s fecundos del siglo XX, logr\u00f3 captar de manera simb\u00f3lica los horrores de la guerra. El simbolismo de esa pintura puede proyectarse  tambi\u00e9n como una expresi\u00f3n dram\u00e1tica de lo que poco despu\u00e9s ocurri\u00f3 en la Segunda Guerra Mundial. <\/p>\n<p>De esa obra iconogr\u00e1fica el mismo Picasso dijo: \u00abNo, la pintura no est\u00e1 hecha para decorar las habitaciones. Es un instrumento de guerra ofensivo y defensivo contra el enemigo.\u00bb7   <\/p>\n<p>Se han publicado varios libros sobre los ataques de los aviones alemanes e italianos a los referidos pueblos, siendo uno de ellos el titulado Guernica, del militar e historiador Jes\u00fas Mar\u00eda Salas Larraz\u00e1bal.<\/p>\n<p> Ese autor tiene una visi\u00f3n muy particular, intencionadamente subjetiva y sesgada sobre los acontecimientos ocurridos en las peque\u00f1as comunidades mencionadas arriba. Al referirse a Guernica considera que se crearon muchos mitos en torno al bombardeo y la cantidad de muertos en esa villa martirizada. Dice que los fallecidos all\u00ed no llegaron a cien personas, cuando otros con mayor credibilidad informativa los contabilizan en miles.<\/p>\n<p>Otros tienen opiniones diferentes, como Jos\u00e9 Luis de Vilallonga y Cabeza de Vaca en su interesante obra El sable del caudillo, con ficcionadas confecciones de un testigo de excepci\u00f3n: el sable-observador comprado en una tienda de utiler\u00eda militar por Francisco Franco al ser nombrado alf\u00e9rez. <\/p>\n<p>Ese sable, como met\u00e1fora ontol\u00f3gica, fue la personificaci\u00f3n utilizada por el autor referido para detallar desde simples nimiedades hasta reflexiones diab\u00f3licas del poderoso militar apodado por unos El Comandant\u00edn y por otros El Africano.<\/p>\n<p>As\u00ed consigna Vilallonga la hecatombe ocurrida en Guernica: \u00ab26 de abril de 1937.Hoy, la Legi\u00f3n C\u00f3ndor, al mando del coronel Wolfram von Richthofen, ha destruido en tres horas de intenso bombardeo la ciudad sagrada de los vascos, Guernica, matando y quemando vivas a m\u00e1s de dos mil personas entre pac\u00edficos ciudadanos, mujeres y ni\u00f1os. Era d\u00eda de mercado y a Guernica hab\u00edan acudido los habitantes de casi todos los caser\u00edos de la comarca.\u00bb8 <\/p>\n<p>Al margen de las controversias entre investigadores del pasado por la cantidad de muertos y la destrucci\u00f3n de carreteras, puentes, iglesias, plazas, viviendas,  hayedos con frondosas hayas de ramas horizontales y pinos altos y elegantes, es inobjetable que los pilotos alemanes al mando de Von Richthofen y los italianos dirigidos por el teniente aviador Corrado Ricci, pero bajo el mando supremo del primero, cometieron cr\u00edmenes de guerra que han quedado como una p\u00e1gina de infamia.<\/p>\n<p>El se\u00f1alado Ricci fue escogido para tales fines por quien era a la saz\u00f3n jefe de inteligencia de la Italia bajo el yugo de los fascistas, general Mario Roatta, al observar su voluntarismo. Ese Ricci lleg\u00f3 a ser general y termin\u00f3 sus d\u00edas como monje eremita en el desierto de Libia.<\/p>\n<p><strong> <\/strong><\/p>\n<p><strong>Encuentro de Hitler y Franco en Hendaya<\/strong><\/p>\n<p><strong> <\/strong><\/p>\n<p>Hendaya es un peque\u00f1o pueblo franc\u00e9s situado en los Pirineos, a unos cuantos kil\u00f3metros de la espa\u00f1ola ciudad de Vizcaya. All\u00ed se reunieron Hitler y Franco, el 23 de octubre de 1940, en plena Segunda Guerra Mundial.<\/p>\n<p>Mucho se ha escrito sobre el fracaso de aquel encuentro. Posteriormente se supo que Franco, en su c\u00edrculo de amigos y socios, se expresaba con desprecio hacia Hitler, a quien consideraba un simple diletante en asuntos militares, aunque luego consider\u00f3 como una actitud propia de un h\u00e9roe el suicidio de \u00e9ste en Berl\u00edn.<\/p>\n<p>Probablemente la opini\u00f3n de Franco obedec\u00eda m\u00e1s bien a la renuencia inicial que tuvo El F\u00fchrer de apoyarlo en la Guerra Civil Espa\u00f1ola, con lo cual coincid\u00eda con Joachim von Ribbentrop, que era el ministro de Exterior del r\u00e9gimen nazista.<\/p>\n<p>Es de rigor decir que la Guerra Civil espa\u00f1ola (en la cual se cometieron muchas atrocidades, tanto del lado de los nacionalistas como de los republicanos) hab\u00eda finalizado, al menos en t\u00e9rminos t\u00e9cnicos, en las primeras horas de abril de 1939, con Franco victorioso gracias al fuerte apoyo que le dieron Hitler y Mussolini.<\/p>\n<p>Quedaba abierta una guerra de guerrillas de los combatientes antifranquistas que integraron una organizaci\u00f3n llamada maquis.<\/p>\n<p> Unos cuantos meses despu\u00e9s comenz\u00f3 la Segunda Guerra Mundial, que encontr\u00f3 a Espa\u00f1a devastada en t\u00e9rminos econ\u00f3micos, sociales y sicol\u00f3gicos, lo que hizo imposible que al menos de manera abierta el nuevo r\u00e9gimen pudiera brindar un apoyo p\u00fablico a los nazistas y fascistas que le hab\u00edan auxiliado en forma decisiva para obtener una victoria transitando por monta\u00f1as de cad\u00e1veres.<\/p>\n<p>La desastrosa realidad interna, y las repercusiones que tendr\u00eda en el exterior la participaci\u00f3n en otra guerra de la Espa\u00f1a ensangrentada de los a\u00f1os 30s del siglo pasado, provocaron que Franco se declarara primero presuntamente neutral y poco despu\u00e9s vari\u00f3 a no beligerancia, lo cual en el contexto de los acontecimientos de la Segunda Guerra Mundial significaba que no entraba en la conflagraci\u00f3n, pero apoyaba a Hitler y Mussolini.<\/p>\n<p>El abogado y pol\u00edtico Ram\u00f3n Serrano Su\u00f1er, que adem\u00e1s de Ministro de Gobernaci\u00f3n del r\u00e9gimen de Franco era concu\u00f1ado de \u00e9ste, relata en sus memorias, tituladas Entre el silencio y la propaganda, la Historia como fue, una serie de aspectos sobre las relaciones de Hitler, Franco y Mussolini.<\/p>\n<p>La lectura de esa obra permite decir, con el auxilio sem\u00e1ntico del sabio Miguel de Unamuno, que ella contiene jugosos detalles de la intrahistoria de aquella \u00e9poca tenebrosa para la humanidad.<\/p>\n<p>Al decir de Serrano Su\u00f1er Espa\u00f1a exig\u00eda, para entrar de manera directa en la guerra, que le cedieran Or\u00e1n y lugares circundantes, que es lo que se conoce como el Oranesado, en Argelia; la parte de Marruecos que entonces estaba bajo control de Francia;  la entrega de Camer\u00fan, en el centro de \u00c1frica; m\u00e1s espacio en el Sahara; apoyo para tomar posesi\u00f3n del pe\u00f1\u00f3n de Gibraltar y, adem\u00e1s, que el r\u00e9gimen nazista proporcionara a Espa\u00f1a armas, combustible y alimentos.9 <\/p>\n<p>Para poner en contexto qui\u00e9n era el personaje mencionado en el p\u00e1rrafo anterior es v\u00e1lido decir que en el 1942 el embajador de los EE.UU. en Espa\u00f1a, el historiador Carlton  J. H. Hayes, en uno de los numerosos informes que dirigi\u00f3 al Secretario de Estado Cordell Hull, calificaba a Serrano Su\u00f1er no s\u00f3lo de falangista pro nazi sino tambi\u00e9n de \u00abmezquino, intrigante y escurridizo pol\u00edtico.\u00bb10 <\/p>\n<p>En apretada s\u00edntesis, el encuentro de Franco y Hitler en Hendaya se ha considerado como un fracaso en virtud de que nada se obtuvo en concreto, excepto la firma de un documento difuso y de contenido vago, en el cual se plasm\u00f3 que Espa\u00f1a ratificaba el compromiso de participar directamente en la guerra, pero sin fecha para ello y Alemania s\u00f3lo promet\u00eda para Espa\u00f1a concederle algunos territorios de \u00c1frica, si se involucraba en favor de los intereses de los pa\u00edses que formaban el Eje (Alemania, Italia y Jap\u00f3n).<\/p>\n<p>El prestigioso historiador ingl\u00e9s y gran hispanista Paul Preston, en su obra Franco, Caudillo de Espa\u00f1a, considerada la m\u00e1s completa biograf\u00eda de ese personaje que gobern\u00f3 con manos de acero durante 36 a\u00f1os a su pa\u00eds, se\u00f1ala que \u00e9l acudi\u00f3 al encuentro con Hitler en la comuna de Hendaya con \u00abla esperanza de obtener una recompensa adecuada a sus reiteradas ofertas de unirse al Eje.\u00bb<\/p>\n<p>Abunda m\u00e1s Preston en sus juicios, que no han sido desmentidos, al indicar que Franco acudi\u00f3 al fronterizo territorio franc\u00e9s con el expreso designio de \u00absacar provecho de lo que consideraba la decadencia de la hegemon\u00eda anglofrancesa que hab\u00eda mantenido a Espa\u00f1a en una posici\u00f3n subordinada durante m\u00e1s de dos siglos.\u00bb Para Hitler era \u00abun viaje de reconocimiento.\u00bb11 <\/p>\n<p>La verdad es que, al margen de las muchas opiniones diferentes sobre el hecho hist\u00f3rico ocurrido el 23 de octubre de 1940 en Hendaya, hay pruebas a borbotones del involucramiento de Espa\u00f1a en la Segunda Guerra Mundial. <\/p>\n<p>Espa\u00f1a estuvo presente en esa guerra feroz no s\u00f3lo con regimientos de infanter\u00eda y unidades de artiller\u00eda integrados por supuestos voluntarios, en lo que se llam\u00f3 la Divisi\u00f3n Azul que oper\u00f3 en el frente ruso, sino tambi\u00e9n con el suministro de alimentos y materias primas para las fuerzas navales y a\u00e9reas alemanas, as\u00ed como con el servicio de oportunas informaciones de inteligencia y contra inteligencia militar.<\/p>\n<p><strong> <\/strong><\/p>\n<p><strong>Bibliograf\u00eda:<\/strong><\/p>\n<p>1-El teniente J. F. Kennedy.P181.Editorial Juventud, Barcelona, 1968.Michel Duino.<\/p>\n<p>2-Guanahani y Mayaguain, las primeras isletas descubiertas en el nuevo mundo: an\u00e1lisis del diario de Col\u00f3n. Editora Cultural. Ram\u00f3n Julio Diez Burgos.<\/p>\n<p>3-Decreto No.1126.Gaceta Oficial No.4742, publicada el 5 de diciembre de1934.<\/p>\n<p>4-La Segunda Guerra Mundial y los submarinos alemanes en el mar Caribe. Editora Amigo del Hogar, 1997. C\u00e9sar de Windt Lavandier.<\/p>\n<p>5-Enigmas hist\u00f3ricos al descubierto. Editorial Planeta, 2004.Pp176 y 177. C\u00e9sar Vidal.<\/p>\n<p>6-Diario de guerra. 26 de abril de 1937. Wolfram von Richthofen.<\/p>\n<p>7-Declaraci\u00f3n de prensa. Junio 1937. Pablo Picasso.<\/p>\n<p>8-El sable del caudillo. Editorial Plaza &amp; Jan\u00e9s. Pp277 y 278, d\u00e9cimo tercera edici\u00f3n, 1998. Los\u00e9 Luis de Vilallonga y Cabeza de Vaca.<\/p>\n<p>9-Entre el silencio y la propaganda, la historia como fue. Memorias. Editorial Planeta, Barcelona, Espa\u00f1a, 1977.Ram\u00f3n Serrano Su\u00f1er.<\/p>\n<p>10-Misi\u00f3n de guerra en Espa\u00f1a, 1942-1945.Publicado por Universidad de Zaragoza, 2018. Carlton J. H. Hayes.<\/p>\n<p>11-Franco, caudillo de Espa\u00f1a. Editorial Grijalbo, 1994. Paul Preston.<\/p>\n<\/p>\n<h6> 2020-05-23 00:36:56 <\/h6>\n<p><!--\n<link rel=\"stylesheet\" href=\"css\/bootstrap.min.css\">\n\n\n<ul class=\"pagination\">\n\t    \n\t\n\n<li >\n\t<a href='?page_no=585'>Previous<\/a>\n\t<\/li>\n\n\n       \n    \n\n<li><a href='?page_no=1'>1<\/a><\/li>\n\n\n\n<li><a href='?page_no=2'>2<\/a><\/li>\n\n\n\n<li><a>...<\/a><\/li>\n\n\n\n<li><a href='?page_no=584'>584<\/a><\/li>\n\n\n\n<li><a href='?page_no=585'>585<\/a><\/li>\n\n\n\n<li class='active'><a>586<\/a><\/li>\n\n\n\n<li><a href='?page_no=587'>587<\/a><\/li>\n\n\n\n<li><a href='?page_no=588'>588<\/a><\/li>\n\n\n\n<li><a>...<\/a><\/li>\n\n\n\n<li><a href='?page_no=22911'>22911<\/a><\/li>\n\n\n\n<li><a href='?page_no=22912'>22912<\/a><\/li>\n\n    \n\t\n\n<li >\n\t<a href='?page_no=587'>Next<\/a>\n\t<\/li>\n\n\n    \n\n<li><a href='?page_no=22912'>Last &rsaquo;&rsaquo;<\/a><\/li>\n\n<\/ul>\n\n\n--><br \/>\n<\/body><\/p>\n","protected":false},"excerpt":{"rendered":"<p>SEGUNDA GUERRA MUNDIAL: 75 A\u00d1OS DE SU FIN (II) POR TE\u00d3FILO LAPPOT ROBLES El teniente Kennedy Como indiqu\u00e9 en la entrega anterior, recientemente se cumplieron 75 a\u00f1os de aquel hist\u00f3rico 8 de mayo de 1945 cuando en Berl\u00edn los alemanes se rindieron a las Fuerzas Aliadas, para formalizar el fin de la Segunda Guerra Mundial. [&hellip;]<\/p>\n","protected":false},"author":3,"featured_media":0,"comment_status":"open","ping_status":"open","sticky":false,"template":"","format":"standard","meta":{"footnotes":""},"categories":[21],"tags":[],"class_list":["post-53639","post","type-post","status-publish","format-standard","hentry","category-cultura"],"_links":{"self":[{"href":"https:\/\/diariodominicano.com\/index.php?rest_route=\/wp\/v2\/posts\/53639","targetHints":{"allow":["GET"]}}],"collection":[{"href":"https:\/\/diariodominicano.com\/index.php?rest_route=\/wp\/v2\/posts"}],"about":[{"href":"https:\/\/diariodominicano.com\/index.php?rest_route=\/wp\/v2\/types\/post"}],"author":[{"embeddable":true,"href":"https:\/\/diariodominicano.com\/index.php?rest_route=\/wp\/v2\/users\/3"}],"replies":[{"embeddable":true,"href":"https:\/\/diariodominicano.com\/index.php?rest_route=%2Fwp%2Fv2%2Fcomments&post=53639"}],"version-history":[{"count":0,"href":"https:\/\/diariodominicano.com\/index.php?rest_route=\/wp\/v2\/posts\/53639\/revisions"}],"wp:attachment":[{"href":"https:\/\/diariodominicano.com\/index.php?rest_route=%2Fwp%2Fv2%2Fmedia&parent=53639"}],"wp:term":[{"taxonomy":"category","embeddable":true,"href":"https:\/\/diariodominicano.com\/index.php?rest_route=%2Fwp%2Fv2%2Fcategories&post=53639"},{"taxonomy":"post_tag","embeddable":true,"href":"https:\/\/diariodominicano.com\/index.php?rest_route=%2Fwp%2Fv2%2Ftags&post=53639"}],"curies":[{"name":"wp","href":"https:\/\/api.w.org\/{rel}","templated":true}]}}