{"id":53628,"date":"2020-05-23T01:00:53","date_gmt":"2020-05-23T01:00:53","guid":{"rendered":"http:\/\/diariodominicano.ddns.net\/?p=53628"},"modified":"2020-05-23T01:00:53","modified_gmt":"2020-05-23T01:00:53","slug":"encuentran-muerto-en-bruselas-a-maximiliano-gomez-el-moreno","status":"publish","type":"post","link":"https:\/\/diariodominicano.com\/?p=53628","title":{"rendered":"Encuentran muerto en Bruselas a Maximiliano G\u00f3mez  (El Moreno)"},"content":{"rendered":"<p><body><\/p>\n<p><img decoding=\"async\" src=\"img3\/Moreno.jpg\" \/>  <\/p>\n<p><strong>Diariodominicano.com<\/strong><\/p>\n<p><strong>Confirman muerte de  Maximiliano G\u00f3mez en Bruselas <\/strong><\/p>\n<p><strong>Por HTN<\/strong><\/p>\n<p><strong>Diariodominicano.com<\/strong><\/p>\n<\/p>\n<p><strong>BRUSELAS, el  23 de Mayo de 1971,<\/strong>  en Bruselas, B\u00e9lgica, fue encontrado muerto el ex secretario general del Movimiento Popular  Dominicano  (MPD),  Maximiliano G\u00f3mez  (El Moreno).<\/p>\n<p>     Un  informe de la Polic\u00eda Belga da cuenta de que Maximiliano G\u00f3mez muri\u00f3 asfixiado al producirse un escape de gas en el apartamento donde resid\u00eda en Bruselas<\/p>\n<p>    Indica que tambi\u00e9n sufri\u00f3 s\u00edntomas de intoxicaci\u00f3n la se\u00f1ora Miriam Pinedo viuda Morales, quien resid\u00eda en el mismo apartamento.<\/p>\n<p>     Miriam Pinedo se recuper\u00f3, pero meses despu\u00e9s fue asesinada por desconocidos en Bruselas y su cad\u00e1ver fue descuartizado y abandonado en una calle de Bruselas.<\/p>\n<p>    La dama hab\u00eda sido la esposa del dirigente del MPD, Otto Morales, quien fue muerto a tiros por agentes de  la Polic\u00eda, en un incidente ocurrido en la calle Jos\u00e9 Contreras, cerca de la Universidad Aut\u00f3noma de Santo Domingo.<\/p>\n<p>   El  MPD atribuy\u00f3 en la Rep\u00fablica Dominicana, los hechos  a la Agencia Central de Inteligencia (CIA) de Estados Unidos, que libraba una pol\u00edtica de exterminio contra los grupos de izquierda de Am\u00e9rica Latina.<\/p>\n<p>En  1970, Maximiliano G\u00f3mez fue acusado junto a un grupo de dirigentes del MPD  de participar en el secuestro en Santo Domingo, capital dominicana, del agregado militar de Estados Unidos, Donald Jersser Crowlly.<\/p>\n<p>   Por ello, varios miembros del MPD fueron asesinados en la Rep\u00fablica Dominicana.<\/p>\n<p>   Maximiliano G\u00f3mez sali\u00f3 del pa\u00eds deportado con destino a M\u00e9xico, luego de ser excarcelado por una decisi\u00f3n del Presidente Joaqu\u00edn Balaguer. De M\u00e9xico viaj\u00f3 a Cuba y de all\u00ed a B\u00e9lgica, donde fij\u00f3 residencia hasta el d\u00eda de su muerte.<\/p>\n<p>    En opini\u00f3n de Higinio B\u00e1ez, secretario general del MPD, Maximiliano G\u00f3mez  \u00abdej\u00f3 claro el significado de los gobiernos locales como estructura de opresi\u00f3n del dominio imperialista en un momento determinado\u00bb.<\/p>\n<p>   \u00abUn pensamiento pol\u00edtico que demostraba cu\u00e1les de las fuerzas pol\u00edticas eran capaces de perpetuar el capitalismo y cu\u00e1les eran las \u00fanicas fuerzas pol\u00edticas capaces de transformar este sistema capitalista\u00bb.<\/p>\n<p>    Higinio B\u00e1ez tambi\u00e9n estima que Maximiliano G\u00f3mez leg\u00f3 una convicci\u00f3n de principios \u00e9ticos.<\/p>\n<p>    Maximiliano G\u00f3mez hab\u00eda nacido en San Pedro de Macor\u00eds el 5 de mayo de 1943.<\/p>\n<p>    En  reconocimiento a su lucha, Maximiliano G\u00f3mez fue escogido en 1966, secretario general del Movimiento Popular Dominicano.    <\/p>\n<\/p>\n<\/p>\n<h6> 2020-05-23 01:00:53 <\/h6>\n<p><!--\n<link rel=\"stylesheet\" href=\"css\/bootstrap.min.css\">\n\n\n<ul class=\"pagination\">\n\t    \n\t\n\n<li >\n\t<a href='?page_no=584'>Previous<\/a>\n\t<\/li>\n\n\n       \n    \n\n<li><a href='?page_no=1'>1<\/a><\/li>\n\n\n\n<li><a href='?page_no=2'>2<\/a><\/li>\n\n\n\n<li><a>...<\/a><\/li>\n\n\n\n<li><a href='?page_no=583'>583<\/a><\/li>\n\n\n\n<li><a href='?page_no=584'>584<\/a><\/li>\n\n\n\n<li class='active'><a>585<\/a><\/li>\n\n\n\n<li><a href='?page_no=586'>586<\/a><\/li>\n\n\n\n<li><a href='?page_no=587'>587<\/a><\/li>\n\n\n\n<li><a>...<\/a><\/li>\n\n\n\n<li><a href='?page_no=22911'>22911<\/a><\/li>\n\n\n\n<li><a href='?page_no=22912'>22912<\/a><\/li>\n\n    \n\t\n\n<li >\n\t<a href='?page_no=586'>Next<\/a>\n\t<\/li>\n\n\n    \n\n<li><a href='?page_no=22912'>Last &rsaquo;&rsaquo;<\/a><\/li>\n\n<\/ul>\n\n\n--><br \/>\n<\/body><\/p>\n","protected":false},"excerpt":{"rendered":"<p>Diariodominicano.com Confirman muerte de Maximiliano G\u00f3mez en Bruselas Por HTN Diariodominicano.com BRUSELAS, el 23 de Mayo de 1971, en Bruselas, B\u00e9lgica, fue encontrado muerto el ex secretario general del Movimiento Popular Dominicano (MPD), Maximiliano G\u00f3mez (El Moreno). Un informe de la Polic\u00eda Belga da cuenta de que Maximiliano G\u00f3mez muri\u00f3 asfixiado al producirse un escape [&hellip;]<\/p>\n","protected":false},"author":3,"featured_media":0,"comment_status":"open","ping_status":"open","sticky":false,"template":"","format":"standard","meta":{"footnotes":""},"categories":[21],"tags":[],"class_list":["post-53628","post","type-post","status-publish","format-standard","hentry","category-cultura"],"_links":{"self":[{"href":"https:\/\/diariodominicano.com\/index.php?rest_route=\/wp\/v2\/posts\/53628","targetHints":{"allow":["GET"]}}],"collection":[{"href":"https:\/\/diariodominicano.com\/index.php?rest_route=\/wp\/v2\/posts"}],"about":[{"href":"https:\/\/diariodominicano.com\/index.php?rest_route=\/wp\/v2\/types\/post"}],"author":[{"embeddable":true,"href":"https:\/\/diariodominicano.com\/index.php?rest_route=\/wp\/v2\/users\/3"}],"replies":[{"embeddable":true,"href":"https:\/\/diariodominicano.com\/index.php?rest_route=%2Fwp%2Fv2%2Fcomments&post=53628"}],"version-history":[{"count":0,"href":"https:\/\/diariodominicano.com\/index.php?rest_route=\/wp\/v2\/posts\/53628\/revisions"}],"wp:attachment":[{"href":"https:\/\/diariodominicano.com\/index.php?rest_route=%2Fwp%2Fv2%2Fmedia&parent=53628"}],"wp:term":[{"taxonomy":"category","embeddable":true,"href":"https:\/\/diariodominicano.com\/index.php?rest_route=%2Fwp%2Fv2%2Fcategories&post=53628"},{"taxonomy":"post_tag","embeddable":true,"href":"https:\/\/diariodominicano.com\/index.php?rest_route=%2Fwp%2Fv2%2Ftags&post=53628"}],"curies":[{"name":"wp","href":"https:\/\/api.w.org\/{rel}","templated":true}]}}