{"id":536278,"date":"2024-06-08T15:42:46","date_gmt":"2024-06-08T19:42:46","guid":{"rendered":"https:\/\/diariodominicano.com\/?p=536278"},"modified":"2024-06-08T15:42:51","modified_gmt":"2024-06-08T19:42:51","slug":"instan-a-luchar-por-tratado-sobre-biodiversidad-en-alta-mar","status":"publish","type":"post","link":"https:\/\/diariodominicano.com\/?p=536278","title":{"rendered":"Instan a luchar por Tratado sobre Biodiversidad en Alta Mar"},"content":{"rendered":"\n<p>Berna, 8 jun (Prensa Latina) La directora general de la Uni\u00f3n Internacional para la Conservaci\u00f3n de la Naturaleza (UICN), Grethel Aguilar, inst\u00f3 hoy a luchar por el Tratado sobre la Biodiversidad en Alta Mar, en ocasi\u00f3n del D\u00eda Mundial de los Oc\u00e9anos.<\/p>\n\n\n\n<ul class=\"wp-block-list\">\n<li><a href=\"https:\/\/www.prensa-latina.cu\/2024\/06\/08\/\"><time>junio 8, 2024 | 15:19<\/time><\/a><\/li>\n<\/ul>\n\n\n\n<ul class=\"wp-block-list\">\n<li><a href=\"https:\/\/www.prensa-latina.cu\/2024\/06\/08\/instan-a-luchar-por-tratado-sobre-biodiversidad-en-alta-mar\/#\"><\/a><\/li>\n\n\n\n<li><a href=\"https:\/\/www.prensa-latina.cu\/2024\/06\/08\/instan-a-luchar-por-tratado-sobre-biodiversidad-en-alta-mar\/#\"><\/a><\/li>\n\n\n\n<li><a href=\"https:\/\/www.prensa-latina.cu\/2024\/06\/08\/instan-a-luchar-por-tratado-sobre-biodiversidad-en-alta-mar\/#\"><\/a><\/li>\n\n\n\n<li><a href=\"https:\/\/www.prensa-latina.cu\/2024\/06\/08\/instan-a-luchar-por-tratado-sobre-biodiversidad-en-alta-mar\/#\"><\/a><\/li>\n<\/ul>\n\n\n\n<p>Aguilar alert\u00f3 que solo siete naciones ratificaron dicho convenio, que solamente podr\u00eda convertirse en ley internacional cuando dicho n\u00famero llegue a 60, refiri\u00f3 el portal Down To Earth.<\/p>\n\n\n\n<p>La directiva de la UICN apunt\u00f3 que deber\u00eda aumentar el n\u00famero de pa\u00edses que confirmaron el acuerdo global sobre pr\u00e1cticas pesqueras insostenibles y subsidios, para que las poblaciones de peces del mundo no sean sobreexplotadas.<\/p>\n\n\n\n<p>\u00abDebemos seguir defendiendo los argumentos cient\u00edficos, legales y morales a favor de una moratoria sobre la miner\u00eda en aguas profundas\u00bb, a\u00f1adi\u00f3.<\/p>\n\n\n\n<p>En junio pasado, los gobiernos adoptaron formalmente el acuerdo de las Naciones Unidas sobre biodiversidad m\u00e1s all\u00e1 de la jurisdicci\u00f3n nacional, tambi\u00e9n conocido como Tratado de Alta Mar.<\/p>\n\n\n\n<p>Por el momento, 90 pa\u00edses lo firmaron, pero s\u00f3lo siete (Belice, Chile, Mauricio, los Estados Federados de Micronesia, M\u00f3naco, Palau y Seychelles) lo ratificaron.<\/p>\n\n\n\n<p>Hoy se celebra el D\u00eda Mundial de los Oc\u00e9anos, fecha establecida por la ONU por la importancia que tienen esas grandes extensiones de agua salada, responsables de generar gran parte del ox\u00edgeno y albergar la mayor cantidad de biodiversidad de la Tierra.<\/p>\n\n\n\n<p>Los oc\u00e9anos cubren una buena parte de la superficie de la Tierra y en ellos habita una enorme diversidad de ecosistemas marinos con miles de especies animales y vegetales.<\/p>\n\n\n\n<p>Asimismo, son vitales para el natural ciclo de la vida y en ellos se producen los llamados accidentes clim\u00e1ticos y otros fen\u00f3menos naturales que pueden afectar algunas regiones pobladas del planeta, sobre todo las cercanas a las costas.<\/p>\n\n\n\n<p>El hombre, en busca de nuevos desarrollos, ha provocado un enorme da\u00f1o a los mares y oc\u00e9anos y cada a\u00f1o son miles las especies de plantas y animales extinguidas debido al n\u00famero de agentes contaminantes depositados en sus aguas.<\/p>\n\n\n\n<p>Los oc\u00e9anos contribuyen al equilibrio clim\u00e1tico, sin embargo, la quema de los combustibles f\u00f3siles impacta de forma negativa a la Tierra y en los \u00faltimos a\u00f1os se observa un alza del nivel del mar debido a los gases de efecto invernadero.<\/p>\n\n\n\n<p>Igualmente, se produce el derretimiento de los glaciares en los polos terrestres y un descenso importante en la salinidad de los oc\u00e9anos, que a la larga causar\u00eda grandes tormentas, inundaciones y otros desastres.<\/p>\n\n\n\n<p>jcm\/abm<\/p>\n","protected":false},"excerpt":{"rendered":"<p>Berna, 8 jun (Prensa Latina) La directora general de la Uni\u00f3n Internacional para la Conservaci\u00f3n de la Naturaleza (UICN), Grethel Aguilar, inst\u00f3 hoy a luchar por el Tratado sobre la Biodiversidad en Alta Mar, en ocasi\u00f3n del D\u00eda Mundial de los Oc\u00e9anos. Aguilar alert\u00f3 que solo siete naciones ratificaron dicho convenio, que solamente podr\u00eda convertirse [&hellip;]<\/p>\n","protected":false},"author":28,"featured_media":536279,"comment_status":"closed","ping_status":"closed","sticky":false,"template":"","format":"standard","meta":{"footnotes":""},"categories":[36,25,23],"tags":[],"class_list":["post-536278","post","type-post","status-publish","format-standard","has-post-thumbnail","hentry","category-hombresmujeresycosas","category-gente","category-internacional"],"_links":{"self":[{"href":"https:\/\/diariodominicano.com\/index.php?rest_route=\/wp\/v2\/posts\/536278","targetHints":{"allow":["GET"]}}],"collection":[{"href":"https:\/\/diariodominicano.com\/index.php?rest_route=\/wp\/v2\/posts"}],"about":[{"href":"https:\/\/diariodominicano.com\/index.php?rest_route=\/wp\/v2\/types\/post"}],"author":[{"embeddable":true,"href":"https:\/\/diariodominicano.com\/index.php?rest_route=\/wp\/v2\/users\/28"}],"replies":[{"embeddable":true,"href":"https:\/\/diariodominicano.com\/index.php?rest_route=%2Fwp%2Fv2%2Fcomments&post=536278"}],"version-history":[{"count":1,"href":"https:\/\/diariodominicano.com\/index.php?rest_route=\/wp\/v2\/posts\/536278\/revisions"}],"predecessor-version":[{"id":536280,"href":"https:\/\/diariodominicano.com\/index.php?rest_route=\/wp\/v2\/posts\/536278\/revisions\/536280"}],"wp:featuredmedia":[{"embeddable":true,"href":"https:\/\/diariodominicano.com\/index.php?rest_route=\/wp\/v2\/media\/536279"}],"wp:attachment":[{"href":"https:\/\/diariodominicano.com\/index.php?rest_route=%2Fwp%2Fv2%2Fmedia&parent=536278"}],"wp:term":[{"taxonomy":"category","embeddable":true,"href":"https:\/\/diariodominicano.com\/index.php?rest_route=%2Fwp%2Fv2%2Fcategories&post=536278"},{"taxonomy":"post_tag","embeddable":true,"href":"https:\/\/diariodominicano.com\/index.php?rest_route=%2Fwp%2Fv2%2Ftags&post=536278"}],"curies":[{"name":"wp","href":"https:\/\/api.w.org\/{rel}","templated":true}]}}