{"id":536275,"date":"2024-06-08T15:40:34","date_gmt":"2024-06-08T19:40:34","guid":{"rendered":"https:\/\/diariodominicano.com\/?p=536275"},"modified":"2024-06-08T15:40:36","modified_gmt":"2024-06-08T19:40:36","slug":"la-musica-mexicana-goza-de-buen-momento-segun-alejandro-fernandez","status":"publish","type":"post","link":"https:\/\/diariodominicano.com\/?p=536275","title":{"rendered":"La m\u00fasica mexicana goza de buen momento, seg\u00fan Alejandro Fern\u00e1ndez"},"content":{"rendered":"\n<p>Ciudad M\u00e9xico, 8 jun (Prensa Latina) Para el cantante y compositor mexicano Alejandro Fern\u00e1ndez la m\u00fasica de su pa\u00eds goza hoy de un gran momento, con nuevos seguidores y muchos espacios internacionales para su difusi\u00f3n.<\/p>\n\n\n\n<ul class=\"wp-block-list\">\n<li><a href=\"https:\/\/www.prensa-latina.cu\/2024\/06\/08\/\"><time>junio 8, 2024 | 14:54<\/time><\/a><\/li>\n<\/ul>\n\n\n\n<ul class=\"wp-block-list\">\n<li><a href=\"https:\/\/www.prensa-latina.cu\/2024\/06\/08\/la-musica-mexicana-goza-de-buen-momento-segun-alejandro-fernandez\/#\"><\/a><\/li>\n\n\n\n<li><a href=\"https:\/\/www.prensa-latina.cu\/2024\/06\/08\/la-musica-mexicana-goza-de-buen-momento-segun-alejandro-fernandez\/#\"><\/a><\/li>\n\n\n\n<li><a href=\"https:\/\/www.prensa-latina.cu\/2024\/06\/08\/la-musica-mexicana-goza-de-buen-momento-segun-alejandro-fernandez\/#\"><\/a><\/li>\n\n\n\n<li><a href=\"https:\/\/www.prensa-latina.cu\/2024\/06\/08\/la-musica-mexicana-goza-de-buen-momento-segun-alejandro-fernandez\/#\"><\/a><\/li>\n<\/ul>\n\n\n\n<p>\u201cGracias a Dios est\u00e1 en un muy buen momento la m\u00fasica mexicana, est\u00e1n saliendo talentos nuevos, impresionante, y qu\u00e9 bueno, entre m\u00e1s se vaya abriendo la carpeta y el panorama, eso nos beneficia a todos\u201d, declar\u00f3 a la agencia de noticias AP.<\/p>\n\n\n\n<p>Subray\u00f3 que esto no solo est\u00e1 sucediendo en otros pa\u00edses donde la canci\u00f3n mexicana ten\u00eda su p\u00fablico habitual, como son los casos de Estados Unidos, Colombia y Centroam\u00e9rica, sino tambi\u00e9n en naciones de Europa y otras. \u201cEn todo el mundo se est\u00e1 escuchando la m\u00fasica mexicana\u201d, asegur\u00f3.<\/p>\n\n\n\n<p>Fern\u00e1ndez promociona por estos d\u00edas su m\u00e1s reciente \u00e1lbum \u201cTe llevo en la sangre\u201d, en el que invit\u00f3 a la estrella brasile\u00f1a Anitta para la canci\u00f3n \u201cLa t\u00f3xica\u201d, que sali\u00f3 acompa\u00f1ada de un videoclip, ya con m\u00e1s de 1,4 millones de visualizaciones en YouTube.<\/p>\n\n\n\n<p>Sobre el fonograma, el artista e hijo del m\u00edtico cantante Vicente Fern\u00e1ndez, explic\u00f3 que se mueve entre instrumentaciones y estilos de la m\u00fasica norte\u00f1a, que se suma al mariachi, g\u00e9nero que maneja muy bien.<\/p>\n\n\n\n<p>Record\u00f3 que era algo que tambi\u00e9n hac\u00eda su padre, quien hac\u00eda muchos temas con bastantes instrumentos que se tocan en el norte, como el acorde\u00f3n y la tuba.<\/p>\n\n\n\n<p>De \u201cTe llevo en la sangre\u201d, el creador mexicano puso en circulaci\u00f3n antes los sencillos \u201cInexperto en olvidarte\u201d, \u201cNo es que me quiera ir\u201d, \u201cDif\u00edcil tu caso\u201d y \u201cCobijas ajenas\u201d.<\/p>\n\n\n\n<p>jcm\/mml<\/p>\n","protected":false},"excerpt":{"rendered":"<p>Ciudad M\u00e9xico, 8 jun (Prensa Latina) Para el cantante y compositor mexicano Alejandro Fern\u00e1ndez la m\u00fasica de su pa\u00eds goza hoy de un gran momento, con nuevos seguidores y muchos espacios internacionales para su difusi\u00f3n. \u201cGracias a Dios est\u00e1 en un muy buen momento la m\u00fasica mexicana, est\u00e1n saliendo talentos nuevos, impresionante, y qu\u00e9 bueno, [&hellip;]<\/p>\n","protected":false},"author":28,"featured_media":536276,"comment_status":"closed","ping_status":"closed","sticky":false,"template":"","format":"standard","meta":{"footnotes":""},"categories":[36,25],"tags":[],"class_list":["post-536275","post","type-post","status-publish","format-standard","has-post-thumbnail","hentry","category-hombresmujeresycosas","category-gente"],"_links":{"self":[{"href":"https:\/\/diariodominicano.com\/index.php?rest_route=\/wp\/v2\/posts\/536275","targetHints":{"allow":["GET"]}}],"collection":[{"href":"https:\/\/diariodominicano.com\/index.php?rest_route=\/wp\/v2\/posts"}],"about":[{"href":"https:\/\/diariodominicano.com\/index.php?rest_route=\/wp\/v2\/types\/post"}],"author":[{"embeddable":true,"href":"https:\/\/diariodominicano.com\/index.php?rest_route=\/wp\/v2\/users\/28"}],"replies":[{"embeddable":true,"href":"https:\/\/diariodominicano.com\/index.php?rest_route=%2Fwp%2Fv2%2Fcomments&post=536275"}],"version-history":[{"count":1,"href":"https:\/\/diariodominicano.com\/index.php?rest_route=\/wp\/v2\/posts\/536275\/revisions"}],"predecessor-version":[{"id":536277,"href":"https:\/\/diariodominicano.com\/index.php?rest_route=\/wp\/v2\/posts\/536275\/revisions\/536277"}],"wp:featuredmedia":[{"embeddable":true,"href":"https:\/\/diariodominicano.com\/index.php?rest_route=\/wp\/v2\/media\/536276"}],"wp:attachment":[{"href":"https:\/\/diariodominicano.com\/index.php?rest_route=%2Fwp%2Fv2%2Fmedia&parent=536275"}],"wp:term":[{"taxonomy":"category","embeddable":true,"href":"https:\/\/diariodominicano.com\/index.php?rest_route=%2Fwp%2Fv2%2Fcategories&post=536275"},{"taxonomy":"post_tag","embeddable":true,"href":"https:\/\/diariodominicano.com\/index.php?rest_route=%2Fwp%2Fv2%2Ftags&post=536275"}],"curies":[{"name":"wp","href":"https:\/\/api.w.org\/{rel}","templated":true}]}}