{"id":536217,"date":"2024-06-08T17:12:41","date_gmt":"2024-06-08T21:12:41","guid":{"rendered":"https:\/\/diariodominicano.com\/?p=536217"},"modified":"2024-06-08T17:12:42","modified_gmt":"2024-06-08T21:12:42","slug":"colectivo-2020-seran-las-madrinas-oficiales-del-puerto-plata-bridal-2024","status":"publish","type":"post","link":"https:\/\/diariodominicano.com\/?p=536217","title":{"rendered":"Colectivo 2020 ser\u00e1n las madrinas oficiales del Puerto Plata Bridal 2024"},"content":{"rendered":"\n<p>Puerto Plata Bridal International 2024, \u00fanica feria del sector del nupcial del pa\u00eds y el evento de mayor evoluci\u00f3n, celebrado en la regi\u00f3n norte, ha dado a conocer la instituci\u00f3n nacional escogida para apadrinar su sexta versi\u00f3n. Se trata del equipo de wedding planners y productores de eventos \u201cColectivo 2020\u201d.&nbsp;<\/p>\n\n\n\n<p>As\u00ed lo ha informado el presidente de la feria, Aneury Pilar, quien ha destacado la trayectoria ejemplar y de \u00e9xitos que ha trazado el Colectivo 2020, conformado por las damas Lina Ti\u00f3, Indira Dom\u00ednguez, Natacha Rosario y Elisa Abreu. \u201cQueremos honrar el trabajo de estas mujeres que junto a su equipo han dejado un sello profesional distintivo en cada misi\u00f3n asignada, siendo uno de sus m\u00e1s importantes y emblem\u00e1ticos, La Cena Blanca de Procigar\u201d, expres\u00f3.&nbsp;<\/p>\n\n\n\n<figure class=\"wp-block-gallery has-nested-images columns-default is-cropped wp-block-gallery-1 is-layout-flex wp-block-gallery-is-layout-flex\">\n<figure class=\"wp-block-image size-large\"><img loading=\"lazy\" decoding=\"async\" width=\"1024\" height=\"683\" data-id=\"536253\" src=\"https:\/\/diariodominicano.com\/wp-content\/uploads\/2024\/06\/Colectivo-2020-seran-madrinas-oficiales-Puerto-Plata-Bridal-2024-1024x683.jpg\" alt=\"\" class=\"wp-image-536253\" srcset=\"https:\/\/diariodominicano.com\/wp-content\/uploads\/2024\/06\/Colectivo-2020-seran-madrinas-oficiales-Puerto-Plata-Bridal-2024-1024x683.jpg 1024w, https:\/\/diariodominicano.com\/wp-content\/uploads\/2024\/06\/Colectivo-2020-seran-madrinas-oficiales-Puerto-Plata-Bridal-2024-300x200.jpg 300w, https:\/\/diariodominicano.com\/wp-content\/uploads\/2024\/06\/Colectivo-2020-seran-madrinas-oficiales-Puerto-Plata-Bridal-2024-768x512.jpg 768w, https:\/\/diariodominicano.com\/wp-content\/uploads\/2024\/06\/Colectivo-2020-seran-madrinas-oficiales-Puerto-Plata-Bridal-2024-1536x1024.jpg 1536w, https:\/\/diariodominicano.com\/wp-content\/uploads\/2024\/06\/Colectivo-2020-seran-madrinas-oficiales-Puerto-Plata-Bridal-2024-816x544.jpg 816w, https:\/\/diariodominicano.com\/wp-content\/uploads\/2024\/06\/Colectivo-2020-seran-madrinas-oficiales-Puerto-Plata-Bridal-2024.jpg 1600w\" sizes=\"auto, (max-width: 1024px) 100vw, 1024px\" \/><\/figure>\n\n\n\n<figure class=\"wp-block-image size-large\"><img loading=\"lazy\" decoding=\"async\" width=\"1024\" height=\"683\" data-id=\"536251\" src=\"https:\/\/diariodominicano.com\/wp-content\/uploads\/2024\/06\/Colectivo-2020-seran-madrinas-oficiales-del-Puerto-Plata-Bridal-2024-1024x683.jpg\" alt=\"\" class=\"wp-image-536251\" srcset=\"https:\/\/diariodominicano.com\/wp-content\/uploads\/2024\/06\/Colectivo-2020-seran-madrinas-oficiales-del-Puerto-Plata-Bridal-2024-1024x683.jpg 1024w, https:\/\/diariodominicano.com\/wp-content\/uploads\/2024\/06\/Colectivo-2020-seran-madrinas-oficiales-del-Puerto-Plata-Bridal-2024-300x200.jpg 300w, https:\/\/diariodominicano.com\/wp-content\/uploads\/2024\/06\/Colectivo-2020-seran-madrinas-oficiales-del-Puerto-Plata-Bridal-2024-768x512.jpg 768w, https:\/\/diariodominicano.com\/wp-content\/uploads\/2024\/06\/Colectivo-2020-seran-madrinas-oficiales-del-Puerto-Plata-Bridal-2024-1536x1024.jpg 1536w, https:\/\/diariodominicano.com\/wp-content\/uploads\/2024\/06\/Colectivo-2020-seran-madrinas-oficiales-del-Puerto-Plata-Bridal-2024-816x544.jpg 816w, https:\/\/diariodominicano.com\/wp-content\/uploads\/2024\/06\/Colectivo-2020-seran-madrinas-oficiales-del-Puerto-Plata-Bridal-2024.jpg 1600w\" sizes=\"auto, (max-width: 1024px) 100vw, 1024px\" \/><\/figure>\n\n\n\n<figure class=\"wp-block-image size-large\"><img loading=\"lazy\" decoding=\"async\" width=\"1024\" height=\"1002\" data-id=\"536250\" src=\"https:\/\/diariodominicano.com\/wp-content\/uploads\/2024\/06\/Colectivo-2020-seran-las-madrinas-oficiales-del-Puerto-Plata-Bridal-2024-1024x1002.jpg\" alt=\"\" class=\"wp-image-536250\" srcset=\"https:\/\/diariodominicano.com\/wp-content\/uploads\/2024\/06\/Colectivo-2020-seran-las-madrinas-oficiales-del-Puerto-Plata-Bridal-2024-1024x1002.jpg 1024w, https:\/\/diariodominicano.com\/wp-content\/uploads\/2024\/06\/Colectivo-2020-seran-las-madrinas-oficiales-del-Puerto-Plata-Bridal-2024-300x293.jpg 300w, https:\/\/diariodominicano.com\/wp-content\/uploads\/2024\/06\/Colectivo-2020-seran-las-madrinas-oficiales-del-Puerto-Plata-Bridal-2024-768x751.jpg 768w, https:\/\/diariodominicano.com\/wp-content\/uploads\/2024\/06\/Colectivo-2020-seran-las-madrinas-oficiales-del-Puerto-Plata-Bridal-2024-816x798.jpg 816w, https:\/\/diariodominicano.com\/wp-content\/uploads\/2024\/06\/Colectivo-2020-seran-las-madrinas-oficiales-del-Puerto-Plata-Bridal-2024.jpg 1290w\" sizes=\"auto, (max-width: 1024px) 100vw, 1024px\" \/><\/figure>\n\n\n\n<figure class=\"wp-block-image size-large\"><img loading=\"lazy\" decoding=\"async\" width=\"872\" height=\"1024\" data-id=\"536249\" src=\"https:\/\/diariodominicano.com\/wp-content\/uploads\/2024\/06\/Colectivo-2020-seran-las-madrinas-oficiales-Puerto-Plata-Bridal-2024-872x1024.jpeg\" alt=\"\" class=\"wp-image-536249\" srcset=\"https:\/\/diariodominicano.com\/wp-content\/uploads\/2024\/06\/Colectivo-2020-seran-las-madrinas-oficiales-Puerto-Plata-Bridal-2024-872x1024.jpeg 872w, https:\/\/diariodominicano.com\/wp-content\/uploads\/2024\/06\/Colectivo-2020-seran-las-madrinas-oficiales-Puerto-Plata-Bridal-2024-255x300.jpeg 255w, https:\/\/diariodominicano.com\/wp-content\/uploads\/2024\/06\/Colectivo-2020-seran-las-madrinas-oficiales-Puerto-Plata-Bridal-2024-768x902.jpeg 768w, https:\/\/diariodominicano.com\/wp-content\/uploads\/2024\/06\/Colectivo-2020-seran-las-madrinas-oficiales-Puerto-Plata-Bridal-2024-1308x1536.jpeg 1308w, https:\/\/diariodominicano.com\/wp-content\/uploads\/2024\/06\/Colectivo-2020-seran-las-madrinas-oficiales-Puerto-Plata-Bridal-2024-816x959.jpeg 816w, https:\/\/diariodominicano.com\/wp-content\/uploads\/2024\/06\/Colectivo-2020-seran-las-madrinas-oficiales-Puerto-Plata-Bridal-2024.jpeg 1362w\" sizes=\"auto, (max-width: 872px) 100vw, 872px\" \/><\/figure>\n<\/figure>\n\n\n\n<p>&nbsp;Indic\u00f3 que Puerto Plata Bridal International, se realizar\u00e1 del 22 al 24 de julio en el Centro de Convenciones del Blue JackTar Playa Dorada, y que como aporte a su consolidaci\u00f3n en casa versi\u00f3n, se&nbsp;implementan tendencias que marcan el rumbo del sector nupcial a nivel mundial. \u201cEste a\u00f1o nos embarcamos a ser el primer evento referente de esta magnitud del Caribe, que promueve un concepto totalmente eco amigable, apostando por la utilizaci\u00f3n adecuada de elementos; sum\u00e1ndonos as\u00ed a un llamado para la preservaci\u00f3n de nuestros recursos naturales\u201d, sostuvo.&nbsp;<\/p>\n\n\n\n<p>Dijo adem\u00e1s, que Puerto Plata Bridal 2024 se abre a emprendedores y suplidores diversos del sector nupcial, quienes adem\u00e1s de exponer, tendr\u00e1n la oportunidad de actualizar sus conocimientos, a trav\u00e9s de talleres formativos y conferencias, a cargo de disertadores nacionales e internacionales.<\/p>\n\n\n\n<p>Adelant\u00f3 que, como parte de su participaci\u00f3n en el evento, el Colectivo 2020 ofrecer\u00e1 una conferencia magistral orientada a las tendencias ecofriendly para eventos de lujo y para el sector nupcial. Esta se ha programado para el mi\u00e9rcoles 24 de julio, a las 2:00 de la tarde, en el recinto ferial. Los interesados en participar, podr\u00e1n reservar su espacio, a trav\u00e9s del n\u00famero 809 712 5670.<\/p>\n","protected":false},"excerpt":{"rendered":"<p>Puerto Plata Bridal International 2024, \u00fanica feria del sector del nupcial del pa\u00eds y el evento de mayor evoluci\u00f3n, celebrado en la regi\u00f3n norte, ha dado a conocer la instituci\u00f3n nacional escogida para apadrinar su sexta versi\u00f3n. Se trata del equipo de wedding planners y productores de eventos \u201cColectivo 2020\u201d.&nbsp; As\u00ed lo ha informado el [&hellip;]<\/p>\n","protected":false},"author":7,"featured_media":536253,"comment_status":"closed","ping_status":"closed","sticky":false,"template":"","format":"standard","meta":{"footnotes":""},"categories":[25],"tags":[],"class_list":["post-536217","post","type-post","status-publish","format-standard","has-post-thumbnail","hentry","category-gente"],"_links":{"self":[{"href":"https:\/\/diariodominicano.com\/index.php?rest_route=\/wp\/v2\/posts\/536217","targetHints":{"allow":["GET"]}}],"collection":[{"href":"https:\/\/diariodominicano.com\/index.php?rest_route=\/wp\/v2\/posts"}],"about":[{"href":"https:\/\/diariodominicano.com\/index.php?rest_route=\/wp\/v2\/types\/post"}],"author":[{"embeddable":true,"href":"https:\/\/diariodominicano.com\/index.php?rest_route=\/wp\/v2\/users\/7"}],"replies":[{"embeddable":true,"href":"https:\/\/diariodominicano.com\/index.php?rest_route=%2Fwp%2Fv2%2Fcomments&post=536217"}],"version-history":[{"count":1,"href":"https:\/\/diariodominicano.com\/index.php?rest_route=\/wp\/v2\/posts\/536217\/revisions"}],"predecessor-version":[{"id":536259,"href":"https:\/\/diariodominicano.com\/index.php?rest_route=\/wp\/v2\/posts\/536217\/revisions\/536259"}],"wp:featuredmedia":[{"embeddable":true,"href":"https:\/\/diariodominicano.com\/index.php?rest_route=\/wp\/v2\/media\/536253"}],"wp:attachment":[{"href":"https:\/\/diariodominicano.com\/index.php?rest_route=%2Fwp%2Fv2%2Fmedia&parent=536217"}],"wp:term":[{"taxonomy":"category","embeddable":true,"href":"https:\/\/diariodominicano.com\/index.php?rest_route=%2Fwp%2Fv2%2Fcategories&post=536217"},{"taxonomy":"post_tag","embeddable":true,"href":"https:\/\/diariodominicano.com\/index.php?rest_route=%2Fwp%2Fv2%2Ftags&post=536217"}],"curies":[{"name":"wp","href":"https:\/\/api.w.org\/{rel}","templated":true}]}}