{"id":53617,"date":"2020-05-23T16:07:39","date_gmt":"2020-05-23T16:07:39","guid":{"rendered":"http:\/\/diariodominicano.ddns.net\/?p=53617"},"modified":"2020-05-23T16:07:39","modified_gmt":"2020-05-23T16:07:39","slug":"minerd-entrega-40-carritos-tecnologicos-y-1600-tabletas-a-10-centros-educativos-de-la-regional-18","status":"publish","type":"post","link":"https:\/\/diariodominicano.com\/?p=53617","title":{"rendered":"MINERD entrega 40 carritos tecnol\u00f3gicos y 1,600 tabletas a 10 centros educativos de la Regional 18"},"content":{"rendered":"<p><body><\/p>\n<p><img decoding=\"async\" src=\"img3\/Bahoruco23-4-20.jpg\" \/>  <\/p>\n<p><span class=\"text1noticias\">diariodominicano.com<\/span><\/p>\n<p><span class=\"text1noticias\"> <\/span><\/p>\n<p><span class=\"text1noticias\"> Neiba, Bahoruco, R. D., 23 de mayo, 2020.- El Ministerio de Educaci\u00f3n (MINERD) entreg\u00f3 40 carritos tecnol\u00f3gicos y 1,600 tabletas que de inmediato fueron distribuidas en 10 centros educativos pertenecientes a la Direcci\u00f3n Regional 18. <\/span><\/p>\n<p><span class=\"text1noticias\"> <\/span><\/p>\n<p><span class=\"text1noticias\">La entrega del MINERD, a trav\u00e9s del Programa Rep\u00fablica Digital Educaci\u00f3n, permitir\u00e1 seguir ampliando el desarrollo tecnol\u00f3gico a favor de los estudiantes de todo el pa\u00eds. <\/span><\/p>\n<p><span class=\"text1noticias\"> <\/span><\/p>\n<p><span class=\"text1noticias\">Los carritos tecnol\u00f3gicos, utilizados para recargar las 1,600 tabletas, fueron recibidos por la maestra Andris Yuliza Novas Montilla, directora de la Regional 18, quien de inmediato coordin\u00f3 la distribuci\u00f3n e instalaci\u00f3n de los equipos. <\/span><\/p>\n<p><span class=\"text1noticias\"> <\/span><\/p>\n<p><span class=\"text1noticias\">Explic\u00f3 que gracias a la asistencia del MINERD ser\u00e1n impactados m\u00e1s de 5 mil estudiantes que cursan estudios en 10 centros educativos. La primera entrega de tabletas se realiz\u00f3 en la Escuela Ulpina Gonz\u00e1lez M\u00e9ndez, distrito 18-01, Galvan, a su director Gidovel Escalante. <\/span><\/p>\n<p><span class=\"text1noticias\"> <\/span><\/p>\n<p><span class=\"text1noticias\">Al recibir los aparatos tecnol\u00f3gicos, el maestro Escalante destac\u00f3 la importancia que representa el uso de las tabletas para los estudiantes de primaria y m\u00e1s en los actuales momentos en que la sociedad sigue bajo la amenaza del COVID-19. <\/span><\/p>\n<p><span class=\"text1noticias\"> <\/span><\/p>\n<p><span class=\"text1noticias\">Indic\u00f3 que en dicho centro estudian 536 estudiantes, de los cuales 336 pertenecen a Primaria y 200 a Secundaria. <\/span><\/p>\n<p><span class=\"text1noticias\"> <\/span><\/p>\n<p><span class=\"text1noticias\">En la entrega, tambi\u00e9n estuvo presente el profesor C\u00e1stulo Gonz\u00e1lez Figuereo, quien recibi\u00f3 los equipos del Centro Educativo Salom\u00e9 Ure\u00f1a de Henr\u00edquez, distrito 18-02, Tamayo.   <\/span><\/p>\n<p><span class=\"text1noticias\"> <\/span><\/p>\n<p><span class=\"text1noticias\">La informaci\u00f3n la ofreci\u00f3 el director de Comunicaciones del Ministerio de Educaci\u00f3n, Diego Pesqueira, quien encabez\u00f3 una comisi\u00f3n de la instituci\u00f3n que se traslad\u00f3 hasta la provincia de Bahoruco para participar en la entrega de las herramientas tecnol\u00f3gicas.<\/span><\/p>\n<p><span class=\"text1noticias\">  <\/span><\/p>\n<p><span class=\"text1noticias\">Posteriormente, los representantes del MINERD acompa\u00f1ados de las autoridades educativa de la zona, se trasladaron a Neiba para participar en la entrega de cinco carritos tecnol\u00f3gicos y 200 tabletas al Centro Educativo Prof. Juan Bosch, con capacidad para m\u00e1s de 800 estudiantes del nivel Primario.<\/span><\/p>\n<p><span class=\"text1noticias\"> <\/span><\/p>\n<p><span class=\"text1noticias\"> <\/span><\/p>\n<p><span class=\"text1noticias\">Se recuerda que el ministro de Educaci\u00f3n, Antonio Pe\u00f1a Mirabal, anunci\u00f3 que en los pr\u00f3ximos meses ser\u00e1n entregadas m\u00e1s de 300 mil computadoras y tabletas a estudiantes y profesores de todo el pa\u00eds. <\/span><\/p>\n<p><span class=\"text1noticias\"> <\/span><\/p>\n<p><span class=\"text1noticias\"> Fuente: Direcci\u00f3n de Comunicaci\u00f3n y Relaciones P\u00fa<\/span>blicas<\/p>\n<h6> 2020-05-23 16:07:39 <\/h6>\n<p><!--\n<link rel=\"stylesheet\" href=\"css\/bootstrap.min.css\">\n\n\n<ul class=\"pagination\">\n\t    \n\t\n\n<li >\n\t<a href='?page_no=583'>Previous<\/a>\n\t<\/li>\n\n\n       \n    \n\n<li><a href='?page_no=1'>1<\/a><\/li>\n\n\n\n<li><a href='?page_no=2'>2<\/a><\/li>\n\n\n\n<li><a>...<\/a><\/li>\n\n\n\n<li><a href='?page_no=582'>582<\/a><\/li>\n\n\n\n<li><a href='?page_no=583'>583<\/a><\/li>\n\n\n\n<li class='active'><a>584<\/a><\/li>\n\n\n\n<li><a href='?page_no=585'>585<\/a><\/li>\n\n\n\n<li><a href='?page_no=586'>586<\/a><\/li>\n\n\n\n<li><a>...<\/a><\/li>\n\n\n\n<li><a href='?page_no=22911'>22911<\/a><\/li>\n\n\n\n<li><a href='?page_no=22912'>22912<\/a><\/li>\n\n    \n\t\n\n<li >\n\t<a href='?page_no=585'>Next<\/a>\n\t<\/li>\n\n\n    \n\n<li><a href='?page_no=22912'>Last &rsaquo;&rsaquo;<\/a><\/li>\n\n<\/ul>\n\n\n--><br \/>\n<\/body><\/p>\n","protected":false},"excerpt":{"rendered":"<p>diariodominicano.com Neiba, Bahoruco, R. D., 23 de mayo, 2020.- El Ministerio de Educaci\u00f3n (MINERD) entreg\u00f3 40 carritos tecnol\u00f3gicos y 1,600 tabletas que de inmediato fueron distribuidas en 10 centros educativos pertenecientes a la Direcci\u00f3n Regional 18. La entrega del MINERD, a trav\u00e9s del Programa Rep\u00fablica Digital Educaci\u00f3n, permitir\u00e1 seguir ampliando el desarrollo tecnol\u00f3gico a favor [&hellip;]<\/p>\n","protected":false},"author":3,"featured_media":0,"comment_status":"open","ping_status":"open","sticky":false,"template":"","format":"standard","meta":{"footnotes":""},"categories":[21],"tags":[],"class_list":["post-53617","post","type-post","status-publish","format-standard","hentry","category-cultura"],"_links":{"self":[{"href":"https:\/\/diariodominicano.com\/index.php?rest_route=\/wp\/v2\/posts\/53617","targetHints":{"allow":["GET"]}}],"collection":[{"href":"https:\/\/diariodominicano.com\/index.php?rest_route=\/wp\/v2\/posts"}],"about":[{"href":"https:\/\/diariodominicano.com\/index.php?rest_route=\/wp\/v2\/types\/post"}],"author":[{"embeddable":true,"href":"https:\/\/diariodominicano.com\/index.php?rest_route=\/wp\/v2\/users\/3"}],"replies":[{"embeddable":true,"href":"https:\/\/diariodominicano.com\/index.php?rest_route=%2Fwp%2Fv2%2Fcomments&post=53617"}],"version-history":[{"count":0,"href":"https:\/\/diariodominicano.com\/index.php?rest_route=\/wp\/v2\/posts\/53617\/revisions"}],"wp:attachment":[{"href":"https:\/\/diariodominicano.com\/index.php?rest_route=%2Fwp%2Fv2%2Fmedia&parent=53617"}],"wp:term":[{"taxonomy":"category","embeddable":true,"href":"https:\/\/diariodominicano.com\/index.php?rest_route=%2Fwp%2Fv2%2Fcategories&post=53617"},{"taxonomy":"post_tag","embeddable":true,"href":"https:\/\/diariodominicano.com\/index.php?rest_route=%2Fwp%2Fv2%2Ftags&post=53617"}],"curies":[{"name":"wp","href":"https:\/\/api.w.org\/{rel}","templated":true}]}}