{"id":53606,"date":"2020-05-23T23:19:28","date_gmt":"2020-05-23T23:19:28","guid":{"rendered":"http:\/\/diariodominicano.ddns.net\/?p=53606"},"modified":"2020-05-23T23:19:28","modified_gmt":"2020-05-23T23:19:28","slug":"pedro-santana-impedido-de-retornar-a-republica-dominicana","status":"publish","type":"post","link":"https:\/\/diariodominicano.com\/?p=53606","title":{"rendered":"Pedro Santana impedido de retornar a Rep\u00fablica Dominicana"},"content":{"rendered":"<p><body><\/p>\n<p><img decoding=\"async\" src=\"img3\/Santana00.jpg\" \/><br \/><img decoding=\"async\" src=\"img3\/Santana00.jpg\" \/>  <\/p>\n<p><strong>Diariodominicano.com<\/strong><\/p>\n<p><strong>Pedro Santana impedido de retornar a Rep\u00fablica Dominicana <\/strong><\/p>\n<p>Santana hab\u00eda sido expulsado del pa\u00eds por una disposici\u00f3n del Presidente Buenaventura B\u00e1ez,  el  d\u00eda 11 de enero de 1857.<\/p>\n<p><strong>Por H\u00e9ctor Tineo Nolasco<\/strong><\/p>\n<p><strong>Diariodominicano.com<\/strong><\/p>\n<p><strong>  SANTO DOMINGO,  el  24 de Mayo de 1857,<\/strong>  el  Congreso de la Rep\u00fablica  rechaz\u00f3 una petici\u00f3n del   ex Presidente Pedro Santana, para que se le permitiera retornar de Saint Thomas a la Rep\u00fablica Dominicana.<\/p>\n<\/p>\n<p>   Santana hab\u00eda sido expulsado de Rep\u00fablica Dominicana por una disposici\u00f3n del Presidente Buenaventura B\u00e1ez,  el  d\u00eda 11 de enero de 1857.<\/p>\n<\/p>\n<p>    Cuando al  ex Presidente Pedro Santana  se le neg\u00f3  la petici\u00f3n para que se le permitiera regresar a Rep\u00fablica Dominicana, se encontraba exiliado en Saint Thomas.<\/p>\n<\/p>\n<p>     Sin  embargo, logr\u00f3 su objetivo luego  de que el 7 de julio de 1857, los jefes militares de Santiago, con el apoyo del comercio y los productores agropecuarios del Cibao, decidieron  en la Fortaleza San  Luis  de Santiago, derrocar el Gobierno del Presidente  Buenaventura B\u00e1ez y formaron  un Gobierno provisional.<\/p>\n<\/p>\n<p>     Como Presidente provisional del Gobierno fue escogido el general Jos\u00e9 Desiderio Valverde, y Vicepresidente, el abogado Benigno Filomeno de Rojas. <\/p>\n<\/p>\n<p>Luego se inici\u00f3 una marcha militar hasta la Capital para tomar el control del pa\u00eds.<\/p>\n<\/p>\n<p>El Gobierno denominado de la Revoluci\u00f3n del Cibao  design\u00f3  en el mando de las Fuerzas Armadas, al general Juan Luis Franco Bid\u00f3.<\/p>\n<\/p>\n<p>    Ante la resistencia de las fuerzas que apoyaban al general Buenaventura B\u00e1ez, fortalecido luego de haber importado provisiones y armas desde  Curazao y  Saint Thomas, el Gobierno del Cibao dict\u00f3 un decreto de amnist\u00eda en favor del general Pedro Santana y sus partidarios, quienes regresaron al pa\u00eds por Puerto Plata y Montecristi.<\/p>\n<\/p>\n<p>     Pedro Santana retorn\u00f3   el 25 de agosto de 1857 y fue nombrado auxiliar del jefe militar Juan Luis Franco Bid\u00f3, pero por sus habilidades al poco tiempo se convirti\u00f3 en el jefe militar,  el 18 de septiembre de 1857.<\/p>\n<\/p>\n<h6> 2020-05-23 23:19:28 <\/h6>\n<p><!--\n<link rel=\"stylesheet\" href=\"css\/bootstrap.min.css\">\n\n\n<ul class=\"pagination\">\n\t    \n\t\n\n<li >\n\t<a href='?page_no=582'>Previous<\/a>\n\t<\/li>\n\n\n       \n    \n\n<li><a href='?page_no=1'>1<\/a><\/li>\n\n\n\n<li><a href='?page_no=2'>2<\/a><\/li>\n\n\n\n<li><a>...<\/a><\/li>\n\n\n\n<li><a href='?page_no=581'>581<\/a><\/li>\n\n\n\n<li><a href='?page_no=582'>582<\/a><\/li>\n\n\n\n<li class='active'><a>583<\/a><\/li>\n\n\n\n<li><a href='?page_no=584'>584<\/a><\/li>\n\n\n\n<li><a href='?page_no=585'>585<\/a><\/li>\n\n\n\n<li><a>...<\/a><\/li>\n\n\n\n<li><a href='?page_no=22911'>22911<\/a><\/li>\n\n\n\n<li><a href='?page_no=22912'>22912<\/a><\/li>\n\n    \n\t\n\n<li >\n\t<a href='?page_no=584'>Next<\/a>\n\t<\/li>\n\n\n    \n\n<li><a href='?page_no=22912'>Last &rsaquo;&rsaquo;<\/a><\/li>\n\n<\/ul>\n\n\n--><br \/>\n<\/body><\/p>\n","protected":false},"excerpt":{"rendered":"<p>Diariodominicano.com Pedro Santana impedido de retornar a Rep\u00fablica Dominicana Santana hab\u00eda sido expulsado del pa\u00eds por una disposici\u00f3n del Presidente Buenaventura B\u00e1ez, el d\u00eda 11 de enero de 1857. Por H\u00e9ctor Tineo Nolasco Diariodominicano.com SANTO DOMINGO, el 24 de Mayo de 1857, el Congreso de la Rep\u00fablica rechaz\u00f3 una petici\u00f3n del ex Presidente Pedro Santana, [&hellip;]<\/p>\n","protected":false},"author":3,"featured_media":0,"comment_status":"open","ping_status":"open","sticky":false,"template":"","format":"standard","meta":{"footnotes":""},"categories":[21],"tags":[],"class_list":["post-53606","post","type-post","status-publish","format-standard","hentry","category-cultura"],"_links":{"self":[{"href":"https:\/\/diariodominicano.com\/index.php?rest_route=\/wp\/v2\/posts\/53606","targetHints":{"allow":["GET"]}}],"collection":[{"href":"https:\/\/diariodominicano.com\/index.php?rest_route=\/wp\/v2\/posts"}],"about":[{"href":"https:\/\/diariodominicano.com\/index.php?rest_route=\/wp\/v2\/types\/post"}],"author":[{"embeddable":true,"href":"https:\/\/diariodominicano.com\/index.php?rest_route=\/wp\/v2\/users\/3"}],"replies":[{"embeddable":true,"href":"https:\/\/diariodominicano.com\/index.php?rest_route=%2Fwp%2Fv2%2Fcomments&post=53606"}],"version-history":[{"count":0,"href":"https:\/\/diariodominicano.com\/index.php?rest_route=\/wp\/v2\/posts\/53606\/revisions"}],"wp:attachment":[{"href":"https:\/\/diariodominicano.com\/index.php?rest_route=%2Fwp%2Fv2%2Fmedia&parent=53606"}],"wp:term":[{"taxonomy":"category","embeddable":true,"href":"https:\/\/diariodominicano.com\/index.php?rest_route=%2Fwp%2Fv2%2Fcategories&post=53606"},{"taxonomy":"post_tag","embeddable":true,"href":"https:\/\/diariodominicano.com\/index.php?rest_route=%2Fwp%2Fv2%2Ftags&post=53606"}],"curies":[{"name":"wp","href":"https:\/\/api.w.org\/{rel}","templated":true}]}}