{"id":535959,"date":"2024-06-07T17:02:01","date_gmt":"2024-06-07T21:02:01","guid":{"rendered":"https:\/\/diariodominicano.com\/?p=535959"},"modified":"2024-06-07T17:05:31","modified_gmt":"2024-06-07T21:05:31","slug":"museo-memorial-conmemora-75-aniversario-expedicion-de-luperon-con-publicacion-de-obra","status":"publish","type":"post","link":"https:\/\/diariodominicano.com\/?p=535959","title":{"rendered":"Museo Memorial conmemora 75 aniversario expedici\u00f3n de Luper\u00f3n con publicaci\u00f3n de obra"},"content":{"rendered":"\n<p>EL LIBRO CAYO CONFITE Y LUPER\u00d3N: MEMORIAS DE UN EXPEDICIONARIO, ES DE LA AUTOR\u00cdA DEL EXPEDICIONARIO TULIO H. ARVELO<\/p>\n\n\n\n<p><em><u>Santo Domingo, DN, 7 de junio 2024<\/u><\/em>.-Con motivo de conmemorarse el 75 aniversario de la expedici\u00f3n de Luper\u00f3n de 1947, el Museo Memorial de la Resistencia Dominicana (MMRD), puso en circulaci\u00f3n la segunda edici\u00f3n de la obra Cayo Confite y Luper\u00f3n: Memorias de un expedicionario, de la autor\u00eda de Tulio H. Arvelo.<\/p>\n\n\n\n<figure class=\"wp-block-image size-large\"><img loading=\"lazy\" decoding=\"async\" width=\"812\" height=\"1024\" src=\"https:\/\/diariodominicano.com\/wp-content\/uploads\/2024\/06\/Foro-portada-libro-812x1024.jpeg\" alt=\"\" class=\"wp-image-535962\" srcset=\"https:\/\/diariodominicano.com\/wp-content\/uploads\/2024\/06\/Foro-portada-libro-812x1024.jpeg 812w, https:\/\/diariodominicano.com\/wp-content\/uploads\/2024\/06\/Foro-portada-libro-238x300.jpeg 238w, https:\/\/diariodominicano.com\/wp-content\/uploads\/2024\/06\/Foro-portada-libro-768x969.jpeg 768w, https:\/\/diariodominicano.com\/wp-content\/uploads\/2024\/06\/Foro-portada-libro-1217x1536.jpeg 1217w, https:\/\/diariodominicano.com\/wp-content\/uploads\/2024\/06\/Foro-portada-libro-816x1030.jpeg 816w, https:\/\/diariodominicano.com\/wp-content\/uploads\/2024\/06\/Foro-portada-libro.jpeg 1284w\" sizes=\"auto, (max-width: 812px) 100vw, 812px\" \/><\/figure>\n\n\n\n<p>La obra, que fue escrita por primera vez hace ya 43 a\u00f1os, recoge importantes detalles acerca de las expediciones de Cayo Confites, organizada en 1947, y Luper\u00f3n, que lleg\u00f3 al pa\u00eds el 19 de junio de 1949. \u201cFueron dos grandes intentos por deponer la dictadura existente en Rep\u00fablica Dominicana para instaurar la libertad y la democracia\u201d, sostuvo la directora fundadora del MMRD, Luisa De Pe\u00f1a D\u00edaz, durante su intervenci\u00f3n en el acto, al que asistieron familiares y amigos del expedicionario, as\u00ed como miembros de la directiva de la instituci\u00f3n.<\/p>\n\n\n\n<p>De Pe\u00f1a D\u00edaz defini\u00f3 la publicaci\u00f3n como \u201cuna verdadera joya hist\u00f3rica\u201d, en la que se ofrecen interesantes informaciones sobre dos de los acontecimientos que tuvieron lugar durante la lucha por la libertad del pueblo dominicano, conculcada por la dictadura trujillista.<\/p>\n\n\n\n<p>Sostuvo que la reedici\u00f3n y publicaci\u00f3n de este libro forma parte de la misi\u00f3n del Museo, que centra en \u201ceducar sobre la experiencia vivida\u201d a trav\u00e9s del rescate de la memoria hist\u00f3rica. \u201cLa presente publicaci\u00f3n convierte este libro en una de las herramientas con las cuales este museo manifiesta su compromiso con el derecho a la memoria, el derecho a la verdad y el derecho a la justicia\u201d, se\u00f1al\u00f3 la muse\u00f3grafa al reafirmar el compromiso de la instituci\u00f3n que dirige de seguir trabajando por el fortalecimiento de la democracia en Rep\u00fablica Dominicana.<\/p>\n\n\n\n<p>En el acto intervinieron, adem\u00e1s, el economista Tulio Hostilio Federico Arvelo Dur\u00e1n e Ivette Arvelo, hijos de Tulio H. Arvelo, quienes narraron las vivencias que ambos compartieron con su padre, as\u00ed como su nieta Yadixa Messina \u00c1lvarez, y el escritor Avelino Stanley, responsable de publicaciones del Museo y quien estuvo la responsabilidad de revisi\u00f3n de la obra.<\/p>\n\n\n\n<p>Tulio H. Arvelo fue doctor en derecho, estudi\u00f3 teor\u00eda de las ciencias sociales y pol\u00edticas, econom\u00eda pol\u00edtica y filosof\u00eda. Su adolescencia y juventud transcurrieron en los inicios mismos de la dictadura de Trujillo. Adem\u00e1s de su participaci\u00f3n en las expediciones de Cayo Confites y Luper\u00f3n, tambi\u00e9n se involucr\u00f3 en la gesta de Constanza, Maim\u00f3n y Estero Hondo de 1959, aunque en esta ocasi\u00f3n no form\u00f3 parte de los expedicionarios que llegaron a Rep\u00fablica Dominicana.<\/p>\n\n\n\n<p>Tulio H. Arvelo falleci\u00f3 en 1988, dejando a las generaciones presentes y futuras generaciones un legado de valent\u00eda, honradez y el respeto a las normas \u00e9ticas y morales.\u00a0<\/p>\n\n\n\n<p>Raisa Marte<\/p>\n\n\n\n<p><a target=\"_blank\" href=\"mailto:raisamarte1@gmail.com\" rel=\"noreferrer noopener\">raisamarte1@gmail.com<\/a><\/p>\n","protected":false},"excerpt":{"rendered":"<p>EL LIBRO CAYO CONFITE Y LUPER\u00d3N: MEMORIAS DE UN EXPEDICIONARIO, ES DE LA AUTOR\u00cdA DEL EXPEDICIONARIO TULIO H. ARVELO Santo Domingo, DN, 7 de junio 2024.-Con motivo de conmemorarse el 75 aniversario de la expedici\u00f3n de Luper\u00f3n de 1947, el Museo Memorial de la Resistencia Dominicana (MMRD), puso en circulaci\u00f3n la segunda edici\u00f3n de la [&hellip;]<\/p>\n","protected":false},"author":28,"featured_media":535960,"comment_status":"closed","ping_status":"closed","sticky":false,"template":"","format":"standard","meta":{"footnotes":""},"categories":[21,36,26],"tags":[],"class_list":["post-535959","post","type-post","status-publish","format-standard","has-post-thumbnail","hentry","category-cultura","category-hombresmujeresycosas","category-efemerides"],"_links":{"self":[{"href":"https:\/\/diariodominicano.com\/index.php?rest_route=\/wp\/v2\/posts\/535959","targetHints":{"allow":["GET"]}}],"collection":[{"href":"https:\/\/diariodominicano.com\/index.php?rest_route=\/wp\/v2\/posts"}],"about":[{"href":"https:\/\/diariodominicano.com\/index.php?rest_route=\/wp\/v2\/types\/post"}],"author":[{"embeddable":true,"href":"https:\/\/diariodominicano.com\/index.php?rest_route=\/wp\/v2\/users\/28"}],"replies":[{"embeddable":true,"href":"https:\/\/diariodominicano.com\/index.php?rest_route=%2Fwp%2Fv2%2Fcomments&post=535959"}],"version-history":[{"count":3,"href":"https:\/\/diariodominicano.com\/index.php?rest_route=\/wp\/v2\/posts\/535959\/revisions"}],"predecessor-version":[{"id":535965,"href":"https:\/\/diariodominicano.com\/index.php?rest_route=\/wp\/v2\/posts\/535959\/revisions\/535965"}],"wp:featuredmedia":[{"embeddable":true,"href":"https:\/\/diariodominicano.com\/index.php?rest_route=\/wp\/v2\/media\/535960"}],"wp:attachment":[{"href":"https:\/\/diariodominicano.com\/index.php?rest_route=%2Fwp%2Fv2%2Fmedia&parent=535959"}],"wp:term":[{"taxonomy":"category","embeddable":true,"href":"https:\/\/diariodominicano.com\/index.php?rest_route=%2Fwp%2Fv2%2Fcategories&post=535959"},{"taxonomy":"post_tag","embeddable":true,"href":"https:\/\/diariodominicano.com\/index.php?rest_route=%2Fwp%2Fv2%2Ftags&post=535959"}],"curies":[{"name":"wp","href":"https:\/\/api.w.org\/{rel}","templated":true}]}}