{"id":535953,"date":"2024-06-07T16:55:05","date_gmt":"2024-06-07T20:55:05","guid":{"rendered":"https:\/\/diariodominicano.com\/?p=535953"},"modified":"2024-06-07T16:55:08","modified_gmt":"2024-06-07T20:55:08","slug":"politologo-argentino-resalto-relevancia-de-prensa-latina","status":"publish","type":"post","link":"https:\/\/diariodominicano.com\/?p=535953","title":{"rendered":"Polit\u00f3logo argentino resalt\u00f3 relevancia de Prensa Latina"},"content":{"rendered":"\n<ul class=\"wp-block-list\">\n<li>junio 7, 2024<\/li>\n\n\n\n<li>CDT13:47 (GMT) -0400<\/li>\n<\/ul>\n\n\n\n<p>Buenos Aires, 7 jun (Prensa Latina) El polit\u00f3logo argentino Atilio Bor\u00f3n resalt\u00f3 la relevancia de la Agencia Informativa Latinoamericana Prensa Latina, a pocos d\u00edas de cumplirse 65 a\u00f1os de su fundaci\u00f3n.<\/p>\n\n\n\n<ul class=\"wp-block-list\">\n<li><a href=\"https:\/\/www.prensa-latina.cu\/2024\/06\/07\/politologo-argentino-resalto-relevancia-de-prensa-latina\/#\"><\/a><\/li>\n\n\n\n<li><a href=\"https:\/\/www.prensa-latina.cu\/2024\/06\/07\/politologo-argentino-resalto-relevancia-de-prensa-latina\/#\"><\/a><\/li>\n\n\n\n<li><a href=\"https:\/\/www.prensa-latina.cu\/2024\/06\/07\/politologo-argentino-resalto-relevancia-de-prensa-latina\/#\"><\/a><\/li>\n\n\n\n<li><a href=\"https:\/\/www.prensa-latina.cu\/2024\/06\/07\/politologo-argentino-resalto-relevancia-de-prensa-latina\/#\"><\/a><\/li>\n<\/ul>\n\n\n\n<p>Es una gran entidad comunicacional y cultural, una pieza fundamental en la artiller\u00eda de pensamiento en la batalla de ideas- como dec\u00eda Fidel (Castro, 1926-2016)- en contra de las mentiras prefabricadas al servicio del imperio, asever\u00f3 el soci\u00f3logo y analista.<\/p>\n\n\n\n<p>Un gran abrazo a los compa\u00f1eros de Prensa Latina. \u00a1Hasta la victoria, siempre!, se\u00f1al\u00f3 en un mensaje enviado a ese medio.<\/p>\n\n\n\n<p>Fundada el 16 de junio de 1959 para hacer frente a la campa\u00f1a de desinformaci\u00f3n y manipulaci\u00f3n de los grandes monopolios, la agencia de noticias tuvo como primer director al argentino Jorge Ricardo Masetti (1929-1964) y en ella trabaj\u00f3 tambi\u00e9n el reconocido periodista Rodolfo Walsh (1927-1977), entre otras grandes figuras latinoamericanas.<\/p>\n\n\n\n<p>Seg\u00fan la escritora Stella Calloni, Prensa Latina \u201ces un ejemplo de la \u00e9tica period\u00edstica, porque respeta el derecho de los pueblos a recibir una informaci\u00f3n veraz, en un mundo donde el poder hegem\u00f3nico se apodera de la mayor parte de los medios masivos de comunicaci\u00f3n y las tecnolog\u00edas, sembrando la mentira y el odio\u201d.<\/p>\n\n\n\n<p>Recientemente, el secretario general del Sindicato de Prensa de Buenos Aires, Agust\u00edn Lecchi, resalt\u00f3 la importancia de su creaci\u00f3n y su continuidad, con corresponsales en decenas de pa\u00edses y una concepci\u00f3n latinoamericana, de lucha contra el imperialismo.<\/p>\n\n\n\n<p>mem\/gas<\/p>\n","protected":false},"excerpt":{"rendered":"<p>Buenos Aires, 7 jun (Prensa Latina) El polit\u00f3logo argentino Atilio Bor\u00f3n resalt\u00f3 la relevancia de la Agencia Informativa Latinoamericana Prensa Latina, a pocos d\u00edas de cumplirse 65 a\u00f1os de su fundaci\u00f3n. Es una gran entidad comunicacional y cultural, una pieza fundamental en la artiller\u00eda de pensamiento en la batalla de ideas- como dec\u00eda Fidel (Castro, [&hellip;]<\/p>\n","protected":false},"author":28,"featured_media":535954,"comment_status":"closed","ping_status":"closed","sticky":false,"template":"","format":"standard","meta":{"footnotes":""},"categories":[26,23],"tags":[],"class_list":["post-535953","post","type-post","status-publish","format-standard","has-post-thumbnail","hentry","category-efemerides","category-internacional"],"_links":{"self":[{"href":"https:\/\/diariodominicano.com\/index.php?rest_route=\/wp\/v2\/posts\/535953","targetHints":{"allow":["GET"]}}],"collection":[{"href":"https:\/\/diariodominicano.com\/index.php?rest_route=\/wp\/v2\/posts"}],"about":[{"href":"https:\/\/diariodominicano.com\/index.php?rest_route=\/wp\/v2\/types\/post"}],"author":[{"embeddable":true,"href":"https:\/\/diariodominicano.com\/index.php?rest_route=\/wp\/v2\/users\/28"}],"replies":[{"embeddable":true,"href":"https:\/\/diariodominicano.com\/index.php?rest_route=%2Fwp%2Fv2%2Fcomments&post=535953"}],"version-history":[{"count":1,"href":"https:\/\/diariodominicano.com\/index.php?rest_route=\/wp\/v2\/posts\/535953\/revisions"}],"predecessor-version":[{"id":535955,"href":"https:\/\/diariodominicano.com\/index.php?rest_route=\/wp\/v2\/posts\/535953\/revisions\/535955"}],"wp:featuredmedia":[{"embeddable":true,"href":"https:\/\/diariodominicano.com\/index.php?rest_route=\/wp\/v2\/media\/535954"}],"wp:attachment":[{"href":"https:\/\/diariodominicano.com\/index.php?rest_route=%2Fwp%2Fv2%2Fmedia&parent=535953"}],"wp:term":[{"taxonomy":"category","embeddable":true,"href":"https:\/\/diariodominicano.com\/index.php?rest_route=%2Fwp%2Fv2%2Fcategories&post=535953"},{"taxonomy":"post_tag","embeddable":true,"href":"https:\/\/diariodominicano.com\/index.php?rest_route=%2Fwp%2Fv2%2Ftags&post=535953"}],"curies":[{"name":"wp","href":"https:\/\/api.w.org\/{rel}","templated":true}]}}