{"id":535790,"date":"2024-06-07T00:45:56","date_gmt":"2024-06-07T04:45:56","guid":{"rendered":"https:\/\/diariodominicano.com\/?p=535790"},"modified":"2024-06-07T00:50:51","modified_gmt":"2024-06-07T04:50:51","slug":"ministerio-de-deportes-ofrece-emotivo-agasajo-a-ninos-con-discapacidad","status":"publish","type":"post","link":"https:\/\/diariodominicano.com\/?p=535790","title":{"rendered":"Ministerio de Deportes ofrece emotivo agasajo a ni\u00f1os con discapacidad"},"content":{"rendered":"\n<p>El viceministro de Deportes, Kennedy Vargas, destaca la importancia de la actividad recreativa en la que participaron decenas de ni\u00f1os.<\/p>\n\n\n\n<figure class=\"wp-block-image size-large\"><img loading=\"lazy\" decoding=\"async\" width=\"1024\" height=\"556\" src=\"https:\/\/diariodominicano.com\/wp-content\/uploads\/2024\/06\/MESA-DE-HONOR-1024x556.jpeg\" alt=\"\" class=\"wp-image-535796\" srcset=\"https:\/\/diariodominicano.com\/wp-content\/uploads\/2024\/06\/MESA-DE-HONOR-1024x556.jpeg 1024w, https:\/\/diariodominicano.com\/wp-content\/uploads\/2024\/06\/MESA-DE-HONOR-300x163.jpeg 300w, https:\/\/diariodominicano.com\/wp-content\/uploads\/2024\/06\/MESA-DE-HONOR-768x417.jpeg 768w, https:\/\/diariodominicano.com\/wp-content\/uploads\/2024\/06\/MESA-DE-HONOR-1536x834.jpeg 1536w, https:\/\/diariodominicano.com\/wp-content\/uploads\/2024\/06\/MESA-DE-HONOR-816x443.jpeg 816w, https:\/\/diariodominicano.com\/wp-content\/uploads\/2024\/06\/MESA-DE-HONOR.jpeg 1600w\" sizes=\"auto, (max-width: 1024px) 100vw, 1024px\" \/><\/figure>\n\n\n\n<p>Mesa de honor<\/p>\n\n\n\n<p>Santo Domingo, RD.- El Ministerio de Deportes y Recreaci\u00f3n (Miderec), a trav\u00e9s de su Direcci\u00f3n de Deportes Adaptados, ofreci\u00f3 este jueves un emotivo agasajo a los estudiantes del centro educativo Jos\u00e9 Manuel Rodr\u00edguez Tavares Sordoceguera y Discapacidad M\u00faltiple, quienes disfrutaron de variadas entretenciones junto a sus familiares y tutores.<\/p>\n\n\n\n<figure class=\"wp-block-image size-large\"><img loading=\"lazy\" decoding=\"async\" width=\"1024\" height=\"682\" src=\"https:\/\/diariodominicano.com\/wp-content\/uploads\/2024\/06\/PARTICIPANTES-EN-EL-ACTO-1024x682.jpeg\" alt=\"\" class=\"wp-image-535794\" srcset=\"https:\/\/diariodominicano.com\/wp-content\/uploads\/2024\/06\/PARTICIPANTES-EN-EL-ACTO-1024x682.jpeg 1024w, https:\/\/diariodominicano.com\/wp-content\/uploads\/2024\/06\/PARTICIPANTES-EN-EL-ACTO-300x200.jpeg 300w, https:\/\/diariodominicano.com\/wp-content\/uploads\/2024\/06\/PARTICIPANTES-EN-EL-ACTO-768x512.jpeg 768w, https:\/\/diariodominicano.com\/wp-content\/uploads\/2024\/06\/PARTICIPANTES-EN-EL-ACTO-1536x1023.jpeg 1536w, https:\/\/diariodominicano.com\/wp-content\/uploads\/2024\/06\/PARTICIPANTES-EN-EL-ACTO-816x544.jpeg 816w, https:\/\/diariodominicano.com\/wp-content\/uploads\/2024\/06\/PARTICIPANTES-EN-EL-ACTO.jpeg 1600w\" sizes=\"auto, (max-width: 1024px) 100vw, 1024px\" \/><\/figure>\n\n\n\n<p><strong>Participantes en el acto.<\/strong><\/p>\n\n\n\n<p>\u201cNos sentimos muy agradecida con el respaldo del Ministerio de Deportes; damos gracias a Dios porque las puertas se han abierto, gracias por llevar a cabo las ayudas en beneficio de\u00a0las personas con discapacidad, y poder bendecir a m\u00e1s de 100 familias\u201d, expres\u00f3 la directora de la escuela, Ana S\u00e1nchez, destac\u00f3 Miderec en un comunicado.<\/p>\n\n\n\n<figure class=\"wp-block-image size-large\"><img loading=\"lazy\" decoding=\"async\" width=\"1024\" height=\"683\" src=\"https:\/\/diariodominicano.com\/wp-content\/uploads\/2024\/06\/PAYASOS-1024x683.jpeg\" alt=\"\" class=\"wp-image-535797\" srcset=\"https:\/\/diariodominicano.com\/wp-content\/uploads\/2024\/06\/PAYASOS-1024x683.jpeg 1024w, https:\/\/diariodominicano.com\/wp-content\/uploads\/2024\/06\/PAYASOS-300x200.jpeg 300w, https:\/\/diariodominicano.com\/wp-content\/uploads\/2024\/06\/PAYASOS-768x512.jpeg 768w, https:\/\/diariodominicano.com\/wp-content\/uploads\/2024\/06\/PAYASOS-816x544.jpeg 816w, https:\/\/diariodominicano.com\/wp-content\/uploads\/2024\/06\/PAYASOS.jpeg 1086w\" sizes=\"auto, (max-width: 1024px) 100vw, 1024px\" \/><\/figure>\n\n\n\n<p>El acto cont\u00f3 con la presencia del viceministro de Deportes, Kennedy Vargas; Evaristo P\u00e9rez, director de Deportes para Todos; Aurora Reyes Capell\u00e1n, directora de Deportes Adaptados; Pablo Ulloa, Defensor del Pueblo, entre otras personalidades.<\/p>\n\n\n\n<figure class=\"wp-block-image size-large\"><img loading=\"lazy\" decoding=\"async\" width=\"857\" height=\"1024\" src=\"https:\/\/diariodominicano.com\/wp-content\/uploads\/2024\/06\/RECONOCIMIENTOS-857x1024.jpeg\" alt=\"\" class=\"wp-image-535795\" srcset=\"https:\/\/diariodominicano.com\/wp-content\/uploads\/2024\/06\/RECONOCIMIENTOS-857x1024.jpeg 857w, https:\/\/diariodominicano.com\/wp-content\/uploads\/2024\/06\/RECONOCIMIENTOS-251x300.jpeg 251w, https:\/\/diariodominicano.com\/wp-content\/uploads\/2024\/06\/RECONOCIMIENTOS-768x918.jpeg 768w, https:\/\/diariodominicano.com\/wp-content\/uploads\/2024\/06\/RECONOCIMIENTOS-1285x1536.jpeg 1285w, https:\/\/diariodominicano.com\/wp-content\/uploads\/2024\/06\/RECONOCIMIENTOS-816x975.jpeg 816w, https:\/\/diariodominicano.com\/wp-content\/uploads\/2024\/06\/RECONOCIMIENTOS.jpeg 1339w\" sizes=\"auto, (max-width: 857px) 100vw, 857px\" \/><\/figure>\n\n\n\n<p>Reconocimiento.<\/p>\n\n\n\n<p>Al hablar en representaci\u00f3n del ministro Francisco Camacho, el viceministro Vargas explic\u00f3 que a trav\u00e9s del Ministerio de Deportes se acondicionan varias \u00e1reas para que puedan ser utilizadas exclusivamente para personas con discapacidades y a su vez salud\u00f3 el trabajo que realiza la licenciada Aurora Reyes. \u00a0<\/p>\n\n\n\n<p>En tanto que, Reyes motiv\u00f3 a las dem\u00e1s instituciones a que se sumen a apoyar instituciones como la escuela de Sordoceguera y Discapacidad M\u00faltiple, ya que trabajan con ni\u00f1as y ni\u00f1os con condiciones especiales.<\/p>\n\n\n\n<p>\u201cInvito a los dem\u00e1s ministerios e instituciones a darles una oportunidad a las personas especiales; les insto a trabajar todos unidos para poder lograr un mundo mejor para todos\u201d, expres\u00f3 Reyes.<\/p>\n\n\n\n<p>Mientras que Evaristo P\u00e9rez valor\u00f3 el trabajo que realiza la escuela Manuel Rodr\u00edguez a favor de los ni\u00f1os especiales.&nbsp;<\/p>\n\n\n\n<p>\u201cEstas actividades deben realizarse m\u00e1s de una vez al a\u00f1o, estos ni\u00f1os deben seguir recibiendo actividades formativas y recreativas. Nosotros, como Ministerio de Deportes, queremos darles ese apoyo para realizar m\u00e1s actividades\u201d, apunt\u00f3 P\u00e9rez.<\/p>\n\n\n\n<p>Por otro lado, Pablo Ulloa, resalt\u00f3 el trabajo que realizan los docentes en la escuela de sordoceguera y discapacidad m\u00faltiples.<\/p>\n\n\n\n<p>\u201cFelicito el trabajo que realizan estos docentes y a los padres de cada uno de los j\u00f3venes que est\u00e1n aqu\u00ed presentes\u201d, dijo Ulloa.<\/p>\n\n\n\n<p>Primitivo Cadete<\/p>\n\n\n\n<p><a target=\"_blank\" href=\"mailto:primitivo.cadete@gmail.com\" rel=\"noreferrer noopener\">primitivo.cadete@gmail.com<\/a><\/p>\n","protected":false},"excerpt":{"rendered":"<p>El viceministro de Deportes, Kennedy Vargas, destaca la importancia de la actividad recreativa en la que participaron decenas de ni\u00f1os. Mesa de honor Santo Domingo, RD.- El Ministerio de Deportes y Recreaci\u00f3n (Miderec), a trav\u00e9s de su Direcci\u00f3n de Deportes Adaptados, ofreci\u00f3 este jueves un emotivo agasajo a los estudiantes del centro educativo Jos\u00e9 Manuel [&hellip;]<\/p>\n","protected":false},"author":28,"featured_media":535791,"comment_status":"closed","ping_status":"closed","sticky":false,"template":"","format":"standard","meta":{"footnotes":""},"categories":[17,25],"tags":[],"class_list":["post-535790","post","type-post","status-publish","format-standard","has-post-thumbnail","hentry","category-deportes","category-gente"],"_links":{"self":[{"href":"https:\/\/diariodominicano.com\/index.php?rest_route=\/wp\/v2\/posts\/535790","targetHints":{"allow":["GET"]}}],"collection":[{"href":"https:\/\/diariodominicano.com\/index.php?rest_route=\/wp\/v2\/posts"}],"about":[{"href":"https:\/\/diariodominicano.com\/index.php?rest_route=\/wp\/v2\/types\/post"}],"author":[{"embeddable":true,"href":"https:\/\/diariodominicano.com\/index.php?rest_route=\/wp\/v2\/users\/28"}],"replies":[{"embeddable":true,"href":"https:\/\/diariodominicano.com\/index.php?rest_route=%2Fwp%2Fv2%2Fcomments&post=535790"}],"version-history":[{"count":2,"href":"https:\/\/diariodominicano.com\/index.php?rest_route=\/wp\/v2\/posts\/535790\/revisions"}],"predecessor-version":[{"id":535798,"href":"https:\/\/diariodominicano.com\/index.php?rest_route=\/wp\/v2\/posts\/535790\/revisions\/535798"}],"wp:featuredmedia":[{"embeddable":true,"href":"https:\/\/diariodominicano.com\/index.php?rest_route=\/wp\/v2\/media\/535791"}],"wp:attachment":[{"href":"https:\/\/diariodominicano.com\/index.php?rest_route=%2Fwp%2Fv2%2Fmedia&parent=535790"}],"wp:term":[{"taxonomy":"category","embeddable":true,"href":"https:\/\/diariodominicano.com\/index.php?rest_route=%2Fwp%2Fv2%2Fcategories&post=535790"},{"taxonomy":"post_tag","embeddable":true,"href":"https:\/\/diariodominicano.com\/index.php?rest_route=%2Fwp%2Fv2%2Ftags&post=535790"}],"curies":[{"name":"wp","href":"https:\/\/api.w.org\/{rel}","templated":true}]}}