{"id":535787,"date":"2024-06-07T00:41:43","date_gmt":"2024-06-07T04:41:43","guid":{"rendered":"https:\/\/diariodominicano.com\/?p=535787"},"modified":"2024-06-07T00:41:48","modified_gmt":"2024-06-07T04:41:48","slug":"presentaran-en-ny-obra-las-super-maravillas-de-la-primada-de-america-y-curso-relaciones-internacionales-diplomacia-y-asuntos-consulares","status":"publish","type":"post","link":"https:\/\/diariodominicano.com\/?p=535787","title":{"rendered":"Presentar\u00e1n en NY obra \u201cLas super maravillas de la Primada de Am\u00e9rica\u201d y curso Relaciones Internacionales, Diplomacia y Asuntos Consulares"},"content":{"rendered":"\n<p><strong>Por Ram\u00f3n Mercedes<\/strong><\/p>\n\n\n\n<p><strong>NUEVA YORK.-<\/strong>&nbsp;La obra \u201cLas super maravillas de la Primada de Am\u00e9rica\u201d, de la autor\u00eda del reconocido intelectual dominicano Iv\u00e1n Gat\u00f3n, y la apertura del curso \u201cRelaciones Internacionales, Diplomacia y Asuntos Consulares, ser\u00e1 impartido por el mismo geopol\u00edtico a partir de la pr\u00f3xima semana.<\/p>\n\n\n\n<p>Ambos eventos ser\u00e1n presentados en la Iglesia Presbiteriana de Fort George, ubicada en el 1525 de la avenida Saint Nicholas, con la calle 186, en el Alto Manhattan.<\/p>\n\n\n\n<p>El pr\u00f3ximo viernes 14, a partir de las 7:00 de la noche, se pondr\u00e1 en circulaci\u00f3n la obra \u201cLas super maravillas de la Primada de Am\u00e9rica\u201d, un c\u00f3mic que comprende el relato de la historia de la isla caribe\u00f1a conocida como La Espa\u00f1ola, hoy territorios de Hait\u00ed y RD.<\/p>\n\n\n\n<p>Con su obra, el autor busca divulgar, dar a conocer los hitos y los hechos hist\u00f3ricos que sucedieron en la isla y que cambiaron, en muchos sentidos, el devenir de la historia global.<\/p>\n\n\n\n<p>Mientras, el curso de Diplomacia que impartir\u00e1 el intelectual, considerado uno de los dominicanos con mayor conocimiento en diplomacia en la RD y el \u00e1rea del Caribe, ser\u00e1 entre los d\u00edas 15 del presente mes al 10 de agosto pr\u00f3ximo, los lunes y mi\u00e9rcoles, entre las 7:00 y 9:00 de la noche, de manera semi-presencial.<\/p>\n\n\n\n<p>Para m\u00e1s informaci\u00f3n contactar a Aris Lico a los tel\u00e9fonos 646-500-1504 y 929-541-4673 y a trav\u00e9s de&nbsp;<a href=\"mailto:arislico02@gmail.com\" rel=\"noreferrer noopener\" target=\"_blank\">arislico02@gmail.com<\/a><\/p>\n","protected":false},"excerpt":{"rendered":"<p>Por Ram\u00f3n Mercedes NUEVA YORK.-&nbsp;La obra \u201cLas super maravillas de la Primada de Am\u00e9rica\u201d, de la autor\u00eda del reconocido intelectual dominicano Iv\u00e1n Gat\u00f3n, y la apertura del curso \u201cRelaciones Internacionales, Diplomacia y Asuntos Consulares, ser\u00e1 impartido por el mismo geopol\u00edtico a partir de la pr\u00f3xima semana. Ambos eventos ser\u00e1n presentados en la Iglesia Presbiteriana de [&hellip;]<\/p>\n","protected":false},"author":28,"featured_media":535788,"comment_status":"closed","ping_status":"closed","sticky":false,"template":"","format":"standard","meta":{"footnotes":""},"categories":[21,25],"tags":[],"class_list":["post-535787","post","type-post","status-publish","format-standard","has-post-thumbnail","hentry","category-cultura","category-gente"],"_links":{"self":[{"href":"https:\/\/diariodominicano.com\/index.php?rest_route=\/wp\/v2\/posts\/535787","targetHints":{"allow":["GET"]}}],"collection":[{"href":"https:\/\/diariodominicano.com\/index.php?rest_route=\/wp\/v2\/posts"}],"about":[{"href":"https:\/\/diariodominicano.com\/index.php?rest_route=\/wp\/v2\/types\/post"}],"author":[{"embeddable":true,"href":"https:\/\/diariodominicano.com\/index.php?rest_route=\/wp\/v2\/users\/28"}],"replies":[{"embeddable":true,"href":"https:\/\/diariodominicano.com\/index.php?rest_route=%2Fwp%2Fv2%2Fcomments&post=535787"}],"version-history":[{"count":1,"href":"https:\/\/diariodominicano.com\/index.php?rest_route=\/wp\/v2\/posts\/535787\/revisions"}],"predecessor-version":[{"id":535789,"href":"https:\/\/diariodominicano.com\/index.php?rest_route=\/wp\/v2\/posts\/535787\/revisions\/535789"}],"wp:featuredmedia":[{"embeddable":true,"href":"https:\/\/diariodominicano.com\/index.php?rest_route=\/wp\/v2\/media\/535788"}],"wp:attachment":[{"href":"https:\/\/diariodominicano.com\/index.php?rest_route=%2Fwp%2Fv2%2Fmedia&parent=535787"}],"wp:term":[{"taxonomy":"category","embeddable":true,"href":"https:\/\/diariodominicano.com\/index.php?rest_route=%2Fwp%2Fv2%2Fcategories&post=535787"},{"taxonomy":"post_tag","embeddable":true,"href":"https:\/\/diariodominicano.com\/index.php?rest_route=%2Fwp%2Fv2%2Ftags&post=535787"}],"curies":[{"name":"wp","href":"https:\/\/api.w.org\/{rel}","templated":true}]}}