{"id":53573,"date":"2020-05-25T01:39:04","date_gmt":"2020-05-25T01:39:04","guid":{"rendered":"http:\/\/diariodominicano.ddns.net\/?p=53573"},"modified":"2020-05-25T01:39:04","modified_gmt":"2020-05-25T01:39:04","slug":"nace-francisco-gregorio-billini","status":"publish","type":"post","link":"https:\/\/diariodominicano.com\/?p=53573","title":{"rendered":"Nace Francisco Gregorio Billini&#13;"},"content":{"rendered":"<p><body><\/p>\n<p><img decoding=\"async\" src=\"img3\/goyito billini.jpg\" \/>  <\/p>\n<p><strong>Diariodominicano.com<\/strong><\/p>\n<p><strong>Nace Francisco Gregorio Billini<\/strong><\/p>\n<p><strong>Es el autor de Engracia y Anto\u00f1ita (Ban\u00ed), la primera narraci\u00f3n costumbrista de la Rep\u00fablica Dominicana.  Su entorno es el paisaje de Ban\u00ed.<\/strong><\/p>\n<p><strong>Por H\u00e9ctor Tineo N0lasco<\/strong><\/p>\n<p><strong>Diariodominicano.com<\/strong><\/p>\n<p><strong>SANTO DOMINGO, el  25 de Mayo de 1844,<\/strong> naci\u00f3 en la ciudad de Santo Domingo, Francisco Gregorio Billini, quien se distingui\u00f3 como educador, pol\u00edtico y escritor.<\/p>\n<\/p>\n<p>    Es el autor de Engracia y Anto\u00f1ita (Ban\u00ed), la primera narraci\u00f3n costumbrista de la Rep\u00fablica Dominicana.  Su entorno es el paisaje de Ban\u00ed.<\/p>\n<\/p>\n<p>    De  joven Francisco Gregorio Billini, se distingui\u00f3  como exponente del pensamiento liberal.<\/p>\n<\/p>\n<p>     El 1 de septiembre de 1884, fue juramentado  como presidente de la Rep\u00fablica, al ser declarado ganador de unas elecciones que el pr\u00f3cer Gregorio Luper\u00f3n calific\u00f3 de fraudulentas.<\/p>\n<\/p>\n<p>    Billini  lleg\u00f3 al poder con su compa\u00f1ero de boleta Alejandro Woss y G\u00edl.  Eran respaldados  por el ex presidente  Ulises  (Lil\u00eds) Heureaux.<\/p>\n<\/p>\n<p>    El pr\u00f3cer Gregorio Luper\u00f3n, al tratar el tema  sostuvo  que las elecciones de 1884, fueron ganadas por el binomio Segundo Imbert-Casimiro de Moya, pero Lil\u00eds Heureaux, que conoc\u00eda como se hac\u00edan los fraudes, \u00abviol\u00f3 groseramente la ley, metiendo 15 mil votos en las urnas, y el Congreso poco avisado, proclam\u00f3 la candidatura  de Billini y G\u00edl\u00bb.<\/p>\n<\/p>\n<p>A Francisco Gregorio Billini le toc\u00f3 un per\u00edodo de Gobierno muy dif\u00edcil, ya que los miembros del Partido Azul, considerados m\u00e1s liberales, hac\u00edan m\u00faltiples presiones, porque trataban de  evitar que siguiera creciendo el poder pol\u00edtico y militar del general Heureaux.<\/p>\n<\/p>\n<p>   En esa circunstancia el  general Gregorio Luper\u00f3n, l\u00edder del Partido Azul, amenaz\u00f3 al Presidente Billini  con levantar una revoluci\u00f3n para derrocarlo. <\/p>\n<\/p>\n<p>   De su lado, Heureaux, quer\u00eda dirigir el Gobierno desde su Ministerio de Guerra y Marina. Ante esa situaci\u00f3n,  el Presidente Francisco Gregorio Billini renunci\u00f3 el 16 de Mayo de 1885 y entreg\u00f3 el Gobierno al Vicepresidente Alejandro Woss y G\u00edl.<\/p>\n<\/p>\n<h6> 2020-05-25 01:39:04 <\/h6>\n<p><!--\n<link rel=\"stylesheet\" href=\"css\/bootstrap.min.css\">\n\n\n<ul class=\"pagination\">\n\t    \n\t\n\n<li >\n\t<a href='?page_no=579'>Previous<\/a>\n\t<\/li>\n\n\n       \n    \n\n<li><a href='?page_no=1'>1<\/a><\/li>\n\n\n\n<li><a href='?page_no=2'>2<\/a><\/li>\n\n\n\n<li><a>...<\/a><\/li>\n\n\n\n<li><a href='?page_no=578'>578<\/a><\/li>\n\n\n\n<li><a href='?page_no=579'>579<\/a><\/li>\n\n\n\n<li class='active'><a>580<\/a><\/li>\n\n\n\n<li><a href='?page_no=581'>581<\/a><\/li>\n\n\n\n<li><a href='?page_no=582'>582<\/a><\/li>\n\n\n\n<li><a>...<\/a><\/li>\n\n\n\n<li><a href='?page_no=22911'>22911<\/a><\/li>\n\n\n\n<li><a href='?page_no=22912'>22912<\/a><\/li>\n\n    \n\t\n\n<li >\n\t<a href='?page_no=581'>Next<\/a>\n\t<\/li>\n\n\n    \n\n<li><a href='?page_no=22912'>Last &rsaquo;&rsaquo;<\/a><\/li>\n\n<\/ul>\n\n\n--><br \/>\n<\/body><\/p>\n","protected":false},"excerpt":{"rendered":"<p>Diariodominicano.com Nace Francisco Gregorio Billini Es el autor de Engracia y Anto\u00f1ita (Ban\u00ed), la primera narraci\u00f3n costumbrista de la Rep\u00fablica Dominicana. Su entorno es el paisaje de Ban\u00ed. Por H\u00e9ctor Tineo N0lasco Diariodominicano.com SANTO DOMINGO, el 25 de Mayo de 1844, naci\u00f3 en la ciudad de Santo Domingo, Francisco Gregorio Billini, quien se distingui\u00f3 como [&hellip;]<\/p>\n","protected":false},"author":3,"featured_media":0,"comment_status":"open","ping_status":"open","sticky":false,"template":"","format":"standard","meta":{"footnotes":""},"categories":[21],"tags":[],"class_list":["post-53573","post","type-post","status-publish","format-standard","hentry","category-cultura"],"_links":{"self":[{"href":"https:\/\/diariodominicano.com\/index.php?rest_route=\/wp\/v2\/posts\/53573","targetHints":{"allow":["GET"]}}],"collection":[{"href":"https:\/\/diariodominicano.com\/index.php?rest_route=\/wp\/v2\/posts"}],"about":[{"href":"https:\/\/diariodominicano.com\/index.php?rest_route=\/wp\/v2\/types\/post"}],"author":[{"embeddable":true,"href":"https:\/\/diariodominicano.com\/index.php?rest_route=\/wp\/v2\/users\/3"}],"replies":[{"embeddable":true,"href":"https:\/\/diariodominicano.com\/index.php?rest_route=%2Fwp%2Fv2%2Fcomments&post=53573"}],"version-history":[{"count":0,"href":"https:\/\/diariodominicano.com\/index.php?rest_route=\/wp\/v2\/posts\/53573\/revisions"}],"wp:attachment":[{"href":"https:\/\/diariodominicano.com\/index.php?rest_route=%2Fwp%2Fv2%2Fmedia&parent=53573"}],"wp:term":[{"taxonomy":"category","embeddable":true,"href":"https:\/\/diariodominicano.com\/index.php?rest_route=%2Fwp%2Fv2%2Fcategories&post=53573"},{"taxonomy":"post_tag","embeddable":true,"href":"https:\/\/diariodominicano.com\/index.php?rest_route=%2Fwp%2Fv2%2Ftags&post=53573"}],"curies":[{"name":"wp","href":"https:\/\/api.w.org\/{rel}","templated":true}]}}