{"id":53572,"date":"2020-11-13T08:20:23","date_gmt":"2020-11-13T08:20:23","guid":{"rendered":"http:\/\/diariodominicano.ddns.net\/?p=53572"},"modified":"2020-11-13T08:20:23","modified_gmt":"2020-11-13T08:20:23","slug":"fallece-ramon-emilio-jimenez-3","status":"publish","type":"post","link":"https:\/\/diariodominicano.com\/?p=53572","title":{"rendered":"Fallece Ram\u00f3n Emilio Jim\u00e9nez&#13;"},"content":{"rendered":"<p><body><\/p>\n<p><img decoding=\"async\" src=\"img3\/Ramonemilio.jpg\" \/>  <\/p>\n<p><strong>Diariodominicano.com<\/strong><\/p>\n<p><strong>Fallece Ram\u00f3n Emilio Jim\u00e9nez<\/strong><\/p>\n<p>Entre sus obras figura \u00abAmor al Boh\u00edo\u00bb, en dos vol\u00famenes, en la que public\u00f3 todos sus art\u00edculos sobre costumbres dominicanas.<\/p>\n<p><strong>   SANTO DOMINGO, el  13 de noviembre de 1971, falleci\u00f3<\/strong> en la ciudad de Santo Domingo, el escritor y educador Ram\u00f3n Emilio Jim\u00e9nez. Hab\u00eda nacido en Santiago de los Caballeros el 17 de Septiembre de 1886. All\u00ed curs\u00f3 sus  estudios Primarios y secundarios.<\/p>\n<\/p>\n<p>     Entre sus obras figura \u00abAmor al Boh\u00edo\u00bb, en dos vol\u00famenes, en la que public\u00f3 todos sus art\u00edculos sobre costumbres dominicanas.<\/p>\n<\/p>\n<p>      Ram\u00f3n Emilio Jim\u00e9nez se destac\u00f3 como periodista, educador y un colaborador de la prensa diaria.<\/p>\n<\/p>\n<p>      En opini\u00f3n de Joaqu\u00edn Balaguer, Ram\u00f3n Emilio Jim\u00e9nez escribi\u00f3 los cantos escolares m\u00e1s bellos y las poes\u00edas de \u00edndole educativo-moral m\u00e1s inspiradas del parnaso dominicano.<\/p>\n<\/p>\n<p>     \u00abLas poes\u00edas coleccionadas en ?La Patria en la canci\u00f3n?, no est\u00e1n escritas con pluma de institutor, sino de poeta dotado de f\u00e9rtil sensibilidad.<\/p>\n<p>    \u00abOtras composiciones de Ram\u00f3n Emilio Jim\u00e9nez, como la titulada  la ?Lecci\u00f3n del \u00e1rbol?, en las cuales la intenci\u00f3n moral y educativa es la nota de mayor relieve, pueden figurar como p\u00e1ginas de antolog\u00eda, entre los mejores versos de su g\u00e9nero que se han compuesto en lengua castellana.<\/p>\n<p>    \u00abRam\u00f3n Emilio Jim\u00e9nez es tambi\u00e9n de notables poes\u00edas er\u00f3ticas y de poemas breves, como \u00abLa Casa de Fila? y como \u00abMis dos madres muertas?, en las que el verso libre alcanza un grado de intensa emotividad, y en los que abundan las im\u00e1genes originales y los aciertos descriptivos\u00bb.<\/p>\n<p>    Margarita Vallejo de Paredes al comentar los aportes de Ram\u00f3n Emilio Jim\u00e9nez estima: <\/p>\n<p>    \u00abSu poes\u00eda, ligada al hombre y a la tierra, es el resultado de la espiritual fusi\u00f3n del mundo f\u00edsico que la encuadra y del mundo interior del poeta.<\/p>\n<p>    \u00abPor eso, al traducir los sentimientos de la vida criolla, proyecta sobre ella la dimensi\u00f3n humana de su poes\u00eda. La angustia del hombre inspira la poes\u00eda de Ram\u00f3n Emilio Jim\u00e9nez; pero en sus poemas palpita  una no menos angustiada inquietud renovadora.<\/p>\n<p>     \u00abSu estilo es m\u00e1s reflexivo que intuitivo y tiende a la sencillez y a la claridad por medio de una adjetivaci\u00f3n directa y llana. Sus poemas, especialmente, est\u00e1n dotados de una extraordinaria intensidad espiritual\u00bb.<\/p>\n<p>     Ram\u00f3n Emilio Jim\u00e9nez hab\u00eda nacido en la ciudad de Santiago de los Caballeros el 16 de diciembre de 1886.<\/p>\n<\/p>\n<p>Del escritor<\/p>\n<\/p>\n<p>Se gradu\u00f3 de Bachiller en Ciencias y letras en la Escuela Normal de  Emilio Prud Homme, en Santiago.<\/p>\n<\/p>\n<p>Entre las funciones que desempe\u00f1\u00f3 se destacan: Superintendente de Educaci\u00f3n del departamento Norte, inspector de Instrucci\u00f3n P\u00fablica y Secretario de Educaci\u00f3n. <\/p>\n<\/p>\n<p>Entre las obras de Jim\u00e9nez figuran  Del Lenguaje Dominicano, Naturaleza y Hombre, El Patriotismo y la Escuela, Espigas Sueltas, Savia Dominicana, Amor de Bohio. \u00abLa Patria en la Canci\u00f3n\u00bb. <\/p>\n<\/p>\n<\/p>\n<h6> 2020-11-13 08:20:23 <\/h6>\n<p><!--\n<link rel=\"stylesheet\" href=\"css\/bootstrap.min.css\">\n\n\n<ul class=\"pagination\">\n\t    \n\t\n\n<li >\n\t<a href='?page_no=57'>Previous<\/a>\n\t<\/li>\n\n\n       \n    \n\n<li><a href='?page_no=1'>1<\/a><\/li>\n\n\n\n<li><a href='?page_no=2'>2<\/a><\/li>\n\n\n\n<li><a>...<\/a><\/li>\n\n\n\n<li><a href='?page_no=56'>56<\/a><\/li>\n\n\n\n<li><a href='?page_no=57'>57<\/a><\/li>\n\n\n\n<li class='active'><a>58<\/a><\/li>\n\n\n\n<li><a href='?page_no=59'>59<\/a><\/li>\n\n\n\n<li><a href='?page_no=60'>60<\/a><\/li>\n\n\n\n<li><a>...<\/a><\/li>\n\n\n\n<li><a href='?page_no=22911'>22911<\/a><\/li>\n\n\n\n<li><a href='?page_no=22912'>22912<\/a><\/li>\n\n    \n\t\n\n<li >\n\t<a href='?page_no=59'>Next<\/a>\n\t<\/li>\n\n\n    \n\n<li><a href='?page_no=22912'>Last &rsaquo;&rsaquo;<\/a><\/li>\n\n<\/ul>\n\n\n--><br \/>\n<\/body><\/p>\n","protected":false},"excerpt":{"rendered":"<p>Diariodominicano.com Fallece Ram\u00f3n Emilio Jim\u00e9nez Entre sus obras figura \u00abAmor al Boh\u00edo\u00bb, en dos vol\u00famenes, en la que public\u00f3 todos sus art\u00edculos sobre costumbres dominicanas. SANTO DOMINGO, el 13 de noviembre de 1971, falleci\u00f3 en la ciudad de Santo Domingo, el escritor y educador Ram\u00f3n Emilio Jim\u00e9nez. Hab\u00eda nacido en Santiago de los Caballeros el [&hellip;]<\/p>\n","protected":false},"author":3,"featured_media":0,"comment_status":"open","ping_status":"open","sticky":false,"template":"","format":"standard","meta":{"footnotes":""},"categories":[21],"tags":[],"class_list":["post-53572","post","type-post","status-publish","format-standard","hentry","category-cultura"],"_links":{"self":[{"href":"https:\/\/diariodominicano.com\/index.php?rest_route=\/wp\/v2\/posts\/53572","targetHints":{"allow":["GET"]}}],"collection":[{"href":"https:\/\/diariodominicano.com\/index.php?rest_route=\/wp\/v2\/posts"}],"about":[{"href":"https:\/\/diariodominicano.com\/index.php?rest_route=\/wp\/v2\/types\/post"}],"author":[{"embeddable":true,"href":"https:\/\/diariodominicano.com\/index.php?rest_route=\/wp\/v2\/users\/3"}],"replies":[{"embeddable":true,"href":"https:\/\/diariodominicano.com\/index.php?rest_route=%2Fwp%2Fv2%2Fcomments&post=53572"}],"version-history":[{"count":0,"href":"https:\/\/diariodominicano.com\/index.php?rest_route=\/wp\/v2\/posts\/53572\/revisions"}],"wp:attachment":[{"href":"https:\/\/diariodominicano.com\/index.php?rest_route=%2Fwp%2Fv2%2Fmedia&parent=53572"}],"wp:term":[{"taxonomy":"category","embeddable":true,"href":"https:\/\/diariodominicano.com\/index.php?rest_route=%2Fwp%2Fv2%2Fcategories&post=53572"},{"taxonomy":"post_tag","embeddable":true,"href":"https:\/\/diariodominicano.com\/index.php?rest_route=%2Fwp%2Fv2%2Ftags&post=53572"}],"curies":[{"name":"wp","href":"https:\/\/api.w.org\/{rel}","templated":true}]}}