{"id":535680,"date":"2024-06-06T11:07:11","date_gmt":"2024-06-06T15:07:11","guid":{"rendered":"https:\/\/diariodominicano.com\/?p=535680"},"modified":"2024-06-06T11:07:16","modified_gmt":"2024-06-06T15:07:16","slug":"la-unam-entregara-la-catedra-maestro-ricardo-torres-gaitan-2024-al-secretario-ejecutivo-de-la-cepal","status":"publish","type":"post","link":"https:\/\/diariodominicano.com\/?p=535680","title":{"rendered":"La UNAM entregar\u00e1 la C\u00e1tedra Maestro Ricardo Torres Gait\u00e1n 2024 al Secretario Ejecutivo de la CEPAL"},"content":{"rendered":"\n<figure class=\"wp-block-table\"><table><tbody><tr><td><strong>Altas autoridades de la Universidad Nacional Aut\u00f3noma de M\u00e9xico (UNAM) y del Instituto de Investigaciones Econ\u00f3micas de esa casa de estudios reconocer\u00e1n la trayectoria y aportes a las pol\u00edticas de desarrollo de Jos\u00e9 Manuel Salazar-Xirinachs.<\/strong><\/td><\/tr><tr><td><\/td><\/tr><tr><td>Santiago, Chile<strong>, 6 de junio, 2024<\/strong>.- \u00a0El Secretario Ejecutivo de la CEPAL, Jos\u00e9 Manuel Salazar-Xirinachs, recibir\u00e1 ma\u00f1ana viernes 7 de junio la C\u00e1tedra Maestro Ricardo Torres Gait\u00e1n 2024 que el Instituto de Investigaciones Econ\u00f3micas (IIEc) de la Universidad Nacional Aut\u00f3noma de M\u00e9xico (UNAM) otorga anualmente a lo m\u00e1s destacado en el \u00e1mbito econ\u00f3mico del mundo.<br><br><br>La CEPAL  invita a presenciar la entrega de la C\u00e1tedra y, posteriormente, la Conferencia Magistral\u00a0<em>\u201cRepensar, reimaginar, transformar: los \u201cqu\u00e9\u201d y los \u201cc\u00f3mo\u201d para avanzar hacia un modelo de desarrollo m\u00e1s productivo, inclusivo y sostenible\u201d<\/em>\u00a0que el Secretario Ejecutivo dictar\u00e1 ante la comunidad universitaria. <br><br>En la misma ocasi\u00f3n, se anunciar\u00e1n las bases para el\u00a0<em>Premio Internacional de Investigaci\u00f3n en Desarrollo Econ\u00f3mico Juan F. Noyola<\/em>\u00a0que promueven la CEPAL y la UNAM.<br><br>ECLAC-CEPALINFORMA<br><a href=\"mailto:CEPALINFORMA@cepal.org\" target=\"_blank\" rel=\"noreferrer noopener\">CEPALINFORMA@cepal.org<\/a><\/td><\/tr><\/tbody><\/table><\/figure>\n","protected":false},"excerpt":{"rendered":"<p>Altas autoridades de la Universidad Nacional Aut\u00f3noma de M\u00e9xico (UNAM) y del Instituto de Investigaciones Econ\u00f3micas de esa casa de estudios reconocer\u00e1n la trayectoria y aportes a las pol\u00edticas de desarrollo de Jos\u00e9 Manuel Salazar-Xirinachs. Santiago, Chile, 6 de junio, 2024.- \u00a0El Secretario Ejecutivo de la CEPAL, Jos\u00e9 Manuel Salazar-Xirinachs, recibir\u00e1 ma\u00f1ana viernes 7 de [&hellip;]<\/p>\n","protected":false},"author":28,"featured_media":535681,"comment_status":"closed","ping_status":"closed","sticky":false,"template":"","format":"standard","meta":{"footnotes":""},"categories":[36,18,24],"tags":[],"class_list":["post-535680","post","type-post","status-publish","format-standard","has-post-thumbnail","hentry","category-hombresmujeresycosas","category-economia","category-justicia-y-derecho"],"_links":{"self":[{"href":"https:\/\/diariodominicano.com\/index.php?rest_route=\/wp\/v2\/posts\/535680","targetHints":{"allow":["GET"]}}],"collection":[{"href":"https:\/\/diariodominicano.com\/index.php?rest_route=\/wp\/v2\/posts"}],"about":[{"href":"https:\/\/diariodominicano.com\/index.php?rest_route=\/wp\/v2\/types\/post"}],"author":[{"embeddable":true,"href":"https:\/\/diariodominicano.com\/index.php?rest_route=\/wp\/v2\/users\/28"}],"replies":[{"embeddable":true,"href":"https:\/\/diariodominicano.com\/index.php?rest_route=%2Fwp%2Fv2%2Fcomments&post=535680"}],"version-history":[{"count":1,"href":"https:\/\/diariodominicano.com\/index.php?rest_route=\/wp\/v2\/posts\/535680\/revisions"}],"predecessor-version":[{"id":535682,"href":"https:\/\/diariodominicano.com\/index.php?rest_route=\/wp\/v2\/posts\/535680\/revisions\/535682"}],"wp:featuredmedia":[{"embeddable":true,"href":"https:\/\/diariodominicano.com\/index.php?rest_route=\/wp\/v2\/media\/535681"}],"wp:attachment":[{"href":"https:\/\/diariodominicano.com\/index.php?rest_route=%2Fwp%2Fv2%2Fmedia&parent=535680"}],"wp:term":[{"taxonomy":"category","embeddable":true,"href":"https:\/\/diariodominicano.com\/index.php?rest_route=%2Fwp%2Fv2%2Fcategories&post=535680"},{"taxonomy":"post_tag","embeddable":true,"href":"https:\/\/diariodominicano.com\/index.php?rest_route=%2Fwp%2Fv2%2Ftags&post=535680"}],"curies":[{"name":"wp","href":"https:\/\/api.w.org\/{rel}","templated":true}]}}