{"id":535645,"date":"2024-06-06T10:24:06","date_gmt":"2024-06-06T14:24:06","guid":{"rendered":"https:\/\/diariodominicano.com\/?p=535645"},"modified":"2024-06-06T10:25:01","modified_gmt":"2024-06-06T14:25:01","slug":"el-sol-sale-sobre-las-playas-de-normandia-en-el-80-aniversario-del-dia-d","status":"publish","type":"post","link":"https:\/\/diariodominicano.com\/?p=535645","title":{"rendered":"El sol sale sobre las playas de Normand\u00eda en el 80 aniversario del D\u00eda D"},"content":{"rendered":"\n<p>junio 06, 2024<\/p>\n\n\n\n<ul class=\"wp-block-list\">\n<li><a href=\"https:\/\/www.vozdeamerica.com\/author\/associated-press\/v_kyr\">Associated Press<\/a><\/li>\n<\/ul>\n\n\n\n<hr class=\"wp-block-separator has-alpha-channel-opacity\"\/>\n\n\n\n<figure class=\"wp-block-image\"><img decoding=\"async\" src=\"https:\/\/gdb.voanews.com\/01000000-0aff-0242-560e-08dc86137f4f_w1023_r1_s.jpg\" alt=\"Christophe Receveur, de Francia, despliega una bandera estadounidense que compr\u00f3 hace seis meses en Gettysburg, Pensilvania, para conmemorar el D\u00eda D, el jueves 6 de junio de 2024 en Utah Beach, Normand\u00eda.\"\/><figcaption class=\"wp-element-caption\">Christophe Receveur, de Francia, despliega una bandera estadounidense que compr\u00f3 hace seis meses en Gettysburg, Pensilvania, para conmemorar el D\u00eda D, el jueves 6 de junio de 2024 en Utah Beach, Normand\u00eda.<\/figcaption><\/figure>\n\n\n\n<p><a href=\"https:\/\/www.vozdeamerica.com\/a\/el-sol-sale-sobre-las-playas-de-normand%C3%ADa-en-el-80-aniversario-del-dia-d\/7645098.html#comments\">&nbsp;Vea comentarios<\/a><\/p>\n\n\n\n<p>\u00a0<\/p>\n\n\n\n<p>El sol ha vuelto a salir sobre las playas de Normand\u00eda, donde hace exactamente 80 a\u00f1os los soldados combatieron y murieron en el D\u00eda D. El jueves se celebran conmemoraciones por el aniversario, en un contexto de reanudaci\u00f3n de la guerra en Europa.<\/p>\n\n\n\n<p>PLAYA UTAH, FRANCIA \u2014&nbsp;<\/p>\n\n\n\n<p>Mientras se acerca el crep\u00fasculo de la generaci\u00f3n del D\u00eda D, el sol sali\u00f3 el jueves sobre las playas de Normand\u00eda donde los soldados lucharon y murieron hace exactamente 80 a\u00f1os, para iniciar los actos de aniversario en un contexto de nueva guerra en Europa, en esta ocasi\u00f3n en Ucrania.<\/p>\n\n\n\n<p>La cifra cada vez m\u00e1s peque\u00f1a de veteranos de la II Guerra Mundial que hacen el peregrinaje de vuelta a Francia, as\u00ed como la invasi\u00f3n rusa de plena escala en Ucrania, que acab\u00f3 con la esperanza de que la guerra no volviera a destruir ciudades y vidas en Europa, a\u00f1ad\u00edan emoci\u00f3n al aniversario de los desembarcos aliados el 6 de junio de 1944.<\/p>\n\n\n\n<p>Mientras veteranos ya centenarios repasaban los recuerdos de viejos camaradas enterrados en Normand\u00eda, la presencia del presidente de Ucrania, Volodymyr Zelenskyy, en los actos de recuerdo junto a otros l\u00edderes mundiales que respaldan la lucha ucraniana contra la invasi\u00f3n rusa \u2014como el presidente de Estados Unidos, Joe Biden\u2014 inevitablemente unir\u00e1 el jueves el doloroso pasado de la II Guerra Mundial con la contienda actual.<\/p>\n\n\n\n<p><a href=\"https:\/\/www.vozdeamerica.com\/a\/biden-visita-francia-mira-pasado-futuro-conflictos-globales-\/7644205.html\"><\/a><\/p>\n\n\n\n<p><a href=\"https:\/\/www.vozdeamerica.com\/a\/biden-visita-francia-mira-pasado-futuro-conflictos-globales-\/7644205.html\">TAMBI\u00c9N LEA<\/a><\/p>\n\n\n\n<h4 class=\"wp-block-heading\"><a href=\"https:\/\/www.vozdeamerica.com\/a\/biden-visita-francia-mira-pasado-futuro-conflictos-globales-\/7644205.html\">Biden en Francia, una visita que pone el foco en los conflictos armados del pasado y del futuro<\/a><\/h4>\n\n\n\n<p>El amanecer ocho d\u00e9cadas despu\u00e9s de que las tropas aliadas llegaran a la orilla bajo el fuego enemigo en cinco playas con nombres clave \u2014Utah, Omaha, Gold, Juno y Sword\u2014 dio inicio a una jornada de recuerdo de los pa\u00edses aliados que ahora apoyan juntos a Ucrania, y sin que Francia, la anfitriona, hubiera invitado a Rusia, otro aliado de la IIGM. Par\u00eds atribuy\u00f3 la falta de invitaci\u00f3n a la \u201cguerra de agresi\u00f3n contra Ucrania que se ha intensificado en las \u00faltimas semanas\u201d.<\/p>\n\n\n\n<p>El presidente de Francia, Emmanuel Macron, prometi\u00f3 el jueves a los veteranos que \u201cFrancia nunca olvidar\u00e1\u201d su batalla para liberar a Europa de los nazis.<\/p>\n\n\n\n<p>Se estima que los muertos y heridos en ambos bandos en Ucrania ascienden a cientos de miles, y los homenajes a los m\u00e1s de 4.400 muertos aliados en el D\u00eda D y muchos decenas de miles m\u00e1s, incluidos civiles franceses, en la consiguiente Batalla de Normand\u00eda, estaban envueltos en preocupaciones sobre que las lecciones de la II Guerra Mundial se est\u00e1n perdiendo.<\/p>\n\n\n\n<p>\u201cHay cosas por las que merece la pena luchar\u201d, dijo el veterano de la II Guerra Mundial Walter Stitt, que sirvi\u00f3 en divisiones de tanques y cumple 100 a\u00f1os en julio, durante una visita a la playa Omaha esta semana. \u201cAunque ojal\u00e1 hubiera otra forma de hacerlo que intentando matarse unos a otros\u201d.<\/p>\n\n\n\n<p>\u201cAprenderemos uno de estos d\u00edas, pero yo ya no estar\u00e9 aqu\u00ed\u00bb, dijo.<\/p>\n\n\n\n<figure class=\"wp-block-image\"><img decoding=\"async\" src=\"https:\/\/gdb.voanews.com\/01000000-0aff-0242-9725-08dc8613aa38_w650_r0_s.jpg\" alt=\"Una banda de gaitas toca durante una ceremonia en la playa de Utah, cerca de Saint-Martin-de-Vareville, Normand\u00eda, el jueves 6 de junio de 2024. (Foto AP\/Jeremias Gonzalez)\"\/><figcaption class=\"wp-element-caption\">Una banda de gaitas toca durante una ceremonia en la playa de Utah, cerca de Saint-Martin-de-Vareville, Normand\u00eda, el jueves 6 de junio de 2024. (Foto AP\/Jeremias Gonzalez)<\/figcaption><\/figure>\n\n\n\n<p>Conscientes de la inevitabilidad de que los grandes aniversarios del desembarco pronto se celebrar\u00e1n sin veteranos de la II Guerra Mundial, un gran n\u00famero de personas con uniformes y veh\u00edculos de la \u00e9poca, as\u00ed como turistas interesados en el espect\u00e1culo, han llenado Normand\u00eda para el 80 aniversario.<\/p>\n\n\n\n<p>El rey Carlos III y el primer ministro brit\u00e1nico, Rishi Sunak, ten\u00edan previsto participar en una ceremonia m\u00e1s tarde en honor de los soldados brit\u00e1nicos que tocaron tierra all\u00ed y en la playa Sword, mientras que el pr\u00edncipe Guillermo participar\u00eda en una ceremonia por las tropas canadienses que desembarcaron en la playa Juno, junto con el primer ministro canadiense, Justin Trudeau.<\/p>\n\n\n\n<p>Biden participar\u00eda en una ceremonia en el cementerio estadounidense, con vistas a la playa Omaha.<\/p>\n\n\n\n<p>Entre los que viajaron a Normand\u00eda hab\u00eda algunas de las millones de mujeres que construyeron bombarderos, tanques y otro armamento, y que jugaron otros papeles vitales en la II Guerra Mundial, que durante muchos a\u00f1os quedaron en un segundo plano tras las haza\u00f1as de combate de los hombres.<\/p>\n\n\n\n<p>\u201cNo lo hac\u00edamos por honores y premios. Lo hac\u00edamos para salvar nuestro pa\u00eds. Y terminamos salvando el mundo\u201d, dijo Anna Mae Krier, de 98 a\u00f1os, que trabaj\u00f3 como remachadora para construir bombarderos B-17 y B-29.<\/p>\n\n\n\n<p>Homenajeados all\u00e1 donde iban, algunos con sillas de ruedas y bastones, los veteranos aprovechaban para reiterar un mensaje que esperaban fuera eterno: Nunca olviden.<\/p>\n\n\n\n<p>\u201cSaber la cantidad de gente que muri\u00f3 aqu\u00ed es asombroso\u00bb, dijo Allan Chatwin, de 98 a\u00f1os, que sirvi\u00f3 en la Marina estadounidense en el Pac\u00edfico, durante una visita en Omaha, la playa con m\u00e1s muertos aliados del desembarco.<\/p>\n\n\n\n<p>R\u00e1pidamente agreg\u00f3: \u201cNo s\u00e9 si asombroso es la palabra\u201d.<\/p>\n","protected":false},"excerpt":{"rendered":"<p>junio 06, 2024 &nbsp;Vea comentarios \u00a0 El sol ha vuelto a salir sobre las playas de Normand\u00eda, donde hace exactamente 80 a\u00f1os los soldados combatieron y murieron en el D\u00eda D. El jueves se celebran conmemoraciones por el aniversario, en un contexto de reanudaci\u00f3n de la guerra en Europa. PLAYA UTAH, FRANCIA \u2014&nbsp; Mientras se [&hellip;]<\/p>\n","protected":false},"author":28,"featured_media":0,"comment_status":"closed","ping_status":"closed","sticky":true,"template":"","format":"standard","meta":{"footnotes":""},"categories":[36,26,23],"tags":[],"class_list":["post-535645","post","type-post","status-publish","format-standard","hentry","category-hombresmujeresycosas","category-efemerides","category-internacional"],"_links":{"self":[{"href":"https:\/\/diariodominicano.com\/index.php?rest_route=\/wp\/v2\/posts\/535645","targetHints":{"allow":["GET"]}}],"collection":[{"href":"https:\/\/diariodominicano.com\/index.php?rest_route=\/wp\/v2\/posts"}],"about":[{"href":"https:\/\/diariodominicano.com\/index.php?rest_route=\/wp\/v2\/types\/post"}],"author":[{"embeddable":true,"href":"https:\/\/diariodominicano.com\/index.php?rest_route=\/wp\/v2\/users\/28"}],"replies":[{"embeddable":true,"href":"https:\/\/diariodominicano.com\/index.php?rest_route=%2Fwp%2Fv2%2Fcomments&post=535645"}],"version-history":[{"count":2,"href":"https:\/\/diariodominicano.com\/index.php?rest_route=\/wp\/v2\/posts\/535645\/revisions"}],"predecessor-version":[{"id":535647,"href":"https:\/\/diariodominicano.com\/index.php?rest_route=\/wp\/v2\/posts\/535645\/revisions\/535647"}],"wp:attachment":[{"href":"https:\/\/diariodominicano.com\/index.php?rest_route=%2Fwp%2Fv2%2Fmedia&parent=535645"}],"wp:term":[{"taxonomy":"category","embeddable":true,"href":"https:\/\/diariodominicano.com\/index.php?rest_route=%2Fwp%2Fv2%2Fcategories&post=535645"},{"taxonomy":"post_tag","embeddable":true,"href":"https:\/\/diariodominicano.com\/index.php?rest_route=%2Fwp%2Fv2%2Ftags&post=535645"}],"curies":[{"name":"wp","href":"https:\/\/api.w.org\/{rel}","templated":true}]}}