{"id":53539,"date":"2020-05-26T00:45:30","date_gmt":"2020-05-26T00:45:30","guid":{"rendered":"http:\/\/diariodominicano.ddns.net\/?p=53539"},"modified":"2020-05-26T00:45:30","modified_gmt":"2020-05-26T00:45:30","slug":"santana-renuncia-a-la-presidencia-de-la-republica","status":"publish","type":"post","link":"https:\/\/diariodominicano.com\/?p=53539","title":{"rendered":"Santana renuncia a la Presidencia de la Rep\u00fablica"},"content":{"rendered":"<p><body><\/p>\n<p><img decoding=\"async\" src=\"img3\/General Pedro Santana.jpg\" \/>  <\/p>\n<p><strong>Pedro Santana renuncia a la Presidencia de la Rep\u00fablica Dominicana<\/strong><\/p>\n<p><strong> La presi\u00f3n pol\u00edtica  y el abandono de sus amigos, lo impulsaron a dejar la Presidencia.<\/strong><\/p>\n<p><strong>Por H\u00e9ctor Tineo Nolasco<\/strong><\/p>\n<p><strong>Diariodominicano.com<\/strong><\/p>\n<\/p>\n<p><strong>SANTO DOMINGO, el  26 de mayo de 1856<\/strong>, se produjo la renuncia del  Presidente de la Rep\u00fablica, general Pedro Santana, quien en ese momento hab\u00eda perdido el apoyo de algunos colaboradores y aliados.<\/p>\n<\/p>\n<p>    La presi\u00f3n pol\u00edtica  y el abandono de sus amigos, lo impulsaron a dejar la Presidencia.<\/p>\n<\/p>\n<p>En consecuencia, asumi\u00f3  la Presidencia de la Rep\u00fablica, el Vicepresidente  General Manuel de Regla  Mota,  quien con el pa\u00eds arruinado a causa de la reciente guerra con Hait\u00ed,  y de las emisiones monetarias  sin respaldo que se hab\u00edan autorizado  para financiarlas, cay\u00f3 en una crisis econ\u00f3mica.<\/p>\n<\/p>\n<p>     Ante esa situaci\u00f3n, el Presidente Manuel de Regla  Mota, entre sus primeras medidas  sac\u00f3 del Ej\u00e9rcito a una parte de los militares, porque  el Gobierno no ten\u00eda fondos para pagar los salarios.<\/p>\n<\/p>\n<p>    De esa manera, qued\u00f3 sin base militar. Esa realidad fue aprovechada por el c\u00f3nsul espa\u00f1ol   Antonio Mar\u00eda Segovia, quien se traslad\u00f3 a Saint Thomas para  expresarle apoyo al exiliado ex Presidente Buenaventura B\u00e1ez, para que retornara al poder.<\/p>\n<\/p>\n<p>     Antonio Mar\u00eda Segovia hab\u00eda llegado a la Rep\u00fablica Dominicana, el 27 de Diciembre de 1855, en el momento en que el pa\u00eds estaba en guerra contra Hait\u00ed, que cada cierto tiempo comet\u00eda agresiones contra el territorio dominicano.<\/p>\n<\/p>\n<p>      Desde el primer momento Antonio Mar\u00eda Segovia, intervino en los asuntos internos  de la Rep\u00fablica Dominicana para tratar de evitar que el Presidente Pedro Santana llegara a un acuerdo con Estados Unidos, para cederle alg\u00fan punto del territorio nacional, pues  se hablaba de que podr\u00edan quedarse con la Bah\u00eda de Saman\u00e1.<\/p>\n<\/p>\n<p>     Buenaventura B\u00e1ez  retorn\u00f3 al pa\u00eds y como fruto de un acuerdo con el Presidente Manuel de Regla Mota y sus aliados, fue nombrado vicepresidente para luego ejecutar la renuncia del Jefe del Estado y asumir el poder.<\/p>\n<\/p>\n<p>     Manuel de Regla Mota, como parte del acuerdo, declar\u00f3 una ley de amnist\u00eda para que adem\u00e1s de Buenaventura B\u00e1ez, regresar\u00eda  al pa\u00eds a todos sus seguidores que viv\u00edan en el exilio.<\/p>\n<\/p>\n<p>     En efecto, el 6 de Octubre de 1856, el Presidente Manuel de Regla Mota, renunci\u00f3 a la Presidencia y entreg\u00f3 el poder a Buenaventura B\u00e1ez. <\/p>\n<\/p>\n<h6> 2020-05-26 00:45:30 <\/h6>\n<p><!--\n<link rel=\"stylesheet\" href=\"css\/bootstrap.min.css\">\n\n\n<ul class=\"pagination\">\n\t    \n\t\n\n<li >\n\t<a href='?page_no=576'>Previous<\/a>\n\t<\/li>\n\n\n       \n    \n\n<li><a href='?page_no=1'>1<\/a><\/li>\n\n\n\n<li><a href='?page_no=2'>2<\/a><\/li>\n\n\n\n<li><a>...<\/a><\/li>\n\n\n\n<li><a href='?page_no=575'>575<\/a><\/li>\n\n\n\n<li><a href='?page_no=576'>576<\/a><\/li>\n\n\n\n<li class='active'><a>577<\/a><\/li>\n\n\n\n<li><a href='?page_no=578'>578<\/a><\/li>\n\n\n\n<li><a href='?page_no=579'>579<\/a><\/li>\n\n\n\n<li><a>...<\/a><\/li>\n\n\n\n<li><a href='?page_no=22911'>22911<\/a><\/li>\n\n\n\n<li><a href='?page_no=22912'>22912<\/a><\/li>\n\n    \n\t\n\n<li >\n\t<a href='?page_no=578'>Next<\/a>\n\t<\/li>\n\n\n    \n\n<li><a href='?page_no=22912'>Last &rsaquo;&rsaquo;<\/a><\/li>\n\n<\/ul>\n\n\n--><br \/>\n<\/body><\/p>\n","protected":false},"excerpt":{"rendered":"<p>Pedro Santana renuncia a la Presidencia de la Rep\u00fablica Dominicana La presi\u00f3n pol\u00edtica y el abandono de sus amigos, lo impulsaron a dejar la Presidencia. Por H\u00e9ctor Tineo Nolasco Diariodominicano.com SANTO DOMINGO, el 26 de mayo de 1856, se produjo la renuncia del Presidente de la Rep\u00fablica, general Pedro Santana, quien en ese momento hab\u00eda [&hellip;]<\/p>\n","protected":false},"author":3,"featured_media":0,"comment_status":"open","ping_status":"open","sticky":false,"template":"","format":"standard","meta":{"footnotes":""},"categories":[21],"tags":[],"class_list":["post-53539","post","type-post","status-publish","format-standard","hentry","category-cultura"],"_links":{"self":[{"href":"https:\/\/diariodominicano.com\/index.php?rest_route=\/wp\/v2\/posts\/53539","targetHints":{"allow":["GET"]}}],"collection":[{"href":"https:\/\/diariodominicano.com\/index.php?rest_route=\/wp\/v2\/posts"}],"about":[{"href":"https:\/\/diariodominicano.com\/index.php?rest_route=\/wp\/v2\/types\/post"}],"author":[{"embeddable":true,"href":"https:\/\/diariodominicano.com\/index.php?rest_route=\/wp\/v2\/users\/3"}],"replies":[{"embeddable":true,"href":"https:\/\/diariodominicano.com\/index.php?rest_route=%2Fwp%2Fv2%2Fcomments&post=53539"}],"version-history":[{"count":0,"href":"https:\/\/diariodominicano.com\/index.php?rest_route=\/wp\/v2\/posts\/53539\/revisions"}],"wp:attachment":[{"href":"https:\/\/diariodominicano.com\/index.php?rest_route=%2Fwp%2Fv2%2Fmedia&parent=53539"}],"wp:term":[{"taxonomy":"category","embeddable":true,"href":"https:\/\/diariodominicano.com\/index.php?rest_route=%2Fwp%2Fv2%2Fcategories&post=53539"},{"taxonomy":"post_tag","embeddable":true,"href":"https:\/\/diariodominicano.com\/index.php?rest_route=%2Fwp%2Fv2%2Ftags&post=53539"}],"curies":[{"name":"wp","href":"https:\/\/api.w.org\/{rel}","templated":true}]}}