{"id":535354,"date":"2024-06-05T09:33:11","date_gmt":"2024-06-05T13:33:11","guid":{"rendered":"https:\/\/diariodominicano.com\/?p=535354"},"modified":"2024-06-05T09:33:15","modified_gmt":"2024-06-05T13:33:15","slug":"biden-conmemorara-aniversario-del-dia-d-en-francia-mientras-alianzas-occidentales-enfrentan-amenazas","status":"publish","type":"post","link":"https:\/\/diariodominicano.com\/?p=535354","title":{"rendered":"Biden conmemorar\u00e1 aniversario del D\u00eda D en Francia mientras alianzas occidentales enfrentan amenazas"},"content":{"rendered":"\n<p>junio 05, 2024<\/p>\n\n\n\n<ul class=\"wp-block-list\">\n<li><a href=\"https:\/\/www.vozdeamerica.com\/author\/associated-press\/v_kyr\">Associated Press<\/a><\/li>\n<\/ul>\n\n\n\n<hr class=\"wp-block-separator has-alpha-channel-opacity\"\/>\n\n\n\n<figure class=\"wp-block-image\"><img decoding=\"async\" src=\"https:\/\/gdb.voanews.com\/d4e82542-226f-4bb0-82fd-f39df9d790cc_cx0_cy6_cw0_w1023_r1_s.jpg\" alt=\"El presidente Joe Biden habla con la embajadora de Estados Unidos en Francia, Denise Campbell Bauer, segunda desde la derecha, junto a una guardia de honor francesa despu\u00e9s de llegar al aeropuerto de Orly, al sur de Par\u00eds, el mi\u00e9rcoles 5 de junio de 2024.\"\/><figcaption class=\"wp-element-caption\">El presidente Joe Biden habla con la embajadora de Estados Unidos en Francia, Denise Campbell Bauer, segunda desde la derecha, junto a una guardia de honor francesa despu\u00e9s de llegar al aeropuerto de Orly, al sur de Par\u00eds, el mi\u00e9rcoles 5 de junio de 2024.<\/figcaption><\/figure>\n\n\n\n<p><a href=\"https:\/\/www.vozdeamerica.com\/a\/biden-conmemorara-80-aniversario-dia-d-francia-alianzas-occidentales-enfrentan-amenazas-\/7643479.html#comments\">&nbsp;Vea comentarios<\/a><\/p>\n\n\n\n<p>El presidente estadounidense Joe Biden llega a Francia para el 80 aniversario del D\u00eda D, donde se unir\u00e1 a otros l\u00edderes mundiales para conmemorar la invasi\u00f3n que ayud\u00f3 a poner fin a la Segunda Guerra Mundial.<\/p>\n\n\n\n<p>PAR\u00cdS \u2014&nbsp;<\/p>\n\n\n\n<p>El presidente de Estados Unidos, Joe Biden, conmemorar\u00e1 esta semana el 80 aniversario de la invasi\u00f3n del D\u00eda D en Francia, mientras intenta demostrar un firme apoyo a la seguridad europea en un momento en el que algunos aliados temen que Donald Trump amenace con poner en entredicho los compromisos estadounidenses si gana otro mandato en la Casa Blanca.<\/p>\n\n\n\n<p>El viaje se produce mientras contin\u00faan los combates m\u00e1s letales en el continente desde la Segunda Guerra Mundial en Ucrania y los pa\u00edses aliados luchan por encontrar formas de cambiar el rumbo contra Rusia, que recientemente ha ganado terreno en el campo de batalla. Tambi\u00e9n se produce en medio de las grietas cada vez m\u00e1s profundas entre Estados Unidos y muchos aliados europeos sobre c\u00f3mo gestionar la actual guerra entre Israel y Ham\u00e1s en Gaza.<\/p>\n\n\n\n<p><a href=\"https:\/\/www.vozdeamerica.com\/a\/desinformacion-rusa-apunta-juegos-olimpicos-paris-\/7641018.html\"><\/a><\/p>\n\n\n\n<p><a href=\"https:\/\/www.vozdeamerica.com\/a\/desinformacion-rusa-apunta-juegos-olimpicos-paris-\/7641018.html\">TAMBI\u00c9N LEA<\/a><\/p>\n\n\n\n<h4 class=\"wp-block-heading\"><a href=\"https:\/\/www.vozdeamerica.com\/a\/desinformacion-rusa-apunta-juegos-olimpicos-paris-\/7641018.html\">Una campa\u00f1a de desinformaci\u00f3n rusa apunta a los Juegos Ol\u00edmpicos de Par\u00eds, seg\u00fan Microsoft<\/a><\/h4>\n\n\n\n<p>Biden lleg\u00f3 a Par\u00eds el mi\u00e9rcoles por la ma\u00f1ana y fue recibido por funcionarios franceses y una guardia de honor. El jueves, visitar\u00e1 un terreno sagrado cerca de las playas de Normand\u00eda, donde hileras de l\u00e1pidas blancas marcan las tumbas de los soldados estadounidenses que murieron para poner fin a la Segunda Guerra Mundial. Biden tambi\u00e9n hablar\u00e1 el viernes en Pointe du Hoc, un lugar de la costa francesa donde los Rangers del ej\u00e9rcito escalaron acantilados costeros para superar las defensas nazis.<\/p>\n\n\n\n<p>El asesor de Seguridad Nacional de la Casa Blanca, Jake Sullivan, dijo a bordo del Air Force One camino a Francia que Biden enfatizar\u00e1 c\u00f3mo los hombres en esos acantilados \u00abpusieron al pa\u00eds por delante de ellos mismos\u00bb y detallar\u00e1 \u00ablos peligros del aislacionismo y c\u00f3mo, si apoyamos a los dictadores y no nos enfrentamos a ellos, seguir\u00e1n adelante y, en \u00faltima instancia, Estados Unidos y el mundo pagar\u00e1n un precio mayor\u00bb.<\/p>\n\n\n\n<p>\u00abOchenta a\u00f1os despu\u00e9s, vemos a los dictadores una vez m\u00e1s intentando desafiar el orden, intentando marchar en Europa\u00bb, dijo Sullivan, \u00aby que las naciones amantes de la libertad necesitan unirse para oponerse a eso, como lo hemos hecho nosotros\u00bb.<\/p>\n\n\n\n<p>Tambi\u00e9n dijo que Biden se reunir\u00e1 con el presidente ucraniano Volodymyr Zelenskyy en Francia para discutir \u00abc\u00f3mo podemos continuar y profundizar nuestro apoyo a Ucrania\u00bb.<\/p>\n\n\n\n<p>El s\u00e1bado, Biden y su esposa Jill ser\u00e1n honrados por el presidente franc\u00e9s Emmanuel Macron con una visita de Estado que incluir\u00e1 un desfile militar en Par\u00eds y un banquete en el Palacio del El\u00edseo, as\u00ed como sesiones de negocios en las que los l\u00edderes discutir\u00e1n el fortalecimiento de su alianza, comercio y cooperaci\u00f3n en materia de seguridad para los pr\u00f3ximos Juegos Ol\u00edmpicos.<\/p>\n\n\n\n<p>Tambi\u00e9n se espera que los dos l\u00edderes discutan sobre Medio Oriente. Biden ha invertido capital geopol\u00edtico en negociar un alto el fuego en la guerra entre Israel y Ham\u00e1s que permitir\u00eda la liberaci\u00f3n de rehenes, aunque ha mantenido su firme apoyo a Israel y se ha resistido a los esfuerzos europeos de reconocer un estado palestino o investigar a Israel por su manejo de la guerra.<\/p>\n","protected":false},"excerpt":{"rendered":"<p>junio 05, 2024 &nbsp;Vea comentarios El presidente estadounidense Joe Biden llega a Francia para el 80 aniversario del D\u00eda D, donde se unir\u00e1 a otros l\u00edderes mundiales para conmemorar la invasi\u00f3n que ayud\u00f3 a poner fin a la Segunda Guerra Mundial. PAR\u00cdS \u2014&nbsp; El presidente de Estados Unidos, Joe Biden, conmemorar\u00e1 esta semana el 80 [&hellip;]<\/p>\n","protected":false},"author":28,"featured_media":0,"comment_status":"closed","ping_status":"closed","sticky":false,"template":"","format":"standard","meta":{"footnotes":""},"categories":[26,23],"tags":[],"class_list":["post-535354","post","type-post","status-publish","format-standard","hentry","category-efemerides","category-internacional"],"_links":{"self":[{"href":"https:\/\/diariodominicano.com\/index.php?rest_route=\/wp\/v2\/posts\/535354","targetHints":{"allow":["GET"]}}],"collection":[{"href":"https:\/\/diariodominicano.com\/index.php?rest_route=\/wp\/v2\/posts"}],"about":[{"href":"https:\/\/diariodominicano.com\/index.php?rest_route=\/wp\/v2\/types\/post"}],"author":[{"embeddable":true,"href":"https:\/\/diariodominicano.com\/index.php?rest_route=\/wp\/v2\/users\/28"}],"replies":[{"embeddable":true,"href":"https:\/\/diariodominicano.com\/index.php?rest_route=%2Fwp%2Fv2%2Fcomments&post=535354"}],"version-history":[{"count":1,"href":"https:\/\/diariodominicano.com\/index.php?rest_route=\/wp\/v2\/posts\/535354\/revisions"}],"predecessor-version":[{"id":535355,"href":"https:\/\/diariodominicano.com\/index.php?rest_route=\/wp\/v2\/posts\/535354\/revisions\/535355"}],"wp:attachment":[{"href":"https:\/\/diariodominicano.com\/index.php?rest_route=%2Fwp%2Fv2%2Fmedia&parent=535354"}],"wp:term":[{"taxonomy":"category","embeddable":true,"href":"https:\/\/diariodominicano.com\/index.php?rest_route=%2Fwp%2Fv2%2Fcategories&post=535354"},{"taxonomy":"post_tag","embeddable":true,"href":"https:\/\/diariodominicano.com\/index.php?rest_route=%2Fwp%2Fv2%2Ftags&post=535354"}],"curies":[{"name":"wp","href":"https:\/\/api.w.org\/{rel}","templated":true}]}}