{"id":535321,"date":"2024-06-05T00:33:20","date_gmt":"2024-06-05T04:33:20","guid":{"rendered":"https:\/\/diariodominicano.com\/?p=535321"},"modified":"2024-06-05T00:36:17","modified_gmt":"2024-06-05T04:36:17","slug":"preocupa-al-instituto-duartiano-dilacion-internacional-ante-crisis-en-haiti","status":"publish","type":"post","link":"https:\/\/diariodominicano.com\/?p=535321","title":{"rendered":"Preocupa al Instituto Duartiano dilaci\u00f3n internacional ante crisis en Hait\u00ed"},"content":{"rendered":"\n<p>Directivos del Instituto Duartiano rinden tributo al patricio.<\/p>\n\n\n\n<p><em><strong>En una ofrenda floral por el 160 aniversario del fallecimiento Ram\u00f3n Mat\u00edas Mella, el presidente del organismo, Wilson G\u00f3mez Ram\u00edrez, reconoci\u00f3 en este singular h\u00e9roe un ejemplo de consagraci\u00f3n y entrega a favor de la patria.<\/strong><\/em><\/p>\n\n\n\n<figure class=\"wp-block-image size-large\"><img loading=\"lazy\" decoding=\"async\" width=\"1024\" height=\"683\" src=\"https:\/\/diariodominicano.com\/wp-content\/uploads\/2024\/06\/Foto-1-Directivos-del-Instituto-Duartiano-rinden-tributo-al-patricio-1024x683.jpg\" alt=\"\" class=\"wp-image-535324\" srcset=\"https:\/\/diariodominicano.com\/wp-content\/uploads\/2024\/06\/Foto-1-Directivos-del-Instituto-Duartiano-rinden-tributo-al-patricio-1024x683.jpg 1024w, https:\/\/diariodominicano.com\/wp-content\/uploads\/2024\/06\/Foto-1-Directivos-del-Instituto-Duartiano-rinden-tributo-al-patricio-300x200.jpg 300w, https:\/\/diariodominicano.com\/wp-content\/uploads\/2024\/06\/Foto-1-Directivos-del-Instituto-Duartiano-rinden-tributo-al-patricio-768x512.jpg 768w, https:\/\/diariodominicano.com\/wp-content\/uploads\/2024\/06\/Foto-1-Directivos-del-Instituto-Duartiano-rinden-tributo-al-patricio-1536x1024.jpg 1536w, https:\/\/diariodominicano.com\/wp-content\/uploads\/2024\/06\/Foto-1-Directivos-del-Instituto-Duartiano-rinden-tributo-al-patricio-2048x1366.jpg 2048w, https:\/\/diariodominicano.com\/wp-content\/uploads\/2024\/06\/Foto-1-Directivos-del-Instituto-Duartiano-rinden-tributo-al-patricio-816x544.jpg 816w\" sizes=\"auto, (max-width: 1024px) 100vw, 1024px\" \/><\/figure>\n\n\n\n<p><strong>Santo Domingo, Rep\u00fablica Dominicana.-<\/strong>&nbsp;El presidente del Instituto Duartiano, Wilson G\u00f3mez Ram\u00edrez, expres\u00f3 este martes su preocupaci\u00f3n por las continuas maniobras dilatorias de la comunidad internacional frente a la crisis en Hait\u00ed que, a pesar de los anuncios y acuerdos, nada concreto ocurre mientras las bandas armadas mantienen el control de ese territorio.<\/p>\n\n\n\n<p>\u201cLa situaci\u00f3n se agrava ante la reticencia de estas bandas a la anunciada misi\u00f3n armada de Kenia, acordada en marzo de este a\u00f1o con la Organizaci\u00f3n de las Nacionales Unidas (ONU)\u201d, explic\u00f3 G\u00f3mez Ram\u00edrez al intervenir en una ofrenda floral depositada en el Altar de la Patria, en ocasi\u00f3n de 160 aniversario del fallecimiento del patricio Ram\u00f3n Mat\u00edas Mella.<\/p>\n\n\n\n<p>Dijo que la crisis humanitaria en Hait\u00ed se ha intensificado dr\u00e1sticamente, en 2023 m\u00e1s de 4,800 personas fueron asesinadas, cerca de 1,750 resultaron heridas y se registraron alrededor de 2,500 secuestros, afirm\u00f3 el presidente del Instituto Duartiano, quien enfatiz\u00f3 que la tasa de homicidios en la vecina Naci\u00f3n se duplic\u00f3 respecto a 2022, alcanzando 41 homicidios por cada 100 mil habitantes, una de las m\u00e1s altas del mundo.<\/p>\n\n\n\n<p>\u201cEl despliegue de la misi\u00f3n de Kenia sufri\u00f3 importantes retrasos por acciones judiciales y a la lenta financiaci\u00f3n de Estados Unidos, Francia y Canad\u00e1, cuya misi\u00f3n multinacional liderada por Kenia, que incluye personal de Jamaica, Bahamas, Antigua y Barbuda, no llega a Hait\u00ed, generando dudas sobre su capacidad para enfrentar a las bandas criminales que dominan el pa\u00eds\u201d, agreg\u00f3 G\u00f3mez Ram\u00edrez.<\/p>\n\n\n\n<p>Manifest\u00f3 que en la frontera dominicana la situaci\u00f3n es tensa, se reportan constantes cruces ilegales de haitianos por diversos puntos como El Aguacate, Los Arroyos, Puerto Escondido y Mal Paso, en la provincia Independencia, as\u00ed como en Aguas Negras, Los Arroyos y Las Mercedes, en la provincia Pedernales; esto tambi\u00e9n ocurren en las demarcaciones de El\u00edas Pi\u00f1a y Dajab\u00f3n, lo que preocupa en t\u00e9rminos de seguridad y en la estabilidad nacional.<\/p>\n\n\n\n<p>\u201cMuchos haitianos deportados regresan a Rep\u00fablica Dominicana en menos de 48 horas, evidenciando las deficiencias en los mecanismos de control fronterizo\u201d, puntualiz\u00f3 al sugerir la aplicaci\u00f3n de un riguroso del registro biom\u00e9trico en todos los pasos fronterizos para proteger la seguridad nacional y prevenir el ingreso de individuos con perfiles sospechosos o pr\u00f3fugos de la justicia haitiana.<\/p>\n\n\n\n<p>Sostuvo que esa entidad tambi\u00e9n aboga por un mayor apoyo econ\u00f3mico, material y moral al Ministerio de Defensa y a la Direcci\u00f3n General de Migraci\u00f3n para que puedan defender la soberan\u00eda dominicana de manera eficaz, con la creaci\u00f3n de una infraestructura adecuada en cada provincia fronteriza, similar a la de la Base A\u00e9rea de San Isidro, para garantizar la dignidad y seguridad de los soldados, oficiales de migraci\u00f3n y sus familias.<\/p>\n\n\n\n<p>G\u00f3mez Ram\u00edrez llam\u00f3 a una gran ofensiva diplom\u00e1tica mundial, que se enfatice en la necesidad de presentar un contenido hist\u00f3rico veraz sobre las relaciones dominico-haitianas y de subrayar los leg\u00edtimos reclamos del pueblo dominicano basados en el Tratado de 1929.<\/p>\n\n\n\n<p><strong>Acto de recordaci\u00f3n a Ram\u00f3n Mat\u00edas Mella<\/strong><\/p>\n\n\n\n<p>El Instituto Duartiano rindi\u00f3 un sentido tributo de recordaci\u00f3n al pr\u00f3cer trinitario, independentista y restaurador, Ram\u00f3n Mat\u00edas Mella, con motivo de cumplirse este 4 de junio, el 160 aniversario de su fallecimiento en Santiago de los Caballeros, en el marco de las acciones de guerra restauradora contra la anexi\u00f3n a Espa\u00f1a, propiciada por el d\u00e9spota Pedro Santana, quien presid\u00eda la Rep\u00fablica.<\/p>\n\n\n\n<p>En la ofrenda floral, que cont\u00f3 con la asistencia de directivos y colaboradores del Instituto Duartiano, su presidente Wilson G\u00f3mez Ram\u00edrez destac\u00f3 que Mella fue un estratega militar de gran coraje y determinaci\u00f3n que supo colocarse a la altura de las circunstancias y, en ausencia de su l\u00edder y gu\u00eda Juan Pablo Duarte, asumi\u00f3 con entereza el juramento trinitario y trabaj\u00f3 de manera consagrada por la causa de la independencia.<\/p>\n\n\n\n<p>Resalt\u00f3 que Mella puso en evidencia su coraje e intrepidez cuando produjo el disparo heroico de su trabuco en la Puerta de la Misericordia, anunciando que estaban cumplidas las condiciones para proclamar la Independencia Nacional, participando activamente durante todo el proceso de consolidaci\u00f3n de la soberan\u00eda del pueblo dominicano.<\/p>\n\n\n\n<p>Explic\u00f3 que en la historia se recrea la visita que Duarte le hizo a Mella, estando este muy enfermo, en 1864, \u00f3sea veinte a\u00f1os despu\u00e9s de haberse separado, y Mella le pidi\u00f3 a Duarte que, ante la inminencia de su muerte, dispusiera que su cuerpo fue&nbsp;envuelto con la Bandera Nacional, como sudario, pedimento que arranc\u00f3 l\u00e1grimas a Duarte y se abrazaron por \u00faltima vez.<\/p>\n\n\n\n<p><strong>Sobre el Instituto Duartiano<\/strong><\/p>\n\n\n\n<p>Es un organismo de car\u00e1cter oficial y aut\u00f3nomo, fundado el 26 de enero de 1964, y la Ley n\u00famero 127-01, del 27 de julio de 2001. Tiene como objetivo promover la historia, los ideales, los valores y el ejemplo del patricio Juan Pablo Duarte.<\/p>\n\n\n\n<p>Es la instituci\u00f3n responsable de la difusi\u00f3n de la vida y los ejemplos del Padre de la Patria, as\u00ed como la gloriosa historia de los dominicanos. Tiene la misi\u00f3n de llevar al pueblo dominicano la historia de Juan Pablo Duarte y tratar de que, por medio del conocimiento de sus ideales, laboriosidad, honestidad acrisolada, patriotismo, esp\u00edritu de servicio y vida ejemplar, exista un mejor ciudadano y una patria justa y feliz, como la so\u00f1\u00f3 el padre de la Patria.<\/p>\n\n\n\n<p><\/p>\n\n\n\n<p>El Pte. Inst. Duartiano, Wilson G\u00f3mez, interviene luego del acto conmemorativo.<\/p>\n\n\n\n<p>Diferentes aspectos de la ofrenda floral depositada este martes por los &nbsp;Duartianospor el aniversario del fallecimiento de Mella.<\/p>\n\n\n\n<p><strong>LINKS PARA VER O DESCARGAR V\u00cdDEO:<\/strong><\/p>\n\n\n\n<p><strong>Por YouTube:<\/strong><\/p>\n\n\n\n<figure class=\"wp-block-embed is-type-video is-provider-youtube wp-block-embed-youtube wp-embed-aspect-16-9 wp-has-aspect-ratio\"><div class=\"wp-block-embed__wrapper\">\n<iframe loading=\"lazy\" title=\"Preocupa al Instituto Duartiano dilaci\u00f3n internacional ante crisis en Hait\u00ed\" width=\"616\" height=\"347\" src=\"https:\/\/www.youtube.com\/embed\/8CPWBIP5-Nc?feature=oembed\" frameborder=\"0\" allow=\"accelerometer; autoplay; clipboard-write; encrypted-media; gyroscope; picture-in-picture; web-share\" referrerpolicy=\"strict-origin-when-cross-origin\" allowfullscreen><\/iframe>\n<\/div><\/figure>\n","protected":false},"excerpt":{"rendered":"<p>Directivos del Instituto Duartiano rinden tributo al patricio. En una ofrenda floral por el 160 aniversario del fallecimiento Ram\u00f3n Mat\u00edas Mella, el presidente del organismo, Wilson G\u00f3mez Ram\u00edrez, reconoci\u00f3 en este singular h\u00e9roe un ejemplo de consagraci\u00f3n y entrega a favor de la patria. Santo Domingo, Rep\u00fablica Dominicana.-&nbsp;El presidente del Instituto Duartiano, Wilson G\u00f3mez Ram\u00edrez, [&hellip;]<\/p>\n","protected":false},"author":28,"featured_media":535322,"comment_status":"closed","ping_status":"closed","sticky":false,"template":"","format":"standard","meta":{"footnotes":""},"categories":[36,26,19],"tags":[],"class_list":["post-535321","post","type-post","status-publish","format-standard","has-post-thumbnail","hentry","category-hombresmujeresycosas","category-efemerides","category-mi-voz"],"_links":{"self":[{"href":"https:\/\/diariodominicano.com\/index.php?rest_route=\/wp\/v2\/posts\/535321","targetHints":{"allow":["GET"]}}],"collection":[{"href":"https:\/\/diariodominicano.com\/index.php?rest_route=\/wp\/v2\/posts"}],"about":[{"href":"https:\/\/diariodominicano.com\/index.php?rest_route=\/wp\/v2\/types\/post"}],"author":[{"embeddable":true,"href":"https:\/\/diariodominicano.com\/index.php?rest_route=\/wp\/v2\/users\/28"}],"replies":[{"embeddable":true,"href":"https:\/\/diariodominicano.com\/index.php?rest_route=%2Fwp%2Fv2%2Fcomments&post=535321"}],"version-history":[{"count":3,"href":"https:\/\/diariodominicano.com\/index.php?rest_route=\/wp\/v2\/posts\/535321\/revisions"}],"predecessor-version":[{"id":535326,"href":"https:\/\/diariodominicano.com\/index.php?rest_route=\/wp\/v2\/posts\/535321\/revisions\/535326"}],"wp:featuredmedia":[{"embeddable":true,"href":"https:\/\/diariodominicano.com\/index.php?rest_route=\/wp\/v2\/media\/535322"}],"wp:attachment":[{"href":"https:\/\/diariodominicano.com\/index.php?rest_route=%2Fwp%2Fv2%2Fmedia&parent=535321"}],"wp:term":[{"taxonomy":"category","embeddable":true,"href":"https:\/\/diariodominicano.com\/index.php?rest_route=%2Fwp%2Fv2%2Fcategories&post=535321"},{"taxonomy":"post_tag","embeddable":true,"href":"https:\/\/diariodominicano.com\/index.php?rest_route=%2Fwp%2Fv2%2Ftags&post=535321"}],"curies":[{"name":"wp","href":"https:\/\/api.w.org\/{rel}","templated":true}]}}