{"id":53528,"date":"2020-05-26T13:56:44","date_gmt":"2020-05-26T13:56:44","guid":{"rendered":"http:\/\/diariodominicano.ddns.net\/?p=53528"},"modified":"2020-05-26T13:56:44","modified_gmt":"2020-05-26T13:56:44","slug":"profesor-del-liceo-cientifico-de-villa-tapia-gana-concurso-tecnologico-con-proyecto-drone","status":"publish","type":"post","link":"https:\/\/diariodominicano.com\/?p=53528","title":{"rendered":"Profesor del Liceo Cient\u00edfico de Villa Tapia gana concurso tecnol\u00f3gico con Proyecto Drone"},"content":{"rendered":"<p><body><\/p>\n<p><img decoding=\"async\" src=\"img3\/profesorvillata26.jpg\" \/>  <\/p>\n<p><span class=\"text1noticias\"> <\/span><\/p>\n<p><span class=\"text1noticias\">diariodominicano.com <\/span><\/p>\n<p><span class=\"text1noticias\"> <\/span><\/p>\n<p><span class=\"text1noticias\">Salcedo, HERMANAS MIRABAL, R. D., 26 de mayo, 2020.- El profesor Jos\u00e9 Enrique Ulloa del Liceo Cient\u00edfico Dr. Miguel Canela L\u00e1zaro, del municipio Villa Tapia, gan\u00f3 la cuarta edici\u00f3n del concurso Fondo de Innovacio?n de Instituto 512, creado por INICIA Educaci\u00f3n, con un proyecto tecnol\u00f3gico sobre la ense\u00f1anza por medio del uso de drones. <\/span><\/p>\n<\/p>\n<p><span class=\"text1noticias\">En el concurso, dirigido a maestros del sector p\u00fablico y privado, fueron presentados 29 proyectos, de los cuales 10 resultaron finalistas y de esos, cuatro ganadores seleccionados por una comisi\u00f3n de Inicia Educaci\u00f3n. <\/span><\/p>\n<\/p>\n<p><span class=\"text1noticias\">Jos\u00e9 Enrique Ulloa, maestro emprendedor de 24 a\u00f1os, obtuvo el reconocimiento a trav\u00e9s de su presentaci\u00f3n \u00abProyecto Drone\u00bb, mediante el cual plante\u00f3 la implementaci\u00f3n para la creaci\u00f3n de esta tecnolog\u00eda, como extensi\u00f3n del programa de Rob\u00f3tica del Ministerio de Educaci\u00f3n, con el objetivo de que los estudiantes puedan crear piezas tradicionales para hacer drones y utilizar impresoras 3D. <\/span><\/p>\n<\/p>\n<p><span class=\"text1noticias\">El proyecto ser\u00e1 aplicado a partir del pr\u00f3ximo a\u00f1o escolar 2020-2021, donde los estudiantes del Liceo Cient\u00edfico Dr. Miguel Canela L\u00e1zaro ser\u00e1n los principales beneficiados con capacitaciones en \u00abdron\u00f3tica\u00bb, que le servir\u00e1 como base fundamental a la que pocos alumnos a nivel mundial tienen alcance.<\/span><\/p>\n<\/p>\n<p><span class=\"text1noticias\">Ulloa dijo que esta capacitaci\u00f3n ser\u00e1 \u00fatil, sobre todo, para los educandos que se inclinen por la ingeniera mecatr\u00f3nica, electr\u00f3nica, programaci\u00f3n, ingenier\u00eda en software y rob\u00f3tica, entre otras carreras afines. <\/span><\/p>\n<\/p>\n<p><span class=\"text1noticias\">El profesor agradeci\u00f3 la distinci\u00f3n e inst\u00f3 a sus hom\u00f3logos a participar en tan importante iniciativa, que brinda la oportunidad de desarrollar sus talentos, adem\u00e1s, proyectar su centro educativo. <\/span><\/p>\n<\/p>\n<p><span class=\"text1noticias\">El Fondo de Iniciativas Innovadoras en Educaci\u00f3n Secundaria es una propuesta de INICIA Educaci\u00f3n que surge a partir del a\u00f1o 2017. El objetivo es generar y divulgar propuestas de innovaci\u00f3n para la educaci\u00f3n secundaria, creadas por docentes del sistema educativo nacional y que se nutren de la riqueza que se construye d\u00eda a d\u00eda dentro de las aulas dominicanas.<\/span><\/p>\n<\/p>\n<p><span class=\"text1noticias\">Fuente: Direcci\u00f3n de Comunicaci\u00f3n y Relaciones P\u00fablicas <\/span><\/p>\n<p><span class=\"text1noticias\">Ministerio Educaci\u00f3n Rep\u00fablica Dominica<\/span><\/p>\n<h6> 2020-05-26 13:56:44 <\/h6>\n<p><!--\n<link rel=\"stylesheet\" href=\"css\/bootstrap.min.css\">\n\n\n<ul class=\"pagination\">\n\t    \n\t\n\n<li >\n\t<a href='?page_no=575'>Previous<\/a>\n\t<\/li>\n\n\n       \n    \n\n<li><a href='?page_no=1'>1<\/a><\/li>\n\n\n\n<li><a href='?page_no=2'>2<\/a><\/li>\n\n\n\n<li><a>...<\/a><\/li>\n\n\n\n<li><a href='?page_no=574'>574<\/a><\/li>\n\n\n\n<li><a href='?page_no=575'>575<\/a><\/li>\n\n\n\n<li class='active'><a>576<\/a><\/li>\n\n\n\n<li><a href='?page_no=577'>577<\/a><\/li>\n\n\n\n<li><a href='?page_no=578'>578<\/a><\/li>\n\n\n\n<li><a>...<\/a><\/li>\n\n\n\n<li><a href='?page_no=22911'>22911<\/a><\/li>\n\n\n\n<li><a href='?page_no=22912'>22912<\/a><\/li>\n\n    \n\t\n\n<li >\n\t<a href='?page_no=577'>Next<\/a>\n\t<\/li>\n\n\n    \n\n<li><a href='?page_no=22912'>Last &rsaquo;&rsaquo;<\/a><\/li>\n\n<\/ul>\n\n\n--><br \/>\n<\/body><\/p>\n","protected":false},"excerpt":{"rendered":"<p>diariodominicano.com Salcedo, HERMANAS MIRABAL, R. D., 26 de mayo, 2020.- El profesor Jos\u00e9 Enrique Ulloa del Liceo Cient\u00edfico Dr. Miguel Canela L\u00e1zaro, del municipio Villa Tapia, gan\u00f3 la cuarta edici\u00f3n del concurso Fondo de Innovacio?n de Instituto 512, creado por INICIA Educaci\u00f3n, con un proyecto tecnol\u00f3gico sobre la ense\u00f1anza por medio del uso de drones. [&hellip;]<\/p>\n","protected":false},"author":3,"featured_media":0,"comment_status":"open","ping_status":"open","sticky":false,"template":"","format":"standard","meta":{"footnotes":""},"categories":[21],"tags":[],"class_list":["post-53528","post","type-post","status-publish","format-standard","hentry","category-cultura"],"_links":{"self":[{"href":"https:\/\/diariodominicano.com\/index.php?rest_route=\/wp\/v2\/posts\/53528","targetHints":{"allow":["GET"]}}],"collection":[{"href":"https:\/\/diariodominicano.com\/index.php?rest_route=\/wp\/v2\/posts"}],"about":[{"href":"https:\/\/diariodominicano.com\/index.php?rest_route=\/wp\/v2\/types\/post"}],"author":[{"embeddable":true,"href":"https:\/\/diariodominicano.com\/index.php?rest_route=\/wp\/v2\/users\/3"}],"replies":[{"embeddable":true,"href":"https:\/\/diariodominicano.com\/index.php?rest_route=%2Fwp%2Fv2%2Fcomments&post=53528"}],"version-history":[{"count":0,"href":"https:\/\/diariodominicano.com\/index.php?rest_route=\/wp\/v2\/posts\/53528\/revisions"}],"wp:attachment":[{"href":"https:\/\/diariodominicano.com\/index.php?rest_route=%2Fwp%2Fv2%2Fmedia&parent=53528"}],"wp:term":[{"taxonomy":"category","embeddable":true,"href":"https:\/\/diariodominicano.com\/index.php?rest_route=%2Fwp%2Fv2%2Fcategories&post=53528"},{"taxonomy":"post_tag","embeddable":true,"href":"https:\/\/diariodominicano.com\/index.php?rest_route=%2Fwp%2Fv2%2Ftags&post=53528"}],"curies":[{"name":"wp","href":"https:\/\/api.w.org\/{rel}","templated":true}]}}